{"id":5433,"date":"2013-09-16T21:59:52","date_gmt":"2013-09-16T21:59:52","guid":{"rendered":"http:\/\/pcb.org.br\/portal2\/?p=5433"},"modified":"2013-09-16T21:59:52","modified_gmt":"2013-09-16T21:59:52","slug":"em-dez-anos-pais-ve-deflacao-de-carro-usado-e-alta-de-mais-de-100-do-onibus","status":"publish","type":"post","link":"https:\/\/pcb.org.br\/portal2\/5433","title":{"rendered":"Em dez anos, Pa\u00eds v\u00ea defla\u00e7\u00e3o de carro usado e alta de mais de 100% do \u00f4nibus"},"content":{"rendered":"\n<p>\u00a0<\/p>\n<p class=\"MsoNormal\" style=\"margin-bottom: .0001pt; line-height: normal;\"><span style=\"font-family: \" color:=\"color:\" black;=\"black;\" mso-themecolor:=\"mso-themecolor:\" text1;\"=\"text1;\"\">Os n\u00fameros foram retirados dos c\u00e1lculos do \u00edndice de Pre\u00e7os ao Consumidor Amplo (IPCA), do Instituto Brasileiro de Geografia e Estat\u00edstica (IBGE). Eles revelam que, enquanto o pre\u00e7o dos \u00f4nibus urbanos subiu 111% desde 2002, por exemplo, o custo de um carro novo cresceu 6,3%, Como a infla\u00e7\u00e3o m\u00e9dia acumulada nesse per\u00edodo foi de 82,9%, isso significa que andar de \u00f4nibus ficou mais caro, enquanto comprar um carro zero km ficou bem mais barato. A diferen\u00e7a fica ainda maior quando se compara com o custo de um carro usado, que mesmo nominalmente apresentou varia\u00e7\u00e3o negativa de 19,1% no per\u00edodo.<\/span><\/p>\n<p class=\"MsoNormal\" style=\"margin-bottom: .0001pt; line-height: normal;\"><span style=\"font-family: \" color:=\"color:\" black;=\"black;\" mso-themecolor:=\"mso-themecolor:\" text1;\"=\"text1;\"\">Outros gastos relacionados \u00e0 manuten\u00e7\u00e3o de um ve\u00edculo pr\u00f3prio tamb\u00e9m ficaram abaixo que a infla\u00e7\u00e3o, como a gasolina (43,9%) e seguro automotivo (40,5%). Por outro lado, o custo do metr\u00f4 subiu mais do que a infla\u00e7\u00e3o (93,9%). Esses dois movimentos contr\u00e1rios podem estar relacionados, segundo especialistas. Isso porque o governo federal incentivou a compra de carros ao diminuir, desde 2008, impostos pagos pelas montadoras. Al\u00e9m disso, o crescimento da renda e do cr\u00e9dito eleva o poder de compra do consumidor, o que d\u00e1 ganho de escala \u00e0 ind\u00fastria automobil\u00edstica e incentiva a competi\u00e7\u00e3o entre fabricantes, for\u00e7ando pre\u00e7os mais baratos.<\/span><\/p>\n<p class=\"MsoNormal\" style=\"margin-bottom: .0001pt; line-height: normal;\"><span style=\"font-family: \" color:=\"color:\" black;=\"black;\" mso-themecolor:=\"mso-themecolor:\" text1;\"=\"text1;\"\">Um n\u00famero maior de ve\u00edculos nas mas significa, por\u00e9m, mais congestionamentos. Segundo o Departamento Nacional de Tr\u00e2nsito (Denatxan), a frota de carros no Brasil quase dobrou entre 2003 e 2012&#8243;, passando de 23 milh\u00f5es para 42 milh\u00f5es de unidades. Isso se reflete no custo do transporte p\u00fablico, j\u00e1 que os \u00f4nibus andam mais devagar quando o tr\u00e2nsito est\u00e1 lento. Pesquisa do Instituto de Pesquisa Econ\u00f4mica Aplicada (Ipea) mostrou que 16% do custo da tarifa de \u00f4nibus em S\u00e3o Paulo se deve aos engarrafamentos. &#8220;O que se v\u00ea \u00e9 um claro incentivo para o transporte privado&#8221;, afirmou Gustavo Fernandes, professor de gest\u00e3o p\u00fablica da Funda\u00e7\u00e3o Get\u00falio Vargas (FGV).<\/span><\/p>\n<p class=\"MsoNormal\" style=\"margin-bottom: .0001pt; line-height: normal;\"><span style=\"font-family: \" color:=\"color:\" black;=\"black;\" mso-themecolor:=\"mso-themecolor:\" text1;\"=\"text1;\"\">Para ele, o aumento no pre\u00e7o dos \u00f4nibus, pode significar tanto um crescimento no lucro das empresas que exploram as concess\u00f5es quanto uma queda de efici\u00eancia do sistema. &#8220;As duas hip\u00f3teses podem ocorrer simultaneamente&#8221; disse. Para Alexandre Gomide, pesquisador do Ipea, o problema \u00e9 que as pol\u00edticas de isen\u00e7\u00e3o fiscal aos autom\u00f3veis n\u00e3o consideram o impacto dos congestionamentos tem na economia. Em 2012, pesquisa da FGV revelou que s\u00f3 S\u00e3o Paulo perdeu R$ 40 bilh\u00f5es naquele ano com a lentid\u00e3o no tr\u00e2nsito. J\u00e1 o presidente da Associa\u00e7\u00e3o Nacional dos Fabricantes de Ve\u00edculos Automotores (Anfavea), Luiz Moan, acredita que o transporte p\u00fablico e o individual s\u00e3o complementares.<\/span><\/p>\n<p class=\"MsoNormal\" style=\"margin-bottom: .0001pt; line-height: normal;\"><span style=\"font-family: \" color:=\"color:\" black;=\"black;\" mso-themecolor:=\"mso-themecolor:\" text1;\"=\"text1;\"\">&#8220;Nossa posi\u00e7\u00e3o \u00e9 de aplaudir as melhorias no transporte coletivo. O usu\u00e1rio de autom\u00f3vel vai usar um transporte coletivo de qualidade quando ele existir, mesmo que para isso ele v\u00e1 \u00e0 esta\u00e7\u00e3o e estacione o carro l\u00e1.&#8221;<\/span><\/p>\n<p class=\"MsoNormal\" style=\"margin-bottom: .0001pt; line-height: normal;\"><span style=\"font-family: \" color:=\"color:\" black;=\"black;\" mso-themecolor:=\"mso-themecolor:\" text1;\"=\"text1;\"\"> <\/span><\/p>\n<p class=\"MsoNormal\" style=\"margin-bottom: .0001pt; line-height: normal;\"><span style=\"font-family: \" color:=\"color:\" black;=\"black;\" mso-themecolor:=\"mso-themecolor:\" text1;\"=\"text1;\"\">_____________________________________________________<\/span><\/p>\n<p class=\"MsoNormal\" style=\"margin-bottom: .0001pt; line-height: normal;\"><span style=\"font-family: \" color:=\"color:\" black;=\"black;\" mso-themecolor:=\"mso-themecolor:\" text1;\"=\"text1;\"\"> <\/span><\/p>\n<p class=\"MsoNormal\" style=\"margin-bottom: .0001pt; line-height: normal;\"><strong><span style=\"font-family: \" color:=\"color:\" black;=\"black;\" mso-themecolor:=\"mso-themecolor:\" text1;\"=\"text1;\"\">Ap\u00f3s acordo na S\u00edria, Obama repete amea\u00e7a de ataque americano ao Ir\u00e3<\/span><\/strong><\/p>\n<p class=\"MsoNormal\" style=\"margin-bottom: .0001pt; line-height: normal;\"><em><span style=\"font-family: \" color:=\"color:\" black;=\"black;\" mso-themecolor:=\"mso-themecolor:\" text1;\"=\"text1;\"\">O Estado de S. Paulo<\/span><\/em><\/p>\n<p class=\"MsoNormal\" style=\"margin-bottom: .0001pt; line-height: normal;\"><span style=\"font-family: \" color:=\"color:\" black;=\"black;\" mso-themecolor:=\"mso-themecolor:\" text1;\"=\"text1;\"\"> <\/span><\/p>\n<p class=\"MsoNormal\" style=\"margin-bottom: .0001pt; line-height: normal;\"><span style=\"font-family: \" color:=\"color:\" black;=\"black;\" mso-themecolor:=\"mso-themecolor:\" text1;\"=\"text1;\"\">O acordo diplom\u00e1tico que evitou um ataque dos Estados Unidos \u00e0 S\u00edria n\u00e3o sinaliza que esteja afastada a possibilidade de uma a\u00e7\u00e3o militar para impedir que o Ir\u00e3 obtenha armas nucleares, afirmou ontem o presidente Barack Obama.<\/span><\/p>\n<p class=\"MsoNormal\" style=\"margin-bottom: .0001pt; line-height: normal;\"><span style=\"font-family: \" color:=\"color:\" black;=\"black;\" mso-themecolor:=\"mso-themecolor:\" text1;\"=\"text1;\"\">&#8220;Os iranianos n\u00e3o devem concluir que porque n\u00f3s n\u00e3o atacamos n\u00f3s n\u00e3o vamos atacar o Ir\u00e3.&#8221; Segundo o presidente, a quest\u00e3o nuclear \u00e9 &#8220;muito maior&#8221; para os EUA do que o problema, de armas qu\u00edmicas na S\u00edria e est\u00e1 muito mais pr\u00f3xima, dos interesses estrat\u00e9gicos dos americanos no Oriente M\u00e9dio, na medida em que representa uma amea\u00e7a direta a Israel. &#8220;Uma corrida nuclear na regi\u00e3o \u00e9 algo que seria profundamente desestabilizador&#8221;, disse Obama em entrevista \u00e0 rede de TV ABC. Al\u00e9m de Teer\u00e3, a advert\u00eancia tamb\u00e9m tem por alvo os aliados americanos no Oriente M\u00e9dio, abalados pela maneira err\u00e1tica com que Obama administrou a crise com a S\u00edria.<\/span><\/p>\n<p class=\"MsoNormal\" style=\"margin-bottom: .0001pt; line-height: normal;\"><span style=\"font-family: \" color:=\"color:\" black;=\"black;\" mso-themecolor:=\"mso-themecolor:\" text1;\"=\"text1;\"\">Depois de recuar duas vezes da amea\u00e7a de atacar as for\u00e7as de Bashar Assad, o presidente foi salvo por Vladimir Putin de uma prov\u00e1vel derrota humilhante no Congresso em seu pedido de autoriza\u00e7\u00e3o para agir contra a S\u00edria. &#8220;Aliados dos EUA est\u00e3o alarmados pelas s\u00fabitas mudan\u00e7as na pol\u00edtica americana e v\u00e3o questionar o grau de comprometimento dos EUA com a sua seguran\u00e7a&#8221; avaliou Ayham Kamel, analista de Oriente M\u00e9dio do Eurasia Group. Para John Judis, editor s\u00eanior da revista New Rep\u00fablic, o pacto alcan\u00e7ado entre russos e norte-americanos no s\u00e1bado para destrui\u00e7\u00e3o do arsenal qu\u00edmico de Assad poder\u00e1 ofuscar as &#8220;trapalhadas&#8221; que o antecederam.<\/span><\/p>\n<p class=\"MsoNormal\" style=\"margin-bottom: .0001pt; line-height: normal;\"><span style=\"font-family: \" color:=\"color:\" black;=\"black;\" mso-themecolor:=\"mso-themecolor:\" text1;\"=\"text1;\"\">&#8220;O acordo \u00e9 uma conquista significativa&#8221; ponderou Judis, que tamb\u00e9m \u00e9 acad\u00eamico visitante do Carnegie Endowment for International.Peace. Pesquisa realizada em Israel na quarta-feira, antes do an\u00fancio do acordo, mostrou que 67% dos entrevistados avaliaram com.o malsucedida a maneira pela qual Obama administrou a crise. Para 48%, Putin foi o grande vencedor do confronto, seguido por Assad (29%). E 76% disseram n\u00e3o acreditar que o regime s\u00edrio abrir\u00e1 m\u00e3o de suas armas qu\u00edmicas.<\/span><\/p>\n<p class=\"MsoNormal\" style=\"margin-bottom: .0001pt; line-height: normal;\"><span style=\"font-family: \" color:=\"color:\" black;=\"black;\" mso-themecolor:=\"mso-themecolor:\" text1;\"=\"text1;\"\">Obama refutou as cr\u00edticas ontem e disse que est\u00e1 menos preocupado com estilo do que com a obten\u00e7\u00e3o de resultados, que ele acredita terem sido alcan\u00e7ados pelo acordo negociado entre o secret\u00e1rio de Estado, John Kerry, e o ministro das Rela\u00e7\u00f5es Exteriores da R\u00fassia, Sergei Lavrov.<\/span><\/p>\n<p class=\"MsoNormal\" style=\"margin-bottom: .0001pt; line-height: normal;\"><span style=\"font-family: \" color:=\"color:\" black;=\"black;\" mso-themecolor:=\"mso-themecolor:\" text1;\"=\"text1;\"\">Kerry chegou ontem a Israel para uma conversa com o primeiro-ministro, Benjamin Netanyahu. O presidente tamb\u00e9m minimizou o fato de que Putin foi o protagonista da iniciativa que levou \u00e0 sa\u00edda diplom\u00e1tica. &#8220;Isso n\u00e3o \u00e9 a Guerra .Fria. Isso n\u00e3o \u00e9 uma competi\u00e7\u00e3o entre os EUA e a R\u00fassia. Se a R\u00fassia quiser ter alguma influ\u00eancia na. S\u00edria p\u00f3s-Assad, isso n\u00e3o prejudica nossos interesses&#8221;, declarou Obama, pressupondo como inevit\u00e1vel a queda do regime. Mas esse cen\u00e1rio parece ter sido dificultado pelo pacto anunciado no s\u00e1bado, que representou um golpe para a oposi\u00e7\u00e3o.<\/span><\/p>\n<p class=\"MsoNormal\" style=\"margin-bottom: .0001pt; line-height: normal;\"><span style=\"font-family: \" color:=\"color:\" black;=\"black;\" mso-themecolor:=\"mso-themecolor:\" text1;\"=\"text1;\"\">Os rebeldes contavam com os ataques americanos para ganhar terreno na luta.. &#8220;Os \u00fanicos perdedores nessa negocia\u00e7\u00e3o s\u00e3o provavelmente os rebeldes&#8221;, opinou Judis, Apesar de Obama continuar a desejar sua sa\u00edda, \u00e9 ineg\u00e1vel que Assad saiu fortalecido da crise, que o transformou em interlocutor da comunidade internacional na busca de uma solu\u00e7\u00e3o negociada para a guerra civil e a quest\u00e3o de armas qu\u00edmicas. Durante a entrevista, o presidente ressaltou que os EUA querem ver uma S\u00edria &#8220;est\u00e1vel&#8221;, e que isso ser\u00e1 improv\u00e1vel com a perman\u00eancia de Assad no poder.<\/span><\/p>\n<p class=\"MsoNormal\" style=\"margin-bottom: .0001pt; line-height: normal;\"><span style=\"font-family: \" color:=\"color:\" black;=\"black;\" mso-themecolor:=\"mso-themecolor:\" text1;\"=\"text1;\"\">&#8220;\u00c9 dif\u00edcil imaginar como o sr. Assad vai retomar qualquer legitimidade depois de ele &#8211; ou o seu Ex\u00e9rcito &#8211; intoxicar com g\u00e1s civis e crian\u00e7as inocentes.&#8221; Brit\u00e2nico e iraniano marcam reuni\u00e3o O minist\u00e9rio de Rela\u00e7\u00f5es Exteriores da Gr\u00e3-Bretanha confirmou ontem que o chanceler do pa\u00eds, William Hague, ter\u00e1 uma reuni\u00e3o com seu colega iraniano, Javad Zarif. O encontro deve acontecer at\u00e9 o fim do m\u00eas em Nova York, durante a Assembleia Geral da ONU.<\/span><\/p>\n<p class=\"MsoNormal\" style=\"margin-bottom: .0001pt; line-height: normal;\"><span style=\"font-family: \" color:=\"color:\" black;=\"black;\" mso-themecolor:=\"mso-themecolor:\" text1;\"=\"text1;\"\"> <\/span><\/p>\n<p class=\"MsoNormal\" style=\"margin-bottom: .0001pt; line-height: normal;\"><span style=\"font-family: \" color:=\"color:\" black;=\"black;\" mso-themecolor:=\"mso-themecolor:\" text1;\"=\"text1;\"\">_____________________________________________________<\/span><\/p>\n<p class=\"MsoNormal\" style=\"margin-bottom: .0001pt; line-height: normal;\"><span style=\"font-family: \" color:=\"color:\" black;=\"black;\" mso-themecolor:=\"mso-themecolor:\" text1;\"=\"text1;\"\"> <\/span><\/p>\n<p class=\"MsoNormal\" style=\"margin-bottom: .0001pt; line-height: normal;\"><strong><span style=\"font-family: \" color:=\"color:\" black;=\"black;\" mso-themecolor:=\"mso-themecolor:\" text1;\"=\"text1;\"\">BIS v\u00ea fim do cr\u00e9dito f\u00e1cil a emergentes<\/span><\/strong><\/p>\n<p class=\"MsoNormal\" style=\"margin-bottom: .0001pt; line-height: normal;\"><em><span style=\"font-family: \" color:=\"color:\" black;=\"black;\" mso-themecolor:=\"mso-themecolor:\" text1;\"=\"text1;\"\">O Estado de S. Paulo<\/span><\/em><\/p>\n<p class=\"MsoNormal\" style=\"margin-bottom: .0001pt; line-height: normal;\"><span style=\"font-family: \" color:=\"color:\" black;=\"black;\" mso-themecolor:=\"mso-themecolor:\" text1;\"=\"text1;\"\"> <\/span><\/p>\n<p class=\"MsoNormal\" style=\"margin-bottom: .0001pt; line-height: normal;\"><span style=\"font-family: \" color:=\"color:\" black;=\"black;\" mso-themecolor:=\"mso-themecolor:\" text1;\"=\"text1;\"\">Pa\u00edses emergentes com as contas externas mais fr\u00e1geis foram os que mais sofreram com a fuga de investidores estrangeiros e a conseq\u00fcente desvaloriza\u00e7\u00e3o cambial em junho e julho. A avalia\u00e7\u00e3o consta do Relat\u00f3rio Trimestral do Banco de Compensa\u00e7\u00f5es Internacionais (BIS, na sigla em ingl\u00eas) divulgado ontem. O Brasil \u00e9 citado como um dos exemplos de pa\u00edses que tiveram piora nas contas externas e, por isso, o real sofreu. Para qf BIS, o atual quadro revela &#8220;o in\u00edcio do fim do cr\u00e9dito f\u00e1cil&#8221;.<\/span><\/p>\n<p class=\"MsoNormal\" style=\"margin-bottom: .0001pt; line-height: normal;\"><span style=\"font-family: \" color:=\"color:\" black;=\"black;\" mso-themecolor:=\"mso-themecolor:\" text1;\"=\"text1;\"\">A entidade que re\u00fane os bancos centrais de todo 0 mundo foi direta ao analisar a recente onda de desvaloriza\u00e7\u00e3o de moedas emergentes. &#8220;O endurecimento das condi\u00e7\u00f5es financeiras gerou s\u00e9rias turbul\u00eancias nos emergentes. Isso, somado \u00e0s perspectivas deterioradas de crescimento, acabou intensificando a press\u00e3o sobre os mercados locais de d\u00edvida, de a\u00e7\u00f5es e moedas, o que agravou a vulnerabilidade gerada pela depend\u00eancia do capital estrangeiro vol\u00e1til&#8221;, diz o documento, que analisou as conseq\u00fc\u00eancias da perspectiva de mudan\u00e7a de rumo na pol\u00edtica monet\u00e1ria nos EUA.<\/span><\/p>\n<p class=\"MsoNormal\" style=\"margin-bottom: .0001pt; line-height: normal;\"><span style=\"font-family: \" color:=\"color:\" black;=\"black;\" mso-themecolor:=\"mso-themecolor:\" text1;\"=\"text1;\"\">Para os banqueiros centrais, alguns pa\u00edses sofrem mais que os outros porque j\u00e1 demonstram vulnerabilidades antes mesmo da mudan\u00e7a esperada nos EUA. O principal problema \u00e9 a fraqueza nas contas externas e a conseq\u00fcente depend\u00eancia de financiamento externo. No caso espec\u00edfico do Brasil, a institui\u00e7\u00e3o diz que &#8220;o d\u00e9ficit nas contas externas, que aumentou mais r\u00e1pido que o esperado, acrescentou press\u00e3o sobre o real que sofria decorr\u00eancias da incerteza pol\u00edtica&#8221;<\/span><\/p>\n<p class=\"MsoNormal\" style=\"margin-bottom: .0001pt; line-height: normal;\"><span style=\"font-family: \" color:=\"color:\" black;=\"black;\" mso-themecolor:=\"mso-themecolor:\" text1;\"=\"text1;\"\"> <\/span><\/p>\n<p class=\"MsoNormal\" style=\"margin-bottom: .0001pt; line-height: normal;\"><span style=\"font-family: \" color:=\"color:\" black;=\"black;\" mso-themecolor:=\"mso-themecolor:\" text1;\"=\"text1;\"\">_____________________________________________________<\/span><\/p>\n<p class=\"MsoNormal\" style=\"margin-bottom: .0001pt; line-height: normal;\"><span style=\"font-family: \" color:=\"color:\" black;=\"black;\" mso-themecolor:=\"mso-themecolor:\" text1;\"=\"text1;\"\"> <\/span><\/p>\n<p class=\"MsoNormal\" style=\"margin-bottom: .0001pt; line-height: normal;\"><strong><span style=\"font-family: \" color:=\"color:\" black;=\"black;\" mso-themecolor:=\"mso-themecolor:\" text1;\"=\"text1;\"\">Governo est\u00e1 longe da meta de super\u00e1vit prim\u00e1rio de 2,3% do PIB<\/span><\/strong><\/p>\n<p class=\"MsoNormal\" style=\"margin-bottom: .0001pt; line-height: normal;\"><em><span style=\"font-family: \" color:=\"color:\" black;=\"black;\" mso-themecolor:=\"mso-themecolor:\" text1;\"=\"text1;\"\">O Globo<\/span><\/em><\/p>\n<p class=\"MsoNormal\" style=\"margin-bottom: .0001pt; line-height: normal;\"><span style=\"font-family: \" color:=\"color:\" black;=\"black;\" mso-themecolor:=\"mso-themecolor:\" text1;\"=\"text1;\"\"> <\/span><\/p>\n<p class=\"MsoNormal\" style=\"margin-bottom: .0001pt; line-height: normal;\"><span style=\"font-family: \" color:=\"color:\" black;=\"black;\" mso-themecolor:=\"mso-themecolor:\" text1;\"=\"text1;\"\">Reserva de R$10 bilh\u00f5es da Fazenda n\u00e3o cobrir\u00e1 gastos dos estados Bras\u00edlia &#8211; Se n\u00e3o lan\u00e7ar m\u00e3o de receitas extraordin\u00e1rias, como fez no ano passado, o governo dificilmente alcan\u00e7ar\u00e1 a meta de super\u00e1vit prim\u00e1rio de 2,3% do Produto Interno Bruto (PIB). O compromisso assumido pelo ministro da Fazenda, Guido Mantega, j\u00e1 considera o abatimento de gastos com o Programa de Acelera\u00e7\u00e3o do Crescimento (PAC).<\/span><\/p>\n<p class=\"MsoNormal\" style=\"margin-bottom: .0001pt; line-height: normal;\"><span style=\"font-family: \" color:=\"color:\" black;=\"black;\" mso-themecolor:=\"mso-themecolor:\" text1;\"=\"text1;\"\">Proje\u00e7\u00e3o do n\u00facleo fiscal da Consultoria de Or\u00e7amento e Fiscaliza\u00e7\u00e3o Financeira da C\u00e2mara dos Deputados mostra que, sem receitas extraordin\u00e1rias ou novos artif\u00edcios, a economia para o pagamento de juros da d\u00edvida chegar\u00e1, no m\u00e1ximo, a R$ 94,8 bilh\u00f5es ou 1,96% do PIB.<\/span><\/p>\n<p class=\"MsoNormal\" style=\"margin-bottom: .0001pt; line-height: normal;\"><span style=\"font-family: \" color:=\"color:\" black;=\"black;\" mso-themecolor:=\"mso-themecolor:\" text1;\"=\"text1;\"\">O problema principal \u00e9 a parcela do super\u00e1vit de responsabilidade de estados e munic\u00edpios. O Minist\u00e9rio da Fazenda anunciou que disp\u00f5e de uma reserva de R$ 10 bilh\u00f5es para compensar a economia que n\u00e3o ser\u00e1 alcan\u00e7ada por esses entes, mas, pelos c\u00e1lculos dos t\u00e9cnicos, ser\u00e3o necess\u00e1rios R$ 16,4 bilh\u00f5es para alcan\u00e7ar a meta. A estimativa \u00e9 que, em vez de economizar 0,79% do PIB, os governos regionais conseguir\u00e3o realizar um esfor\u00e7o fiscal de, no m\u00e1ximo, 0,45% do PIB.<\/span><\/p>\n<p class=\"MsoNormal\" style=\"margin-bottom: .0001pt; line-height: normal;\"><strong><span style=\"font-family: \" color:=\"color:\" black;=\"black;\" mso-themecolor:=\"mso-themecolor:\" text1;\"=\"text1;\"\">Economia est\u00e1 em 1,96%<\/span><\/strong><\/p>\n<p class=\"MsoNormal\" style=\"margin-bottom: .0001pt; line-height: normal;\"><span style=\"font-family: \" color:=\"color:\" black;=\"black;\" mso-themecolor:=\"mso-themecolor:\" text1;\"=\"text1;\"\">O especialista em finan\u00e7as p\u00fablicas Gabriel Leal de Barros, da Funda\u00e7\u00e3o Getulio Vargas (FGV), destacou que a Uni\u00e3o tem aumentado o limite de endividamento de estados e munic\u00edpios para permitir a amplia\u00e7\u00e3o dos investimentos em infraestrutura e aquecer a economia.<\/span><\/p>\n<p class=\"MsoNormal\" style=\"margin-bottom: .0001pt; line-height: normal;\"><span style=\"font-family: \" color:=\"color:\" black;=\"black;\" mso-themecolor:=\"mso-themecolor:\" text1;\"=\"text1;\"\">Na pr\u00e1tica, por\u00e9m, ao se comprometer com mais empr\u00e9stimos, os governos regionais economizam menos: \u2014 Os governos regionais reduziram pela metade o esfor\u00e7o fiscal que vinham fazendo na \u00faltima d\u00e9cada. No ano passado, o resultado foi de 0,5% e n\u00e3o deve passar disso este ano. No governo federal, destacou Barros, as despesas t\u00eam crescido em ritmo mais acelerado do que as receitas. Al\u00e9m disso, as desonera\u00e7\u00f5es t\u00eam dificultado o fechamento das contas. De janeiro a julho, os cofres p\u00fablicos deixaram de arrecadar R$ 43,7 bilh\u00f5es \u2014 75% a mais que o registrado no mesmo per\u00edodo de 2012.<\/span><\/p>\n<p class=\"MsoNormal\" style=\"margin-bottom: .0001pt; line-height: normal;\"><span style=\"font-family: \" color:=\"color:\" black;=\"black;\" mso-themecolor:=\"mso-themecolor:\" text1;\"=\"text1;\"\">Pelos dados do Banco Centrai, o super\u00e1vit prim\u00e1rio do setor p\u00fablico consolidado \u2014 governos central, regionais e estatais \u2014 alcan\u00e7ou R$ 88,2 bilh\u00f5es ou 1,91% do PIB no acumulado dos 12 meses completados em julho. A economia feita pelos governos regionais, por sua vez, est\u00e1 em R$ 16,4 bilh\u00f5es ou 0,36% do PIB. Para alcan\u00e7ar o resultado esperado pelo governo, estados e munic\u00edpios precisariam economizar mais R$ 21,6 bilh\u00f5es entre agosto e dezembro \u2014 m\u00e9dia de R$ 4,3 bilh\u00f5es por m\u00eas.<\/span><\/p>\n<p class=\"MsoNormal\" style=\"margin-bottom: .0001pt; line-height: normal;\"><span style=\"font-family: \" color:=\"color:\" black;=\"black;\" mso-themecolor:=\"mso-themecolor:\" text1;\"=\"text1;\"\">O economista Mansueto Almeida, do Instituto de Pesquisa Econ\u00f4mica Aplicada (Ipea), ponderou que, mesmo se a economia ficar em torno de 2% do PIB, o resultado n\u00e3o far\u00e1 diferen\u00e7a para o mercado, pois permitir\u00e1 a continuidade da redu\u00e7\u00e3o da d\u00edvida l\u00edquida em propor\u00e7\u00e3o ao PIB \u2014 sinal da capacidade do pa\u00eds de honrar seus compromissos.<\/span><\/p>\n<p>\u00a0<\/p>\n<p class=\"MsoNormal\" style=\"margin-bottom: .0001pt; line-height: normal;\"><span style=\"font-family: \" color:=\"color:\" black;=\"black;\" mso-themecolor:=\"mso-themecolor:\" text1;\"=\"text1;\"\">Mas, alertou: \u2014 No entanto, o mercado enxerga como tend\u00eancia uma piora nos resultados fiscais nos pr\u00f3ximos anos, devido ao crescimento das despesas \u2014 disse ele, lembrando que, no ano que vem, os gastos devem aumentar devido \u00e0s elei\u00e7\u00f5es.<\/span><\/p>\n","protected":false},"excerpt":{"rendered":"\nO Estado de S. Paulo\n \nPara especialistas, comportamento do custo do transporte mostra que pol\u00edtica do governo priorizou o ve\u00edculo individual em detrimento do coletivo Ter carro pr\u00f3prio nunca esteve t\u00e3o barato no Brasil, assim como andar de \u00f4nibus nunca esteve t\u00e3o caro. Levantamento feito pelo Estad\u00e3o Dados mostra que a infla\u00e7\u00e3o do transporte p\u00fablico no Pa\u00eds foi quatro vezes maior do que a infla\u00e7\u00e3o do transporte particular nos \u00faltimos dez anos. \n<a class=\"moretag\" href=\"https:\/\/pcb.org.br\/portal2\/5433\"> <\/a>","protected":false},"author":1,"featured_media":0,"comment_status":"open","ping_status":"open","sticky":false,"template":"","format":"standard","meta":{"jetpack_post_was_ever_published":false,"_jetpack_newsletter_access":"","_jetpack_dont_email_post_to_subs":false,"_jetpack_newsletter_tier_id":0,"_jetpack_memberships_contains_paywalled_content":false,"_jetpack_memberships_contains_paid_content":false,"footnotes":"","jetpack_publicize_message":"","jetpack_publicize_feature_enabled":true,"jetpack_social_post_already_shared":false,"jetpack_social_options":{"image_generator_settings":{"template":"highway","default_image_id":0,"font":"","enabled":false},"version":2}},"categories":[106],"tags":[],"class_list":["post-5433","post","type-post","status-publish","format-standard","hentry","category-c119-olhovivo"],"jetpack_publicize_connections":[],"jetpack_featured_media_url":"","jetpack_shortlink":"https:\/\/wp.me\/p659gw-1pD","jetpack-related-posts":[],"jetpack_likes_enabled":true,"jetpack_sharing_enabled":true,"_links":{"self":[{"href":"https:\/\/pcb.org.br\/portal2\/wp-json\/wp\/v2\/posts\/5433","targetHints":{"allow":["GET"]}}],"collection":[{"href":"https:\/\/pcb.org.br\/portal2\/wp-json\/wp\/v2\/posts"}],"about":[{"href":"https:\/\/pcb.org.br\/portal2\/wp-json\/wp\/v2\/types\/post"}],"author":[{"embeddable":true,"href":"https:\/\/pcb.org.br\/portal2\/wp-json\/wp\/v2\/users\/1"}],"replies":[{"embeddable":true,"href":"https:\/\/pcb.org.br\/portal2\/wp-json\/wp\/v2\/comments?post=5433"}],"version-history":[{"count":0,"href":"https:\/\/pcb.org.br\/portal2\/wp-json\/wp\/v2\/posts\/5433\/revisions"}],"wp:attachment":[{"href":"https:\/\/pcb.org.br\/portal2\/wp-json\/wp\/v2\/media?parent=5433"}],"wp:term":[{"taxonomy":"category","embeddable":true,"href":"https:\/\/pcb.org.br\/portal2\/wp-json\/wp\/v2\/categories?post=5433"},{"taxonomy":"post_tag","embeddable":true,"href":"https:\/\/pcb.org.br\/portal2\/wp-json\/wp\/v2\/tags?post=5433"}],"curies":[{"name":"wp","href":"https:\/\/api.w.org\/{rel}","templated":true}]}}