{"id":5436,"date":"2013-09-17T12:37:33","date_gmt":"2013-09-17T12:37:33","guid":{"rendered":"http:\/\/pcb.org.br\/portal2\/?p=5436"},"modified":"2017-08-25T05:17:26","modified_gmt":"2017-08-25T08:17:26","slug":"iniciados-os-debates-do-xv-congresso-nacional-do-pcb","status":"publish","type":"post","link":"https:\/\/pcb.org.br\/portal2\/5436","title":{"rendered":"Iniciados os debates do XV Congresso Nacional do PCB!"},"content":{"rendered":"<p><img data-recalc-dims=\"1\" decoding=\"async\" class=\"imagem\" title=\"imagem\" src=\"https:\/\/i0.wp.com\/lh5.googleusercontent.com\/-uQZrDEup5Po\/UjhJk2IV_cI\/AAAAAAAAG0E\/X_31VwsT6r4\/w529-h450-no\/XVCongresso%2BPCB.jpg?w=747&#038;ssl=1\" alt=\"imagem\" \/><!--more-->Pela primeira vez na hist\u00f3ria dos congressos do PCB, o XV Congresso, cuja etapa final ser\u00e1 nos dias 18 a 21 de abril de 2014, em S\u00e3o Paulo (SP), introduz duas altera\u00e7\u00f5es com vistas a aprofundar o debate do seu tem\u00e1rio nas bases e comit\u00eas intermedi\u00e1rios do Partido.<\/p>\n<p>Segundo as Normas j\u00e1 divulgadas \u00e0 milit\u00e2ncia, o XV Congresso ter\u00e1 duas etapas: um Congresso Regional Espec\u00edfico, culminando em novembro deste ano, e a etapa nacional do Congresso, de janeiro a abril de 2014.<\/p>\n<p>Outra novidade \u00e9 que, para a primeira etapa, o Comit\u00ea Central est\u00e1 apresentando Pr\u00e9-Teses que, como o nome diz, ainda n\u00e3o s\u00e3o as Teses para a etapa nacional. Depois de realizados os Congressos Regionais Espec\u00edficos, o Comit\u00ea Central, conhecendo o resultado dos debates pr\u00e9vios nas bases e comit\u00eas intermedi\u00e1rios, elaborar\u00e1 e divulgar\u00e1 o Caderno de Debates, no in\u00edcio de 2014, para um novo e amplo debate em todas as inst\u00e2ncias do Partido.<\/p>\n<p>Durante esta semana, o portal do PCB estar\u00e1 divulgando publicamente as primeiras Pr\u00e9-Teses. Apesar de a Tribuna de Debates, pelo menos nesta etapa, ser exclusiva para os militantes do PCB, os leitores do nosso portal poder\u00e3o opinar sobre as Pr\u00e9-Teses, escrevendo para o endere\u00e7o eletr\u00f4nico l\u00e1 indicado, sendo suas opini\u00f5es encaminhadas \u00e0 dire\u00e7\u00e3o nacional do Partido.<\/p>\n<p>Comit\u00ea Central do PCB<\/p>\n<p>setembro de 2013<\/p>\n","protected":false},"excerpt":{"rendered":"\n<a class=\"moretag\" href=\"https:\/\/pcb.org.br\/portal2\/5436\"> <\/a>","protected":false},"author":1,"featured_media":0,"comment_status":"closed","ping_status":"closed","sticky":false,"template":"","format":"standard","meta":{"jetpack_post_was_ever_published":false,"_jetpack_newsletter_access":"","_jetpack_dont_email_post_to_subs":false,"_jetpack_newsletter_tier_id":0,"_jetpack_memberships_contains_paywalled_content":false,"_jetpack_memberships_contains_paid_content":false,"footnotes":"","jetpack_publicize_message":"","jetpack_publicize_feature_enabled":true,"jetpack_social_post_already_shared":false,"jetpack_social_options":{"image_generator_settings":{"template":"highway","default_image_id":0,"font":"","enabled":false},"version":2}},"categories":[120],"tags":[],"class_list":["post-5436","post","type-post","status-publish","format-standard","hentry","category-c133-xv-congresso"],"jetpack_publicize_connections":[],"jetpack_featured_media_url":"","jetpack_shortlink":"https:\/\/wp.me\/p659gw-1pG","jetpack-related-posts":[],"jetpack_likes_enabled":true,"jetpack_sharing_enabled":true,"_links":{"self":[{"href":"https:\/\/pcb.org.br\/portal2\/wp-json\/wp\/v2\/posts\/5436","targetHints":{"allow":["GET"]}}],"collection":[{"href":"https:\/\/pcb.org.br\/portal2\/wp-json\/wp\/v2\/posts"}],"about":[{"href":"https:\/\/pcb.org.br\/portal2\/wp-json\/wp\/v2\/types\/post"}],"author":[{"embeddable":true,"href":"https:\/\/pcb.org.br\/portal2\/wp-json\/wp\/v2\/users\/1"}],"replies":[{"embeddable":true,"href":"https:\/\/pcb.org.br\/portal2\/wp-json\/wp\/v2\/comments?post=5436"}],"version-history":[{"count":0,"href":"https:\/\/pcb.org.br\/portal2\/wp-json\/wp\/v2\/posts\/5436\/revisions"}],"wp:attachment":[{"href":"https:\/\/pcb.org.br\/portal2\/wp-json\/wp\/v2\/media?parent=5436"}],"wp:term":[{"taxonomy":"category","embeddable":true,"href":"https:\/\/pcb.org.br\/portal2\/wp-json\/wp\/v2\/categories?post=5436"},{"taxonomy":"post_tag","embeddable":true,"href":"https:\/\/pcb.org.br\/portal2\/wp-json\/wp\/v2\/tags?post=5436"}],"curies":[{"name":"wp","href":"https:\/\/api.w.org\/{rel}","templated":true}]}}