{"id":5447,"date":"2013-09-19T10:07:18","date_gmt":"2013-09-19T10:07:18","guid":{"rendered":"http:\/\/pcb.org.br\/portal2\/?p=5447"},"modified":"2013-09-19T10:07:18","modified_gmt":"2013-09-19T10:07:18","slug":"pelos-embargos-infringentes-justos","status":"publish","type":"post","link":"https:\/\/pcb.org.br\/portal2\/5447","title":{"rendered":"Pelos \u2018embargos infringentes\u2019 justos"},"content":{"rendered":"\n<p>A fal\u00e1cia de Celso de Mello n\u00e3o se sustenta na primeira linha da biografia de ministros como Gilmar Mendes e Dias Toffoli, esp\u00e9cimes de militantes do monopartidarismo bic\u00e9falo que tentam impor ao pa\u00eds \u2013 Gilmar com bico de tucano, Dias Toffoli com ponta de estrela.<\/p>\n<p>O STF sucumbe sim \u00e0s press\u00f5es \u2013 ao menos dos poderosos, do \u201candar de cima\u201d, do poder constitu\u00eddo. O mesmo tribunal que fechou os olhos \u00e0 entrega de Olga Ben\u00e1rio aos nazistas, que manteve a Lei de Anistia (para torturadores e assassinos) intacta agora libera gra\u00fados petistas das grades sob a desculpa da \u201ctecnicalidade jur\u00eddica\u201d.<\/p>\n<p>J\u00e1 que foi instaurada a \u201cjurisprud\u00eancia\u201d de que a mais alta corte do pa\u00eds pode voltar atr\u00e1s de suas decis\u00f5es, que o STF volte atr\u00e1s ao menos de deixar os torturadores e assassinos da ditadura \u00e0s soltas. \u201cEmbargos infringentes\u201d na Lei de Anistia j\u00e1!<\/p>\n","protected":false},"excerpt":{"rendered":"\nPor \u201cn\u00e3o poder sucumbir \u00e0s press\u00f5es externas\u201d, nas palavras do ministro Celso de Mello, o STF decidiu nesta quarta-feira acatar os \u201cembargos infringentes\u201d, que garantem aos corruptos do PT permanecerem livres, leves e soltos como os corruptos do PSDB, os torturadores da Ditadura, etc. No Olhar Comunista.\n<a class=\"moretag\" href=\"https:\/\/pcb.org.br\/portal2\/5447\"> <\/a>","protected":false},"author":1,"featured_media":0,"comment_status":"open","ping_status":"open","sticky":false,"template":"","format":"standard","meta":{"jetpack_post_was_ever_published":false,"_jetpack_newsletter_access":"","_jetpack_dont_email_post_to_subs":false,"_jetpack_newsletter_tier_id":0,"_jetpack_memberships_contains_paywalled_content":false,"_jetpack_memberships_contains_paid_content":false,"footnotes":"","jetpack_publicize_message":"","jetpack_publicize_feature_enabled":true,"jetpack_social_post_already_shared":false,"jetpack_social_options":{"image_generator_settings":{"template":"highway","default_image_id":0,"font":"","enabled":false},"version":2}},"categories":[100],"tags":[],"class_list":["post-5447","post","type-post","status-publish","format-standard","hentry","category-c113-a-semana-no-olhar-comunista"],"jetpack_publicize_connections":[],"jetpack_featured_media_url":"","jetpack_shortlink":"https:\/\/wp.me\/p659gw-1pR","jetpack-related-posts":[],"jetpack_likes_enabled":true,"jetpack_sharing_enabled":true,"_links":{"self":[{"href":"https:\/\/pcb.org.br\/portal2\/wp-json\/wp\/v2\/posts\/5447","targetHints":{"allow":["GET"]}}],"collection":[{"href":"https:\/\/pcb.org.br\/portal2\/wp-json\/wp\/v2\/posts"}],"about":[{"href":"https:\/\/pcb.org.br\/portal2\/wp-json\/wp\/v2\/types\/post"}],"author":[{"embeddable":true,"href":"https:\/\/pcb.org.br\/portal2\/wp-json\/wp\/v2\/users\/1"}],"replies":[{"embeddable":true,"href":"https:\/\/pcb.org.br\/portal2\/wp-json\/wp\/v2\/comments?post=5447"}],"version-history":[{"count":0,"href":"https:\/\/pcb.org.br\/portal2\/wp-json\/wp\/v2\/posts\/5447\/revisions"}],"wp:attachment":[{"href":"https:\/\/pcb.org.br\/portal2\/wp-json\/wp\/v2\/media?parent=5447"}],"wp:term":[{"taxonomy":"category","embeddable":true,"href":"https:\/\/pcb.org.br\/portal2\/wp-json\/wp\/v2\/categories?post=5447"},{"taxonomy":"post_tag","embeddable":true,"href":"https:\/\/pcb.org.br\/portal2\/wp-json\/wp\/v2\/tags?post=5447"}],"curies":[{"name":"wp","href":"https:\/\/api.w.org\/{rel}","templated":true}]}}