{"id":5458,"date":"2013-09-20T20:27:10","date_gmt":"2013-09-20T20:27:10","guid":{"rendered":"http:\/\/pcb.org.br\/portal2\/?p=5458"},"modified":"2013-09-20T20:27:10","modified_gmt":"2013-09-20T20:27:10","slug":"asiaticos-de-olho-grande-no-pre-sal","status":"publish","type":"post","link":"https:\/\/pcb.org.br\/portal2\/5458","title":{"rendered":"Asi\u00e1ticos de olho grande no pr\u00e9-sal"},"content":{"rendered":"\n<p>\u00a0<\/p>\n<p class=\"MsoNormal\" style=\"margin-bottom: .0001pt; line-height: normal;\"><span style=\"font-family: \" color:=\"color:\" black;=\"black;\" mso-themecolor:=\"mso-themecolor:\" text1;\"=\"text1;\"\">Pagaram a taxa de ades\u00e3o de R$ 2 milh\u00f5es para participar da licita\u00e7\u00e3o, marcada para 21 de outubro, 11 empresas, das quais seis s\u00e3o estatais e cinco privadas. Seis das poss\u00edveis candidatas s\u00e3o integral ou parcialmente asi\u00e1ticas. Ficaram de fora as norte-americanas Exxon Mobil e Chevron, a norueguesa Statoil e as brit\u00e2nicas BP e BG.<\/span><\/p>\n<p class=\"MsoNormal\" style=\"margin-bottom: .0001pt; line-height: normal;\"><span style=\"font-family: \" color:=\"color:\" black;=\"black;\" mso-themecolor:=\"mso-themecolor:\" text1;\"=\"text1;\"\">A lista das empresas inscritas inclui, al\u00e9m da Petrobras, as chinesas CNOOC International Limited e China National Petroleum Corporation; a colombiana Ecopetrol; a japonesa Mitsui &#038; CO; a indiana ONGC Videsh; a portuguesa Petrogal; a malaia Petronas; a sino-espanhola Repsol\/Sinopec; a anglo-holandesa Shell; e a francesa Total.<\/span><\/p>\n<p class=\"MsoNormal\" style=\"margin-bottom: .0001pt; line-height: normal;\"><span style=\"font-family: \" color:=\"color:\" black;=\"black;\" mso-themecolor:=\"mso-themecolor:\" text1;\"=\"text1;\"\">&#8220;Estou at\u00e9 surpreso de que essas 11 empresas tenham se apresentado&#8221;, comentou o ge\u00f3logo Hernani Chaves, professor da Universidade do Estado do Rio de Janeiro (UERJ). Na avalia\u00e7\u00e3o dele, o modelo escolhido pelo governo para a opera\u00e7\u00e3o de Libra \u00e9 pouco atraente para o setor privado. &#8220;O grande interesse das estatais nesse leil\u00e3o n\u00e3o \u00e9 ter lucro, \u00e9 aumentar as reservas a serem usadas por seus pa\u00edses&#8221;, explicou Chaves. V\u00e1rios analistas apontam para o interesse geopol\u00edtico, sobretudo dos governos da China e da \u00cdndia, ao buscar a garantia do fornecimento de petr\u00f3leo com o leil\u00e3o de Libra.<\/span><\/p>\n<p class=\"MsoNormal\" style=\"margin-bottom: .0001pt; line-height: normal;\"><span style=\"font-family: \" color:=\"color:\" black;=\"black;\" mso-themecolor:=\"mso-themecolor:\" text1;\"=\"text1;\"\">Para o ex-diretor da Petrobras Paulo Roberto Costa, da Costa Global Consultoria, o principal desest\u00edmulo ao mercado \u00e9 o fato de que a estatal ser\u00e1 a operadora em Libra e ter\u00e1 no m\u00ednimo 30% do cons\u00f3rcio vencedor.<\/span><\/p>\n<p class=\"MsoNormal\" style=\"margin-bottom: .0001pt; line-height: normal;\"><span style=\"font-family: \" color:=\"color:\" black;=\"black;\" mso-themecolor:=\"mso-themecolor:\" text1;\"=\"text1;\"\">Em comunicado divulgado ontem \u00e0 noite, a Ag\u00eancia Nacional do Petr\u00f3leo, G\u00e1s Natural e Biocombust\u00edveis (ANP) destacou que, das 11 empresas candidatas, sete pertencem ao grupo de 11 petroleiras com maior valor de mercado no mundo, segundo ranking da consultoria PFC Energy.<\/span><\/p>\n<p class=\"MsoNormal\" style=\"margin-bottom: .0001pt; line-height: normal;\"><strong><span style=\"font-family: \" color:=\"color:\" black;=\"black;\" mso-themecolor:=\"mso-themecolor:\" text1;\"=\"text1;\"\">Baixo interesse<\/span><\/strong><\/p>\n<p class=\"MsoNormal\" style=\"margin-bottom: .0001pt; line-height: normal;\"><span style=\"font-family: \" color:=\"color:\" black;=\"black;\" mso-themecolor:=\"mso-themecolor:\" text1;\"=\"text1;\"\">Mesmo assim, o resultado causou frustra\u00e7\u00e3o. A diretora-geral da ag\u00eancia, Magda Chambriard, disse que esperava at\u00e9 40 empresas na concorr\u00eancia. &#8220;Existe um contexto mundial e situa\u00e7\u00f5es espec\u00edficas que levam a isso (baixo interesse)&#8221;, justificou. &#8220;Eu recebi telefonemas de tr\u00eas empresas, Exxon, BP e BG, dizendo que n\u00e3o v\u00e3o participar do leil\u00e3o por quest\u00f5es particulares de cada uma. No entanto, elas reafirmaram o interesse no Brasil&#8221;, disse.<\/span><\/p>\n<p class=\"MsoNormal\" style=\"margin-bottom: .0001pt; line-height: normal;\"><span style=\"font-family: \" color:=\"color:\" black;=\"black;\" mso-themecolor:=\"mso-themecolor:\" text1;\"=\"text1;\"\">Sindicalistas e alguns parlamentares defendem que, diante da certeza de que h\u00e1 petr\u00f3leo em Libra, a \u00e1rea deveria ser entregue totalmente \u00e0 Petrobras. O modelo escolhido pelo governo, por\u00e9m, tem outros objetivos, como atrair capital externo e garantir a maior arrecada\u00e7\u00e3o poss\u00edvel. O vencedor do leil\u00e3o ter\u00e1 de pagar R$ 15 bilh\u00f5es imediatamente, como b\u00f4nus de assinatura do contrato \u2014 dinheiro que j\u00e1 entrou na estimativa de cumprimento da meta de superavit prim\u00e1rio.<\/span><\/p>\n<p class=\"MsoNormal\" style=\"margin-bottom: .0001pt; line-height: normal;\"><span style=\"font-family: \" color:=\"color:\" black;=\"black;\" mso-themecolor:=\"mso-themecolor:\" text1;\"=\"text1;\"\">Ao menos 30% do b\u00f4nus ser\u00e1 desembolsado pela Petrobras, o equivalente \u00e0 sua participa\u00e7\u00e3o m\u00ednima no cons\u00f3rcio. As empresas candidatas far\u00e3o ainda uma oferta de lucratividade ao governo. Isso n\u00e3o poderia ser barganhado se a concess\u00e3o ficasse com a estatal brasileira.<\/span><\/p>\n<p class=\"MsoNormal\" style=\"margin-bottom: .0001pt; line-height: normal;\"><span style=\"font-family: \" color:=\"color:\" black;=\"black;\" mso-themecolor:=\"mso-themecolor:\" text1;\"=\"text1;\"\">A presidente da Petrobras, Gra\u00e7a Foster, admitiu na quarta-feira, no Senado, a impossibilidade de explorar Libra com exclusividade. &#8220;Temos todas as condi\u00e7\u00f5es t\u00e9cnicas e operacionais, at\u00e9 porque descobrimos, desenvolvemos e conhecemos a fundo toda aquela \u00e1rea. Mas a empreitada se tornou economicamente imposs\u00edvel nas atuais condi\u00e7\u00f5es de caixa da companhia&#8221;, afirmou.<\/span><\/p>\n<p class=\"MsoNormal\" style=\"margin-bottom: .0001pt; line-height: normal;\"><span style=\"font-family: \" color:=\"color:\" black;=\"black;\" mso-themecolor:=\"mso-themecolor:\" text1;\"=\"text1;\"\">O presidente da BG no Brasil, Nelson Silva, disse ao Correio, recentemente, que considerava Libra pouco atraente para a companhia porque j\u00e1 existem muitas informa\u00e7\u00f5es dispon\u00edveis sobre as reservas. &#8220;Quando h\u00e1 incerteza, s\u00e3o maiores as possibilidades de ganho&#8221;, explicou.<\/span><\/p>\n<p class=\"MsoNormal\" style=\"margin-bottom: .0001pt; line-height: normal;\"><span style=\"font-family: \" color:=\"color:\" black;=\"black;\" mso-themecolor:=\"mso-themecolor:\" text1;\"=\"text1;\"\">O vice-presidente de Rela\u00e7\u00f5es P\u00fablicas da Statoil, Mauro Andrade, atribuiu o baixo interesse do mercado \u00e0 demora de cinco anos nas discuss\u00f5es sobre as regras para a explora\u00e7\u00e3o do pr\u00e9-sal \u2014 nesse processo, optou-se pelo modelo de partilha em vez da concess\u00e3o, que vale para outras \u00e1reas oferecidas pela ANP ao mercado. &#8220;O Brasil ficou muito tempo sem rodadas de licita\u00e7\u00e3o e as empresas acabaram se comprometendo com investimentos em outros pa\u00edses&#8221;, disse Andrade, ontem, em evento na PUC-Rio.<\/span><\/p>\n<p class=\"MsoNormal\" style=\"margin-bottom: .0001pt; line-height: normal;\"><span style=\"font-family: \" color:=\"color:\" black;=\"black;\" mso-themecolor:=\"mso-themecolor:\" text1;\"=\"text1;\"\">A ANP calcula em R$ 400 bilh\u00f5es os investimentos necess\u00e1rios em Libra ao longo dos 35 anos de concess\u00e3o. Para o professor Chaves, da UERJ, n\u00e3o ser\u00e1 f\u00e1cil tirar lucro do campo. Ele estima que, durante ao menos oito anos, n\u00e3o ser\u00e1 poss\u00edvel extrair uma \u00fanica gota de \u00f3leo. Provavelmente a produ\u00e7\u00e3o come\u00e7ar\u00e1 somente em 10 anos, e atingir\u00e1 o pico de 1 milh\u00e3o de barris por dia dois anos mais tarde.<\/span><\/p>\n<p class=\"MsoNormal\" style=\"margin-bottom: .0001pt; line-height: normal;\"><strong><span style=\"font-family: \" color:=\"color:\" black;=\"black;\" mso-themecolor:=\"mso-themecolor:\" text1;\"=\"text1;\"\">BNDES d\u00e1 f\u00f4lego a Eike<\/span><\/strong><\/p>\n<p class=\"MsoNormal\" style=\"margin-bottom: .0001pt; line-height: normal;\"><span style=\"font-family: \" color:=\"color:\" black;=\"black;\" mso-themecolor:=\"mso-themecolor:\" text1;\"=\"text1;\"\">A empresa de log\u00edstica LLX, do grupo de EBX, de Eike Batista, informou ontem que o Banco Nacional de Desenvolvimento Econ\u00f4mico e Social (BNDES) renovou, por tr\u00eas anos, o empr\u00e9stimo-ponte de R$ 518 milh\u00f5es concedido \u00e0 companhia. &#8220;Os recursos est\u00e3o sendo utilizados para financiar as obras civis relativas ao aterro hidr\u00e1ulico, dragagem e constru\u00e7\u00e3o do quebra-mar, bem como os demais investimentos relativos ao projeto de implanta\u00e7\u00e3o do Superporto do A\u00e7u, localizado no munic\u00edpio de S\u00e3o Jo\u00e3o da Barra&#8221;, informou a empresa. Segundo a LLX, a rolagem do contrato de financiamento, realizado com a subsidi\u00e1ria LLX A\u00e7u, contribui para o alongamento do prazo m\u00e9dio de seu endividamento. Os juros ser\u00e3o pagos anualmente.<\/span><\/p>\n<p class=\"MsoNormal\" style=\"margin-bottom: .0001pt; line-height: normal;\"><span style=\"font-family: \" color:=\"color:\" black;=\"black;\" mso-themecolor:=\"mso-themecolor:\" text1;\"=\"text1;\"\"> <\/span><\/p>\n<p class=\"MsoNormal\" style=\"margin-bottom: .0001pt; line-height: normal;\"><span style=\"font-family: \" color:=\"color:\" black;=\"black;\" mso-themecolor:=\"mso-themecolor:\" text1;\"=\"text1;\"\">________________________________________<\/span><\/p>\n<p class=\"MsoNormal\" style=\"margin-bottom: .0001pt; line-height: normal;\"><span style=\"font-family: \" color:=\"color:\" black;=\"black;\" mso-themecolor:=\"mso-themecolor:\" text1;\"=\"text1;\"\"> <\/span><\/p>\n<p class=\"MsoNormal\" style=\"margin-bottom: .0001pt; line-height: normal;\"><strong><span style=\"font-family: \" color:=\"color:\" black;=\"black;\" mso-themecolor:=\"mso-themecolor:\" text1;\"=\"text1;\"\">Quadrilha atacava fundos de pens\u00e3o<\/span><\/strong><\/p>\n<p class=\"MsoNormal\" style=\"margin-bottom: .0001pt; line-height: normal;\"><em><span style=\"font-family: \" color:=\"color:\" black;=\"black;\" mso-themecolor:=\"mso-themecolor:\" text1;\"=\"text1;\"\">O Globo<\/span><\/em><\/p>\n<p class=\"MsoNormal\" style=\"margin-bottom: .0001pt; line-height: normal;\"><span style=\"font-family: \" color:=\"color:\" black;=\"black;\" mso-themecolor:=\"mso-themecolor:\" text1;\"=\"text1;\"\"> <\/span><\/p>\n<p class=\"MsoNormal\" style=\"margin-bottom: .0001pt; line-height: normal;\"><span style=\"font-family: \" color:=\"color:\" black;=\"black;\" mso-themecolor:=\"mso-themecolor:\" text1;\"=\"text1;\"\">A Pol\u00edcia Federal prendeu ontem 20 pessoas (17 em Bras\u00edlia, duas no Rio e uma em Goi\u00e2nia) acusadas de desviar R$ 50 milh\u00f5es de fundos de pens\u00e3o de servidores de prefeituras e governos estaduais chamados de RPPS (Regimes Pr\u00f3prios de Previd\u00eancia Social). Entre os presos est\u00e3o o policial aposentado Marcelo Toledo, um dos operadores do mensal\u00e3o do DEM, e o doleiro Fayed Antoine Traboulsi, um dos personagens mais conhecidos em recentes investiga\u00e7\u00f5es sobre caixa dois em Bras\u00edlia.<\/span><\/p>\n<p class=\"MsoNormal\" style=\"margin-bottom: .0001pt; line-height: normal;\"><span style=\"font-family: \" color:=\"color:\" black;=\"black;\" mso-themecolor:=\"mso-themecolor:\" text1;\"=\"text1;\"\">At\u00e9 o in\u00edcio da noite, a pol\u00edcia buscava mais dez acusados, que tamb\u00e9m tiveram as pris\u00f5es decretadas. Um dos alvos principais da busca \u00e9 o economista Carlos Eduardo Carneiro Lemos, ex-gerente de Investimentos do Prece, fundo de previd\u00eancia dos servidores da Companhia Estadual de \u00c1gua e Esgoto (Cedae) do Rio de Janeiro. O economista seria um dos tr\u00eas chefes da organiza\u00e7\u00e3o.<\/span><\/p>\n<p class=\"MsoNormal\" style=\"margin-bottom: .0001pt; line-height: normal;\"><strong><span style=\"font-family: \" color:=\"color:\" black;=\"black;\" mso-themecolor:=\"mso-themecolor:\" text1;\"=\"text1;\"\">Lanchas e carros importados<\/span><\/strong><\/p>\n<p class=\"MsoNormal\" style=\"margin-bottom: .0001pt; line-height: normal;\"><span style=\"font-family: \" color:=\"color:\" black;=\"black;\" mso-themecolor:=\"mso-themecolor:\" text1;\"=\"text1;\"\">Em 16 de maio deste ano, quando as investiga\u00e7\u00f5es ainda estavam em curso, a pol\u00edcia apreendeu dois emiss\u00e1rios de Eduardo Lemos tentando embarcar no aeroporto de Bras\u00edlia com R$ 465 mil escondidos em meias, cuecas e mochilas, conforme mostrou O GLOBO. Na chamada Opera\u00e7\u00e3o Miqueias, a pol\u00edcia apreendeu documentos em 75 endere\u00e7os em nove estados e no Distrito Federal.<\/span><\/p>\n<p class=\"MsoNormal\" style=\"margin-bottom: .0001pt; line-height: normal;\"><span style=\"font-family: \" color:=\"color:\" black;=\"black;\" mso-themecolor:=\"mso-themecolor:\" text1;\"=\"text1;\"\">Entre os alvos das buscas est\u00e3o quatro prefeitos, dois do Mato Grosso do Sul e dois de cidades de Goi\u00e1s. Policiais tamb\u00e9m fizeram buscas em endere\u00e7os de um funcion\u00e1rio do Minist\u00e9rio da Previd\u00eancia suspeito de colaborar com as fraudes contra os fundos de pens\u00e3o. A pol\u00edcia teria feito ainda busca na casa de um deputado, informa\u00e7\u00e3o que a pol\u00edcia n\u00e3o quis comentar.<\/span><\/p>\n<p class=\"MsoNormal\" style=\"margin-bottom: .0001pt; line-height: normal;\"><span style=\"font-family: \" color:=\"color:\" black;=\"black;\" mso-themecolor:=\"mso-themecolor:\" text1;\"=\"text1;\"\">Com integrantes da suposta organiza\u00e7\u00e3o, a pol\u00edcia apreendeu uma lancha de R$ 5 milh\u00f5es, que estaria em nome de Fayed. Para um investigador, \u00e9 a maior lancha da categoria no pa\u00eds. Foram apreendidos ainda duas Ferraris, um Lamborghini, um Mercedes e um Corvette, entre outros bens. As Ferraris, uma vermelha e outra preta, estariam avaliadas em R$ 1,6 milh\u00e3o cada uma.<\/span><\/p>\n<p class=\"MsoNormal\" style=\"margin-bottom: .0001pt; line-height: normal;\"><span style=\"font-family: \" color:=\"color:\" black;=\"black;\" mso-themecolor:=\"mso-themecolor:\" text1;\"=\"text1;\"\">A organiza\u00e7\u00e3o, que atua desde 2009, \u00e9 acusada de lavar cerca de R$ 300 milh\u00f5es nos \u00faltimos anos. Al\u00e9m da movimenta\u00e7\u00e3o e do dinheiro desviado dos fundos de pens\u00e3o, integrantes do grupo ajudavam a incluir no mercado formal dinheiro da corrup\u00e7\u00e3o e at\u00e9 do tr\u00e1fico de drogas. O foco dos neg\u00f3cios seriam os RPPS, fundos de pens\u00e3o que acumulam hoje cifras de R$ 110 bilh\u00f5es.<\/span><\/p>\n<p class=\"MsoNormal\" style=\"margin-bottom: .0001pt; line-height: normal;\"><strong><span style=\"font-family: \" color:=\"color:\" black;=\"black;\" mso-themecolor:=\"mso-themecolor:\" text1;\"=\"text1;\"\">Para a delegada Andr\u00e9a Pinho<\/span><\/strong><\/p>\n<p class=\"MsoNormal\" style=\"margin-bottom: .0001pt; line-height: normal;\"><span style=\"font-family: \" color:=\"color:\" black;=\"black;\" mso-themecolor:=\"mso-themecolor:\" text1;\"=\"text1;\"\">Albuquerque, coordenadora da opera\u00e7\u00e3o, a investiga\u00e7\u00e3o derrubou um grande esquema de corrup\u00e7\u00e3o, mas ainda assim \u00ednfimo diante dos ind\u00edcios da exist\u00eancia de outras quadrilhas que atuariam no mesmo ramo.<\/span><\/p>\n<p class=\"MsoNormal\" style=\"margin-bottom: .0001pt; line-height: normal;\"><span style=\"font-family: \" color:=\"color:\" black;=\"black;\" mso-themecolor:=\"mso-themecolor:\" text1;\"=\"text1;\"\">\u2014 Infelizmente, \u00e9 ruim falar isso, mas n\u00f3s pegamos apenas a ponta do iceberg \u2014 disse a delegada.<\/span><\/p>\n<p class=\"MsoNormal\" style=\"margin-bottom: .0001pt; line-height: normal;\"><span style=\"font-family: \" color:=\"color:\" black;=\"black;\" mso-themecolor:=\"mso-themecolor:\" text1;\"=\"text1;\"\">Pelas investiga\u00e7\u00f5es da Pol\u00edcia Federal e do Minist\u00e9rio P\u00fablico do Distrito Federal, o grupo montou uma forte estrutura de corrup\u00e7\u00e3o de prefeitos. O grupo \u00e9 acusado de pagar propina para prefeitos e gestores de fundos de previd\u00eancia municipal investirem dinheiro na compra de t\u00edtulos podres, em geral em nome de empresas de fachada.<\/span><\/p>\n<p class=\"MsoNormal\" style=\"margin-bottom: .0001pt; line-height: normal;\"><span style=\"font-family: \" color:=\"color:\" black;=\"black;\" mso-themecolor:=\"mso-themecolor:\" text1;\"=\"text1;\"\">O neg\u00f3cio sempre resultava em preju\u00edzo para os fundos pela compra de t\u00edtulos com valores acima de mercado. A pol\u00edcia descobriu ind\u00edcios de fraudes em fundos das prefeituras de Manaus, Queimados (RJ), Ponta Por\u00e3 (MS), Murtinho (MS), Formosa (GO), Caldas Novas (GO), Cristalina (GO), \u00c1guas Lindas (GO), Itabera\u00ed (GO), Pires do Rio (GO), Montividiu (GO), Jaru (RO), Barreirinhas (MA), Bom Jesus da Selva (MA) e Santa Luzia (MA).<\/span><\/p>\n<p class=\"MsoNormal\" style=\"margin-bottom: .0001pt; line-height: normal;\"><strong><span style=\"font-family: \" color:=\"color:\" black;=\"black;\" mso-themecolor:=\"mso-themecolor:\" text1;\"=\"text1;\"\">Rombo ficaria para a Uni\u00e3o<\/span><\/strong><\/p>\n<p class=\"MsoNormal\" style=\"margin-bottom: .0001pt; line-height: normal;\"><span style=\"font-family: \" color:=\"color:\" black;=\"black;\" mso-themecolor:=\"mso-themecolor:\" text1;\"=\"text1;\"\">Para driblar a fiscaliza\u00e7\u00e3o, o grupo fazia movimenta\u00e7\u00f5es com empresas de fachada. Essas empresas eram fechadas e recriadas com nomes diferentes quando estavam na imin\u00eancia de serem descobertas. O grupo teria usado pelo menos 33 empresas para movimentar dinheiro de origem il\u00edcita.<\/span><\/p>\n<p class=\"MsoNormal\" style=\"margin-bottom: .0001pt; line-height: normal;\"><span style=\"font-family: \" color:=\"color:\" black;=\"black;\" mso-themecolor:=\"mso-themecolor:\" text1;\"=\"text1;\"\">\u2014 No futuro, esses fundos n\u00e3o ter\u00e3o dinheiro para bancar a aposentadoria dos servidores. Quem vai ter que pagar essa conta \u00e9 a Uni\u00e3o \u2014 disse um delegado que acompanha de perto as investiga\u00e7\u00f5es.<\/span><\/p>\n<p class=\"MsoNormal\" style=\"margin-bottom: .0001pt; line-height: normal;\"><span style=\"font-family: \" color:=\"color:\" black;=\"black;\" mso-themecolor:=\"mso-themecolor:\" text1;\"=\"text1;\"\">Eduardo Lemos deixou a Cedae em 2004 em meio a s\u00e9rie de den\u00fancias de irregularidades. No ano seguinte, foi um dos alvos da CPI dos Correios. Ele teria sido indicado para o cargo na Cedae por Marcelo Sereno, um dos dirigentes do PT no Rio. Em nota, a Cedae diz que prop\u00f4s duas a\u00e7\u00f5es &#8220;com a finalidade de ser ressarcida por preju\u00edzos causados ao Fundo em virtude de atos por ele praticados&#8221; Em entrevista ao GLOBO, em maio, quando tentava recuperar os R$ 465 mil apreendidos com dois de seus emiss\u00e1rios, Eduardo Lemos desdenhou da quantia que tentava mandar para o Rio de Janeiro de forma camuflada. Para ele, os R$ 465 mil nem eram muito dinheiro.<\/span><\/p>\n<p class=\"MsoNormal\" style=\"margin-bottom: .0001pt; line-height: normal;\"><span style=\"font-family: \" color:=\"color:\" black;=\"black;\" mso-themecolor:=\"mso-themecolor:\" text1;\"=\"text1;\"\">\u2014 Meu rel\u00f3gio custou R$ 200 mil. Eu vim para c\u00e1 num Porsche \u2014 afirmou \u00e0 \u00e9poca.<\/span><\/p>\n<p class=\"MsoNormal\" style=\"margin-bottom: .0001pt; line-height: normal;\"><span style=\"font-family: \" color:=\"color:\" black;=\"black;\" mso-themecolor:=\"mso-themecolor:\" text1;\"=\"text1;\"\">No in\u00edcio da manh\u00e3 de ontem, o nome de Eduardo Lemos apareceu na lista de presos da PF. Mas, no final da tarde, a pol\u00edcia informou que ainda tentava prender o economista.<\/span><\/p>\n<p class=\"MsoNormal\" style=\"margin-bottom: .0001pt; line-height: normal;\"><span style=\"font-family: \" color:=\"color:\" black;=\"black;\" mso-themecolor:=\"mso-themecolor:\" text1;\"=\"text1;\"\"> <\/span><\/p>\n<p class=\"MsoNormal\" style=\"margin-bottom: .0001pt; line-height: normal;\"><span style=\"font-family: \" color:=\"color:\" black;=\"black;\" mso-themecolor:=\"mso-themecolor:\" text1;\"=\"text1;\"\">________________________________________<\/span><\/p>\n<p class=\"MsoNormal\" style=\"margin-bottom: .0001pt; line-height: normal;\"><span style=\"font-family: \" color:=\"color:\" black;=\"black;\" mso-themecolor:=\"mso-themecolor:\" text1;\"=\"text1;\"\"> <\/span><\/p>\n<p class=\"MsoNormal\" style=\"margin-bottom: .0001pt; line-height: normal;\"><strong><span style=\"font-family: \" color:=\"color:\" black;=\"black;\" mso-themecolor:=\"mso-themecolor:\" text1;\"=\"text1;\"\">Crack j\u00e1 \u00e9 usado por 1 em cada 3 consumidores de drogas das capitais<\/span><\/strong><\/p>\n<p class=\"MsoNormal\" style=\"margin-bottom: .0001pt; line-height: normal;\"><em><span style=\"font-family: \" color:=\"color:\" black;=\"black;\" mso-themecolor:=\"mso-themecolor:\" text1;\"=\"text1;\"\">O Estado de S. Paulo<\/span><\/em><\/p>\n<p class=\"MsoNormal\" style=\"margin-bottom: .0001pt; line-height: normal;\"><span style=\"font-family: \" color:=\"color:\" black;=\"black;\" mso-themecolor:=\"mso-themecolor:\" text1;\"=\"text1;\"\"> <\/span><\/p>\n<p class=\"MsoNormal\" style=\"margin-bottom: .0001pt; line-height: normal;\"><span style=\"font-family: \" color:=\"color:\" black;=\"black;\" mso-themecolor:=\"mso-themecolor:\" text1;\"=\"text1;\"\">Um em cada tr\u00eas (35%) consu\u00admidores de drogas il\u00edcitas nas capitais do Pa\u00eds usa crack, conforme pesquisa in\u00e9\u00addita da Funda\u00e7\u00e3o Oswaldo Cruz. O trabalho, encomen\u00addado pela Secretaria, de Pol\u00edti\u00adcas sobre Drogas do Minist\u00e9\u00adrio da Justi\u00e7a, indica que a maior parte dos usu\u00e1rios est\u00e1 na Regi\u00e3o Nordeste.<\/span><\/p>\n<p class=\"MsoNormal\" style=\"margin-bottom: .0001pt; line-height: normal;\"><span style=\"font-family: \" color:=\"color:\" black;=\"black;\" mso-themecolor:=\"mso-themecolor:\" text1;\"=\"text1;\"\">Dos 370 mil consumidores re\u00adgulares de crack ou similares (merla, pasta base e oxi), 148 mil encontram-se na regi\u00e3o. Es\u00adtima-se que 43% da popula\u00e7\u00e3o que usa regularmente drogas il\u00ed\u00adcitas nas capitais do Nordeste consome crack. Nesse levanta\u00admento entra Felipe da Silva, de 23 anos, que desde que conhe\u00adceu e se viciou no crack no Reci\u00adfe, h\u00e1 oito anos, traficou, assal\u00adtou, se meteu com agiotas, feriu com faca e tiro, perdeu empre\u00adgo e at\u00e9 a mulher, com quem tem uma filha de 2 anos.<\/span><\/p>\n<p class=\"MsoNormal\" style=\"margin-bottom: .0001pt; line-height: normal;\"><span style=\"font-family: \" color:=\"color:\" black;=\"black;\" mso-themecolor:=\"mso-themecolor:\" text1;\"=\"text1;\"\">Ele chegou h\u00e1 dez dias a um centro de acolhimento levado pe\u00adla m\u00e3e &#8211; no intuito de salv\u00e1-lo de ser assassinado por causa de d\u00edvidas. Segundo Silva, s\u00f3 dois colegas mudaram de vida, porque viraram &#8220;crentes&#8221;. &#8220;Eu tentei, mas a Igreja n\u00e3o me segurou.&#8221;<\/span><\/p>\n<p class=\"MsoNormal\" style=\"margin-bottom: .0001pt; line-height: normal;\"><span style=\"font-family: \" color:=\"color:\" black;=\"black;\" mso-themecolor:=\"mso-themecolor:\" text1;\"=\"text1;\"\">Outro exemplo, em Salvador, \u00e9 Carlos Souza. &#8220;Eu n\u00e3o tinha: ideia de que me viciaria na primeira pedra&#8221;, diz. Nem mesmo a morte da mulher por overdo\u00adse e a perda de um filho, assassi\u00adnado por traficantes, detiveram seu \u00edmpeto.<\/span><\/p>\n<p class=\"MsoNormal\" style=\"margin-bottom: .0001pt; line-height: normal;\"><span style=\"font-family: \" color:=\"color:\" black;=\"black;\" mso-themecolor:=\"mso-themecolor:\" text1;\"=\"text1;\"\">Depois do Nordeste, em n\u00fa\u00admeros absolutos, o maior n\u00fame\u00adro de usu\u00e1rios de crack est\u00e1 nas capitais do Sudeste. A regi\u00e3o re\u00fane 113 mil consumidores re\u00adgulares. Porcentualmente, po\u00adr\u00e9m, o problema \u00e9 mais grave no Sul: 52% das 72 mil pessoas que usam regularmente drogas il\u00edcitas consomem crack.<\/span><\/p>\n<p class=\"MsoNormal\" style=\"margin-bottom: .0001pt; line-height: normal;\"><span style=\"font-family: \" color:=\"color:\" black;=\"black;\" mso-themecolor:=\"mso-themecolor:\" text1;\"=\"text1;\"\">O trabalho foi feito com base em dados coletados em 2012 com 25 mil residentes nas capi\u00adtais. De acordo com a Fiocruz, trata-se do maior e mais com\u00adpleto levantamento do mundo.<\/span><\/p>\n<p class=\"MsoNormal\" style=\"margin-bottom: .0001pt; line-height: normal;\"><span style=\"font-family: \" color:=\"color:\" black;=\"black;\" mso-themecolor:=\"mso-themecolor:\" text1;\"=\"text1;\"\">O estudo indica ainda que 14% dos usu\u00e1rios s\u00e3o menores de idade. Isso equivale a 50 mil crian\u00e7as e adolescentes. Tam\u00ad; b\u00e9m nesse caso a pior situa\u00e7\u00e3o \u00e9 ; no Nordeste. Nas capitais da re\u00adgi\u00e3o, cerca de 28 mil crian\u00e7as e adolescentes consomem regularmente crack e similares.<\/span><\/p>\n<p class=\"MsoNormal\" style=\"margin-bottom: .0001pt; line-height: normal;\"><span style=\"font-family: \" color:=\"color:\" black;=\"black;\" mso-themecolor:=\"mso-themecolor:\" text1;\"=\"text1;\"\">Explica\u00e7\u00e3o<\/span><\/p>\n<p class=\"MsoNormal\" style=\"margin-bottom: .0001pt; line-height: normal;\"><span style=\"font-family: \" color:=\"color:\" black;=\"black;\" mso-themecolor:=\"mso-themecolor:\" text1;\"=\"text1;\"\">O secret\u00e1rio nacional de Pol\u00edtica sobre Drogas, Vitore Maximiniano, observa que o uso do crack est\u00e1 relacionado a situa\u00e7\u00f5es de extrema vulnerabilidade. Algo que poderia explicar, em parte, a maior preval\u00ean\u00adcia no Nordeste. &#8220;Os indicadores de desenvolvimento huma\u00adno, como educa\u00e7\u00e3o e renda, s\u00e3o menores ali&#8221;, observou. A l\u00f3gi\u00adca, no entanto, n\u00e3o se estende ao Sul, regi\u00e3o que igualmente preocupa pelo porcentual de usu\u00e1rios. &#8220;S\u00e3o situa\u00e7\u00f5es distin\u00adtas. A regi\u00e3o historicamente apresenta \u00edndices mais eleva\u00addos de uso.<\/span><\/p>\n<p class=\"MsoNormal\" style=\"margin-bottom: .0001pt; line-height: normal;\"><span style=\"font-family: \" color:=\"color:\" black;=\"black;\" mso-themecolor:=\"mso-themecolor:\" text1;\"=\"text1;\"\"> <\/span><\/p>\n<p class=\"MsoNormal\" style=\"margin-bottom: .0001pt; line-height: normal;\"><span style=\"font-family: \" color:=\"color:\" black;=\"black;\" mso-themecolor:=\"mso-themecolor:\" text1;\"=\"text1;\"\">________________________________________<\/span><\/p>\n<p class=\"MsoNormal\" style=\"margin-bottom: .0001pt; line-height: normal;\"><span style=\"font-family: \" color:=\"color:\" black;=\"black;\" mso-themecolor:=\"mso-themecolor:\" text1;\"=\"text1;\"\"> <\/span><\/p>\n<p class=\"MsoNormal\" style=\"margin-bottom: .0001pt; line-height: normal;\"><strong><span style=\"font-family: \" color:=\"color:\" black;=\"black;\" mso-themecolor:=\"mso-themecolor:\" text1;\"=\"text1;\"\">A\u00e9reas cobram ajuda do governo<\/span><\/strong><\/p>\n<p class=\"MsoNormal\" style=\"margin-bottom: .0001pt; line-height: normal;\"><em><span style=\"font-family: \" color:=\"color:\" black;=\"black;\" mso-themecolor:=\"mso-themecolor:\" text1;\"=\"text1;\"\">O Estado de S. Paulo<\/span><\/em><\/p>\n<p class=\"MsoNormal\" style=\"margin-bottom: .0001pt; line-height: normal;\"><span style=\"font-family: \" color:=\"color:\" black;=\"black;\" mso-themecolor:=\"mso-themecolor:\" text1;\"=\"text1;\"\"> <\/span><\/p>\n<p class=\"MsoNormal\" style=\"margin-bottom: .0001pt; line-height: normal;\"><span style=\"font-family: \" color:=\"color:\" black;=\"black;\" mso-themecolor:=\"mso-themecolor:\" text1;\"=\"text1;\"\">A Associa\u00e7\u00e3o Brasileira das Empresas A\u00e9reas (Abear) espera uma resposta do governo a uma lista de pedidos apresentada pelas companhias para aumentar a competitividade do setor. A expectativa do presidente da entidade, Eduardo Sanovicz, \u00e9 de que o governo fa\u00e7a uma contraproposta ao setor em at\u00e9 dez dias.<\/span><\/p>\n<p class=\"MsoNormal\" style=\"margin-bottom: .0001pt; line-height: normal;\"><span style=\"font-family: \" color:=\"color:\" black;=\"black;\" mso-themecolor:=\"mso-themecolor:\" text1;\"=\"text1;\"\">Um dos pedidos \u00e9 a revis\u00e3o do c\u00e1lculo do querosene de avia\u00e7\u00e3o, uma despesa que corresponde a cerca de 40% dos custos das companhias a\u00e9reas brasileiras. Sanovicz admite que ser\u00e1 dif\u00edcil que o governo concorde em alterar a f\u00f3rmula do pre\u00e7o do querosene de avia\u00e7\u00e3o (QAV) ,j \u00e1 que o produto faz parte do portf\u00f3lio da Petrobr\u00e1s, mas afirmou que uma redu\u00e7\u00e3o de pre\u00e7o pode ocorrer por meio de corte de tributos incidentes sobre o combust\u00edvel.<\/span><\/p>\n<p class=\"MsoNormal\" style=\"margin-bottom: .0001pt; line-height: normal;\"><span style=\"font-family: \" color:=\"color:\" black;=\"black;\" mso-themecolor:=\"mso-themecolor:\" text1;\"=\"text1;\"\">&#8220;Cerca de 20% do que pagamos de QAV consiste em tributos&#8221;, disse, durante entrevista para a divulga\u00e7\u00e3o dos dados do setor em agosto. Sobre o combust\u00edvel de avia\u00e7\u00e3o s\u00e3o cobrados PIS e Cofms de, respectivamente, 1,25% e 5,8%.<\/span><\/p>\n<p class=\"MsoNormal\" style=\"margin-bottom: .0001pt; line-height: normal;\"><span style=\"font-family: \" color:=\"color:\" black;=\"black;\" mso-themecolor:=\"mso-themecolor:\" text1;\"=\"text1;\"\">A Petrobr\u00e1s calcula o valor do querosene com base na cota\u00e7\u00e3o internacional do barril de petr\u00f3leo. A cr\u00edtica do setor \u00e9 que a maior parte do combust\u00edvel \u00e9 processada em refinarias nacionais. &#8220;A f\u00f3rmula de precifica\u00e7\u00e3o do QAV n\u00e3o deve mudar por conta da condi\u00e7\u00e3o econ\u00f4mica da Petrobr\u00e1s77, disse Sanovicz.<\/span><\/p>\n<p class=\"MsoNormal\" style=\"margin-bottom: .0001pt; line-height: normal;\"><span style=\"font-family: \" color:=\"color:\" black;=\"black;\" mso-themecolor:=\"mso-themecolor:\" text1;\"=\"text1;\"\">Em entrevista ao Estado, o ministro da Secretaria de Avia\u00e7\u00e3o Civil, Moreira Franco, confirmou ontem que o governo montou um grupo t\u00e9cnico para avaliar as sugest\u00f5es das empresas. Ele, no entanto, disse que as companhias ter\u00e3o de melhorar suagest\u00e3o. &#8220;Sabemos que para modernizar o setor \u00e9 preciso ter companhias robustas. Mas elas v\u00e3o ter de fazer a parte delas e melhorar a gest\u00e3o.&#8221;<\/span><\/p>\n<p class=\"MsoNormal\" style=\"margin-bottom: .0001pt; line-height: normal;\"><span style=\"font-family: \" color:=\"color:\" black;=\"black;\" mso-themecolor:=\"mso-themecolor:\" text1;\"=\"text1;\"\">O presidente da Abear fez quest\u00e3o de repetir que as conversas com o governo federal n\u00e3o dizem respeito a pedidos de ajuda para o setor, mas de corre\u00e7\u00e3o de distor\u00e7\u00f5es tribut\u00e1rias que n\u00e3o se aplicam mais ao mercado atual e de mecanismos para dar uma certa previsibilidade \u00e0s companhias a\u00e9reas.<\/span><\/p>\n<p class=\"MsoNormal\" style=\"margin-bottom: .0001pt; line-height: normal;\"><span style=\"font-family: \" color:=\"color:\" black;=\"black;\" mso-themecolor:=\"mso-themecolor:\" text1;\"=\"text1;\"\">&#8220;N\u00e3o dizemos que a Petro-br\u00e1s tem de subsidiar o querosene de avia\u00e7\u00e3o ou o Estado n\u00e3o tem de arrecadar, mas precisamos de regras que nos deem estabilidade de cen\u00e1rio nos pr\u00f3ximos cinco anos&#8221;, disse.<\/span><\/p>\n<p class=\"MsoNormal\" style=\"margin-bottom: .0001pt; line-height: normal;\"><span style=\"font-family: \" color:=\"color:\" black;=\"black;\" mso-themecolor:=\"mso-themecolor:\" text1;\"=\"text1;\"\">O setor a\u00e9reo vem enfrentando dificuldades financeiras, em fun\u00e7\u00e3o do aumento dos custos das companhias. Essa situa\u00e7\u00e3o se agravou com a recente alta do d\u00f3lar, j\u00e1 que mais da metade das despesas do setor s\u00e3o atreladas \u00e0 moeda americana.<\/span><\/p>\n<p class=\"MsoNormal\" style=\"margin-bottom: .0001pt; line-height: normal;\"><span style=\"font-family: \" color:=\"color:\" black;=\"black;\" mso-themecolor:=\"mso-themecolor:\" text1;\"=\"text1;\"\">Para conter o preju\u00edzo, as empresas v\u00eam adotando uma estrat\u00e9gia mais conservadora, que levaram a uma redu\u00e7\u00e3o da oferta de voos nacionais. O setor registrou no mercado dom\u00e9stico queda de 5,7% na oferta e haixa de 11,1% na demanda na compara\u00e7\u00e3o com julho. O n\u00famero de passageiros transportados em voos dom\u00e9sticos em agosto somou 6,5 milh\u00f5es de passageiros, n\u00famero 6,6% abaixo do total registrado no m\u00eas anterior.<\/span><\/p>\n<p class=\"MsoNormal\" style=\"margin-bottom: .0001pt; line-height: normal;\"><span style=\"font-family: \" color:=\"color:\" black;=\"black;\" mso-themecolor:=\"mso-themecolor:\" text1;\"=\"text1;\"\">Os dados do setor a\u00e9reo em agosto mostram, nas palavras de Adalberto Febeliano, consultor t\u00e9cnico da Abear, uma &#8220;ressaca natural&#8221; em rela\u00e7\u00e3o a julho, m\u00eas de f\u00e9rias escolares. Nesse per\u00edodo, a TAM liderou os voos dom\u00e9sticos, com 40,2% de participa\u00e7\u00e3o, seguida por Gol (34,1%), Azul\/Trip (17,9%) e Avianca (7,8%). A Abear \u00e9 formada por TAM, Gol, Azul\/Trip e Avianca e come\u00e7ou a divulgar dados operacionais dos associados em setembro de 2012.<\/span><\/p>\n<p class=\"MsoNormal\" style=\"margin-bottom: .0001pt; line-height: normal;\"><span style=\"font-family: \" color:=\"color:\" black;=\"black;\" mso-themecolor:=\"mso-themecolor:\" text1;\"=\"text1;\"\"> <\/span><\/p>\n<p class=\"MsoNormal\" style=\"margin-bottom: .0001pt; line-height: normal;\"><span style=\"font-family: \" color:=\"color:\" black;=\"black;\" mso-themecolor:=\"mso-themecolor:\" text1;\"=\"text1;\"\">________________________________________<\/span><\/p>\n<p class=\"MsoNormal\" style=\"margin-bottom: .0001pt; line-height: normal;\"><span style=\"font-family: \" color:=\"color:\" black;=\"black;\" mso-themecolor:=\"mso-themecolor:\" text1;\"=\"text1;\"\"> <\/span><\/p>\n<p class=\"MsoNormal\" style=\"margin-bottom: .0001pt; line-height: normal;\"><strong><span style=\"font-family: \" color:=\"color:\" black;=\"black;\" mso-themecolor:=\"mso-themecolor:\" text1;\"=\"text1;\"\">Banc\u00e1rio fecha mais de 6 mil ag\u00eancias<\/span><\/strong><\/p>\n<p class=\"MsoNormal\" style=\"margin-bottom: .0001pt; line-height: normal;\"><em><span style=\"font-family: \" color:=\"color:\" black;=\"black;\" mso-themecolor:=\"mso-themecolor:\" text1;\"=\"text1;\"\">O Globo<\/span><\/em><\/p>\n<p class=\"MsoNormal\" style=\"margin-bottom: .0001pt; line-height: normal;\"><span style=\"font-family: \" color:=\"color:\" black;=\"black;\" mso-themecolor:=\"mso-themecolor:\" text1;\"=\"text1;\"\"> <\/span><\/p>\n<p class=\"MsoNormal\" style=\"margin-bottom: .0001pt; line-height: normal;\"><span style=\"font-family: \" color:=\"color:\" black;=\"black;\" mso-themecolor:=\"mso-themecolor:\" text1;\"=\"text1;\"\">No primeiro dia da greve da categoria, os banc\u00e1rios fecharam 6.145 ag\u00eancias (cerca de 30% do total) e centros administrativos de bancos ontem em todo o pa\u00eds, de acordo com balan\u00e7o divulgado pela Confedera\u00e7\u00e3o Nacional dos Trabalhadores do Ramo Financeiro (Contraf). A paralisa\u00e7\u00e3o prossegue hoje e deve continuar na pr\u00f3xima semana, uma vez que a Federa\u00e7\u00e3o Nacional de Bancos (Fenaban) n\u00e3o deu qualquer indica\u00e7\u00e3o de retomar as negocia\u00e7\u00f5es salariais com a categoria.<\/span><\/p>\n<p class=\"MsoNormal\" style=\"margin-bottom: .0001pt; line-height: normal;\"><span style=\"font-family: \" color:=\"color:\" black;=\"black;\" mso-themecolor:=\"mso-themecolor:\" text1;\"=\"text1;\"\">No Centro do Rio, cerca de 200 ag\u00eancias banc\u00e1rias n\u00e3o funcionaram ontem. Os sindicalistas est\u00e3o programando passeata na cidade, provavelmente na pr\u00f3xima ter\u00e7a-feira, a partir das 16h.<\/span><\/p>\n<p class=\"MsoNormal\" style=\"margin-bottom: .0001pt; line-height: normal;\"><span style=\"font-family: \" color:=\"color:\" black;=\"black;\" mso-themecolor:=\"mso-themecolor:\" text1;\"=\"text1;\"\">Os banc\u00e1rios reivindicam reajuste de 11,93%, valoriza\u00e7\u00e3o do piso salarial, maior participa\u00e7\u00e3o nos lucros, empregos e fim da rotatividade e das terceiriza\u00e7\u00f5es. Tamb\u00e9m querem melhores condi\u00e7\u00f5es de sa\u00fade e trabalho, mais seguran\u00e7a nas ag\u00eancias e igualdade de oportunidades.<\/span><\/p>\n<p class=\"MsoNormal\" style=\"margin-bottom: .0001pt; line-height: normal;\"><span style=\"font-family: \" color:=\"color:\" black;=\"black;\" mso-themecolor:=\"mso-themecolor:\" text1;\"=\"text1;\"\">Na semana passada, a categoria rejeitou em assembleias a proposta de reajuste de 6,1% da Fenaban, \u00edndice que rep\u00f5e a infla\u00e7\u00e3o pelo INPC e \u00e9 muito inferior aos 11,93% pleiteados pela categoria. Procurada, a Fenaban n\u00e3o quis comentar os n\u00fameros da paralisa\u00e7\u00e3o divulgados pela Contraf e tampouco a possibilidade de fazer nova proposta aos empregados.<\/span><\/p>\n<p class=\"MsoNormal\" style=\"margin-bottom: .0001pt; line-height: normal;\"><span style=\"font-family: \" color:=\"color:\" black;=\"black;\" mso-themecolor:=\"mso-themecolor:\" text1;\"=\"text1;\"\">\u2014 Esse foi s\u00f3 o primeiro dia. Daqui em diante a ades\u00e3o ser\u00e1 maior \u2014 afirmou Juvandia Moreira, do Sindicato dos Banc\u00e1rios de S\u00e3o Paulo, que ontem contabilizou 571 ag\u00eancias e centros administrativos fechados.<\/span><\/p>\n<p class=\"MsoNormal\" style=\"margin-bottom: .0001pt; line-height: normal;\"><span style=\"font-family: \" color:=\"color:\" black;=\"black;\" mso-themecolor:=\"mso-themecolor:\" text1;\"=\"text1;\"\">Os petroleiros tamb\u00e9m anunciaram um calend\u00e1rio de mobiliza\u00e7\u00f5es e a\u00e7\u00f5es pol\u00edticas, inclusive uma greve nacional de 24 horas no dia 3 de outubro, quando a Petrobras completa 60 anos. <\/span><\/p>\n<p class=\"MsoNormal\" style=\"margin-bottom: .0001pt; line-height: normal;\"><span style=\"font-family: \" color:=\"color:\" black;=\"black;\" mso-themecolor:=\"mso-themecolor:\" text1;\"=\"text1;\"\"> <\/span><\/p>\n<p class=\"MsoNormal\" style=\"margin-bottom: .0001pt; line-height: normal;\"><span style=\"font-family: \" color:=\"color:\" black;=\"black;\" mso-themecolor:=\"mso-themecolor:\" text1;\"=\"text1;\"\">________________________________________<\/span><\/p>\n<p class=\"MsoNormal\" style=\"margin-bottom: .0001pt; line-height: normal;\"><span style=\"font-family: \" color:=\"color:\" black;=\"black;\" mso-themecolor:=\"mso-themecolor:\" text1;\"=\"text1;\"\"> <\/span><\/p>\n<p class=\"MsoNormal\" style=\"margin-bottom: .0001pt; line-height: normal;\"><strong><span style=\"font-family: \" color:=\"color:\" black;=\"black;\" mso-themecolor:=\"mso-themecolor:\" text1;\"=\"text1;\"\">Petroleiros param como advert\u00eancia<\/span><\/strong><\/p>\n<p class=\"MsoNormal\" style=\"margin-bottom: .0001pt; line-height: normal;\"><em><span style=\"font-family: \" color:=\"color:\" black;=\"black;\" mso-themecolor:=\"mso-themecolor:\" text1;\"=\"text1;\"\">O Estado de S. Paulo<\/span><\/em><\/p>\n<p class=\"MsoNormal\" style=\"margin-bottom: .0001pt; line-height: normal;\"><span style=\"font-family: \" color:=\"color:\" black;=\"black;\" mso-themecolor:=\"mso-themecolor:\" text1;\"=\"text1;\"\"> <\/span><\/p>\n<p>\u00a0<\/p>\n<p class=\"MsoNormal\" style=\"margin-bottom: .0001pt; line-height: normal;\"><span style=\"font-family: \" color:=\"color:\" black;=\"black;\" mso-themecolor:=\"mso-themecolor:\" text1;\"=\"text1;\"\">Os petroleiros dever\u00e3o fazer greve de 24 horas em 3 de outubro, anivers\u00e1rio de 60 anos da Petrobr\u00e1s, conforme indicativo aprovado pela Federa\u00e7\u00e3o \u00danica dos Petroleiros (FUP). Segundo nota no site da FUP, a proposta come\u00e7ar\u00e1 a ser apreciado pelos sindicatos filiados em assembleias a partir de segunda-feira, dia 23. Tamb\u00e9m est\u00e1 em discuss\u00e3o uma greve mais ampla a partir de 1\u00ba de outubro &#8211; cuja proposta ser\u00e1 votada em reuni\u00e3o da FUP no pr\u00f3ximo dia 8. A pauta de reivindica\u00e7\u00f5es vai al\u00e9m da negocia\u00e7\u00e3o salarial e de condi\u00e7\u00f5es do trabalho, incluindo tamb\u00e9m mobiliza\u00e7\u00f5es contra o leil\u00e3o do campo de Libra.<\/span><\/p>\n","protected":false},"excerpt":{"rendered":"\nCorreio Braziliense\n \nCinco das maiores empresas globais de explora\u00e7\u00e3o de petr\u00f3leo decidiram ficar de fora da disputa no leil\u00e3o de Libra, a 183 km do litoral fluminense, a maior jazida descoberta at\u00e9 agora no pr\u00e9-sal, com estimativas que variam entre 8 e 12 bilh\u00f5es de barris \u2014 o restante das reservas do pa\u00eds soma 15,3 bilh\u00f5es. \n<a class=\"moretag\" href=\"https:\/\/pcb.org.br\/portal2\/5458\"> <\/a>","protected":false},"author":1,"featured_media":0,"comment_status":"open","ping_status":"open","sticky":false,"template":"","format":"standard","meta":{"jetpack_post_was_ever_published":false,"_jetpack_newsletter_access":"","_jetpack_dont_email_post_to_subs":false,"_jetpack_newsletter_tier_id":0,"_jetpack_memberships_contains_paywalled_content":false,"_jetpack_memberships_contains_paid_content":false,"footnotes":"","jetpack_publicize_message":"","jetpack_publicize_feature_enabled":true,"jetpack_social_post_already_shared":false,"jetpack_social_options":{"image_generator_settings":{"template":"highway","default_image_id":0,"font":"","enabled":false},"version":2}},"categories":[106],"tags":[],"class_list":["post-5458","post","type-post","status-publish","format-standard","hentry","category-c119-olhovivo"],"jetpack_publicize_connections":[],"jetpack_featured_media_url":"","jetpack_shortlink":"https:\/\/wp.me\/p659gw-1q2","jetpack-related-posts":[],"jetpack_likes_enabled":true,"jetpack_sharing_enabled":true,"_links":{"self":[{"href":"https:\/\/pcb.org.br\/portal2\/wp-json\/wp\/v2\/posts\/5458","targetHints":{"allow":["GET"]}}],"collection":[{"href":"https:\/\/pcb.org.br\/portal2\/wp-json\/wp\/v2\/posts"}],"about":[{"href":"https:\/\/pcb.org.br\/portal2\/wp-json\/wp\/v2\/types\/post"}],"author":[{"embeddable":true,"href":"https:\/\/pcb.org.br\/portal2\/wp-json\/wp\/v2\/users\/1"}],"replies":[{"embeddable":true,"href":"https:\/\/pcb.org.br\/portal2\/wp-json\/wp\/v2\/comments?post=5458"}],"version-history":[{"count":0,"href":"https:\/\/pcb.org.br\/portal2\/wp-json\/wp\/v2\/posts\/5458\/revisions"}],"wp:attachment":[{"href":"https:\/\/pcb.org.br\/portal2\/wp-json\/wp\/v2\/media?parent=5458"}],"wp:term":[{"taxonomy":"category","embeddable":true,"href":"https:\/\/pcb.org.br\/portal2\/wp-json\/wp\/v2\/categories?post=5458"},{"taxonomy":"post_tag","embeddable":true,"href":"https:\/\/pcb.org.br\/portal2\/wp-json\/wp\/v2\/tags?post=5458"}],"curies":[{"name":"wp","href":"https:\/\/api.w.org\/{rel}","templated":true}]}}