{"id":5462,"date":"2013-09-20T22:43:59","date_gmt":"2013-09-20T22:43:59","guid":{"rendered":"http:\/\/pcb.org.br\/portal2\/?p=5462"},"modified":"2013-09-20T22:43:59","modified_gmt":"2013-09-20T22:43:59","slug":"romper-os-acordos-militares-com-os-eua-e-suspender-o-leilao-do-campo-de-libra","status":"publish","type":"post","link":"https:\/\/pcb.org.br\/portal2\/5462","title":{"rendered":"Romper os acordos militares com os EUA e suspender o leil\u00e3o do Campo de Libra"},"content":{"rendered":"\n<p>Como j\u00e1\u00a0\u00e9\u00a0de conhecimento da popula\u00e7\u00e3o, ap\u00f3s den\u00fancias feitas pelo ex-agente do governo dos EUA, Edward Snowden, a espionagem digital &#8211; atrav\u00e9s de telefones, e-mails e redes sociais &#8211; das ag\u00eancias norte-americanas no Brasil atinge agentes do governo \u2013 incluindo a presidente da Rep\u00fablica, Dilma Rousseff -, as empresas estrat\u00e9gicas, como a Petrobras, al\u00e9m da popula\u00e7\u00e3o de forma geral &#8211; e dentre ela &#8211; n\u00e3o duvidamos que sejam alvos os militantes \u00e0 esquerda do espectro pol\u00edtico.<\/p>\n<p>Nesta semana, n\u00e3o para nossa surpresa, foi revelado em mat\u00e9ria da\u00a0Folha de S. Paulo (n\u00e3o contestada, seja pela Pol\u00edcia Federal, pela chancelaria brasileira ou pela diplomacia dos EUA), que agentes da CIA atuam livremente no Brasil, dentro de unidades da Pol\u00edcia Federal em Bras\u00edlia, tendo influ\u00eancia direta sobre o trabalho da Divis\u00e3o Antiterrorismo (DAT) da PF brasileira.<\/p>\n<p>A mat\u00e9ria cita ainda que, em 2004, durante o governo Lula, agentes da CIA participaram de a\u00e7\u00e3o policial \u201cOpera\u00e7\u00e3o Vampiro\u201d e, em 2005, tamb\u00e9m durante o per\u00edodo Lula, estiveram diretamente envolvidos no rastreamento do lutador de jiu-j\u00edtsu Gouram Abdel Hakim, suspeito de pertencer a uma c\u00e9lula da rede terrorista Al Qaeda.<\/p>\n<p>A suposi\u00e7\u00e3o de exist\u00eancia de c\u00e9lulas da Al Qaeda \u2013 a mesma que \u00e9 apoiada financeira e logisticamente pelo governo Obama na S\u00edria, diga-se de passagem -, ali\u00e1s, \u00e9 usada como uma pretensa justificativa para a atua\u00e7\u00e3o de ag\u00eancias de espionagem e militares dos EUA na Tr\u00edplice Fronteira (regi\u00e3o entre Brasil, Paraguai e Argentina riqu\u00edssima em reservas de \u00e1gua pot\u00e1vel).<\/p>\n<p>A mat\u00e9ria da\u00a0Folha n\u00e3o deixa margem para d\u00favidas: n\u00e3o \u00e9 surpresa para o governo &#8211; a n\u00e3o ser que ocorra sistem\u00e1tica quebra de comando na Pol\u00edcia Federal -, que agentes da intelig\u00eancia norte-americana se envolvam em assuntos internos brasileiros, chegando ao ponto de atuar em a\u00e7\u00f5es de nossa Pol\u00edcia Federal.<\/p>\n<p>Agora, com as revela\u00e7\u00f5es de Edward Snowden jogando luz num assunto que a maioria do governo gostaria de ver escondido, a despeito da verborragia c\u00ednica para consumo interno, Dilma Rousseff se viu obrigada a tomar alguma atitude \u2013 e joga para a plat\u00e9ia ao cancelar uma visita aos EUA, depois de combinar o gesto com o pr\u00f3prio Obama.<\/p>\n<p>Para o PCB, pouco resultado pr\u00e1tico existe nesse cancelamento de viagem para a recupera\u00e7\u00e3o da soberania brasileira. Necessitamos sim, em primeiro lugar, \u00e9 do completo rompimento dos acordos militares com os EUA, que permitem a ocorr\u00eancia di\u00e1ria de situa\u00e7\u00f5es como as descritas pela imprensa.<\/p>\n<p>E que, por conseguinte, envolvem sob cortina de fuma\u00e7a todo o verdadeiro conjunto de motivos que levam o Brasil a assinar acordos de coopera\u00e7\u00e3o militar com estados terroristas como a Col\u00f4mbia e Israel.<\/p>\n<p>Desde 2010 o PCB vem denunciando a inconveni\u00eancia e a irresponsabilidade de tais acordos. Em artigo de maio daquele ano, assinado pelo secret\u00e1rio-geral Ivan Pinheiro, j\u00e1 denunci\u00e1vamos o tipo de situa\u00e7\u00f5es a que poder\u00edamos ser submetidos pela assinatura de tais acordos:<\/p>\n<p>\u201cAtrav\u00e9s desse acordo, os EUA concedem ao Brasil o total de 5,44 milh\u00f5es de d\u00f3lares para treinamento da Pol\u00edcia Federal brasileira em projetos que v\u00e3o desde \u201cT\u00e9cnicas de vigil\u00e2ncia e agentes disfar\u00e7ados\u201d, \u201cColeta, processamento e dissemina\u00e7\u00e3o de dados e intelig\u00eancia\u201d, \u201cCombate ao crime urbano\u201de , o mais grave, \u201cTreinamento em a\u00e7\u00f5es Transfronteiri\u00e7as\u201d, ou seja, as partes se declaram no direito de invadir pa\u00edses lim\u00edtrofes ao Brasil. Al\u00e9m do Brasil abrir m\u00e3o de sua soberania ainda amea\u00e7a a de nossos vizinhos.\u201d<\/p>\n<p>A abrang\u00eancia de itens como\u00a0\u201cColeta, processamento e dissemina\u00e7\u00e3o de dados e intelig\u00eancia\u201d e \u201cCombate ao crime urbano\u201d pode estar por tr\u00e1s, por exemplo, da press\u00e3o de setores empresariais e de extrema-direita para a cria\u00e7\u00e3o e manuten\u00e7\u00e3o de legisla\u00e7\u00e3o restritiva que institui o crime de \u201cterrorismo\u201d no Brasil, sob a desculpa de garantir a \u201cseguran\u00e7a\u201d dos mega eventos esportivos.<\/p>\n<p>Atrav\u00e9s desses acordos, todo e qualquer brasileiro que se levante contra os odiosos interesses imperiais dos EUA pode se tornar alvo. \u00c9 o que denunci\u00e1vamos em 2010, quando mesmo setores da esquerda (e todo o governo) se calaram diante de nossa den\u00fancia.<\/p>\n<p>Cancelar viagens, jantares e rapap\u00e9s n\u00e3o soluciona a situa\u00e7\u00e3o, presidente Dilma. A senhora deve romper o acordo militar com os EUA e suspender imediatamente o leil\u00e3o do Campo de Libra que, se j\u00e1 era vergonhoso, agora \u00e9 mais ainda, com a descoberta da espionagem \u00e0 Petrobras.<\/p>\n<p>Comit\u00ea\u00a0Central do PCB<\/p>\n<p>*Leia as den\u00fancias que fizemos em 2010:<\/p>\n<p><a href=\"http:\/\/www.pcb.org.br\/portal\/index.php?option=com_content&amp;view=article&amp;id=1617\" target=\"_blank\">http:\/\/www.pcb.org.br\/portal\/index.php?option=com_content&amp;view=article&amp;id=1617<\/a><\/p>\n<p><a href=\"index.php?option=com_content&amp;view=article&amp;id=1570\" target=\"_blank\">http:\/\/pcb.org.br\/portal\/index.php?option=com_content&amp;view=article&amp;id=1570<\/a><\/p>\n","protected":false},"excerpt":{"rendered":"\n(Nota Pol\u00edtica do PCB)\n<a class=\"moretag\" href=\"https:\/\/pcb.org.br\/portal2\/5462\"> <\/a>","protected":false},"author":1,"featured_media":0,"comment_status":"open","ping_status":"open","sticky":false,"template":"","format":"standard","meta":{"jetpack_post_was_ever_published":false,"_jetpack_newsletter_access":"","_jetpack_dont_email_post_to_subs":false,"_jetpack_newsletter_tier_id":0,"_jetpack_memberships_contains_paywalled_content":false,"_jetpack_memberships_contains_paid_content":false,"footnotes":"","jetpack_publicize_message":"","jetpack_publicize_feature_enabled":true,"jetpack_social_post_already_shared":false,"jetpack_social_options":{"image_generator_settings":{"template":"highway","default_image_id":0,"font":"","enabled":false},"version":2}},"categories":[26],"tags":[],"class_list":["post-5462","post","type-post","status-publish","format-standard","hentry","category-c25-notas-politicas-do-pcb"],"jetpack_publicize_connections":[],"jetpack_featured_media_url":"","jetpack_shortlink":"https:\/\/wp.me\/p659gw-1q6","jetpack-related-posts":[],"jetpack_likes_enabled":true,"jetpack_sharing_enabled":true,"_links":{"self":[{"href":"https:\/\/pcb.org.br\/portal2\/wp-json\/wp\/v2\/posts\/5462","targetHints":{"allow":["GET"]}}],"collection":[{"href":"https:\/\/pcb.org.br\/portal2\/wp-json\/wp\/v2\/posts"}],"about":[{"href":"https:\/\/pcb.org.br\/portal2\/wp-json\/wp\/v2\/types\/post"}],"author":[{"embeddable":true,"href":"https:\/\/pcb.org.br\/portal2\/wp-json\/wp\/v2\/users\/1"}],"replies":[{"embeddable":true,"href":"https:\/\/pcb.org.br\/portal2\/wp-json\/wp\/v2\/comments?post=5462"}],"version-history":[{"count":0,"href":"https:\/\/pcb.org.br\/portal2\/wp-json\/wp\/v2\/posts\/5462\/revisions"}],"wp:attachment":[{"href":"https:\/\/pcb.org.br\/portal2\/wp-json\/wp\/v2\/media?parent=5462"}],"wp:term":[{"taxonomy":"category","embeddable":true,"href":"https:\/\/pcb.org.br\/portal2\/wp-json\/wp\/v2\/categories?post=5462"},{"taxonomy":"post_tag","embeddable":true,"href":"https:\/\/pcb.org.br\/portal2\/wp-json\/wp\/v2\/tags?post=5462"}],"curies":[{"name":"wp","href":"https:\/\/api.w.org\/{rel}","templated":true}]}}