{"id":5472,"date":"2013-09-23T11:50:25","date_gmt":"2013-09-23T11:50:25","guid":{"rendered":"http:\/\/pcb.org.br\/portal2\/?p=5472"},"modified":"2013-09-23T11:50:25","modified_gmt":"2013-09-23T11:50:25","slug":"a-petrobras-tem-40-de-seus-lucros-remetidos-ao-exterior","status":"publish","type":"post","link":"https:\/\/pcb.org.br\/portal2\/5472","title":{"rendered":"A Petrobras tem 40% de seus lucros remetidos ao exterior"},"content":{"rendered":"\n<p>Neste momento em que muita gente se prepara para comemorar os 60 anos de cria\u00e7\u00e3o da Petrobras, \u00e9 preciso relembrar alguns fatos e dados para trazer-nos de volta \u00e0 realidade.<\/p>\n<p>O capital social da Petrobras \u00e9 formado por\u00a0<a href=\"tel:8.774.076.740\" target=\"_blank\">8.774.076.740<\/a> a\u00e7\u00f5es sem valor nominal (57,8% de a\u00e7\u00f5es ordin\u00e1rias, com direito de voto, e 42,2% de preferenciais). A Uni\u00e3o Federal exerce o controle acion\u00e1rio, com 55,6% do capital votante ou\u00a0<a href=\"tel:2.819.707.493\" target=\"_blank\">2.819.707.493<\/a> a\u00e7\u00f5es ON.<\/p>\n<p>A divis\u00e3o dessas a\u00e7\u00f5es segundo seu tipo e propriet\u00e1rio est\u00e1 mostrada na planilha a seguir:<\/p>\n<table border=\"1\" cellspacing=\"0\" cellpadding=\"0\" align=\"left\">\n<tbody>\n<tr>\n<td width=\"295\">\n<p align=\"center\"><strong>Acionista<\/strong><\/p>\n<\/td>\n<td width=\"153\">\n<p align=\"center\"><strong>%<\/strong><\/p>\n<\/td>\n<\/tr>\n<tr>\n<td width=\"295\">\n<p>Uni\u00e3o Federal<\/p>\n<\/td>\n<td width=\"153\">\n<p align=\"right\">32.1<\/p>\n<\/td>\n<\/tr>\n<tr>\n<td width=\"295\">\n<p>BNDESPar<\/p>\n<\/td>\n<td width=\"153\">\n<p align=\"right\">7,7<\/p>\n<\/td>\n<\/tr>\n<tr>\n<td width=\"295\">\n<p>ADR (A\u00e7\u00f5es ON)<\/p>\n<\/td>\n<td width=\"153\">\n<p align=\"right\">14,9<\/p>\n<\/td>\n<\/tr>\n<tr>\n<td width=\"295\">\n<p>ADR (A\u00e7\u00f5es PN)<\/p>\n<\/td>\n<td width=\"153\">\n<p align=\"right\">14,8<\/p>\n<\/td>\n<\/tr>\n<tr>\n<td width=\"295\">\n<p>FMP \u2013 FGTS Petrobras<\/p>\n<\/td>\n<td width=\"153\">\n<p align=\"right\">2,0<\/p>\n<\/td>\n<\/tr>\n<tr>\n<td width=\"295\">\n<p>Estrangeiros (Resolu\u00e7\u00e3o n\u00ba 2.689 CMN)<\/p>\n<\/td>\n<td width=\"153\">\n<p align=\"right\">9,1<\/p>\n<\/td>\n<\/tr>\n<tr>\n<td width=\"295\">\n<p>Outras pessoas f\u00edsicas e jur\u00eddicas<\/p>\n<\/td>\n<td width=\"153\">\n<p align=\"right\">19,4<\/p>\n<\/td>\n<\/tr>\n<tr>\n<td width=\"295\">\n<p><strong>Total<\/strong><\/p>\n<\/td>\n<td width=\"153\">\n<p align=\"right\">100,0<\/p>\n<\/td>\n<\/tr>\n<\/tbody>\n<\/table>\n<p>Fonte :\u00a0<a href=\"http:\/\/www.petrobras.com.br\/\" target=\"_blank\">www.petrobras.com.br<\/a><\/p>\n<p>Considerando-se o capital total, a Uni\u00e3o Federal disp\u00f5e somente de 39,8% das a\u00e7\u00f5es. Levando-se em conta o capital votante \u2013 as a\u00e7\u00f5es ordin\u00e1rias nominativas ou ON \u2013 a Uni\u00e3o Federal controla a empresa com uma folga de somente 5,6% do total. Qualquer mudan\u00e7a de orienta\u00e7\u00e3o pol\u00edtica num governo permitir\u00e1 a perda do controle estatal da empresa.<\/p>\n<p>Outro dado digno de nota: 38,8% do capital social da Petrobras est\u00e1 em m\u00e3os de estrangeiros (pessoas f\u00edsicas, institui\u00e7\u00f5es financeiras e simples especuladores). Este n\u00famero obt\u00e9m-se somando os dois tipos de ADR (American Depositary Receipts) negociados no mercado dos EUA com as a\u00e7\u00f5es em poder de estrangeiros, de acordo com a Resolu\u00e7\u00e3o n\u00ba 2.689 do Conselho Monet\u00e1rio Nacional.<\/p>\n<p>Assim, cerca de 40% dos lucros anuais da Petrobras s\u00e3o transferidos para o exterior, ignorando solenemente as necessidades brasileiras e os programas sociais da Uni\u00e3o, para inflar a riqueza de banqueiros e concentrar ainda mais a riqueza.<\/p>\n<p>Mantido o atual quadro, mesmo que a luta de muitos tenha resultados, \u201co petr\u00f3leo seja nosso\u201d e a Petrobras venha ser a dona do Pr\u00e9-sal, cerca 40% dos lucros das opera\u00e7\u00f5es resultantes da produ\u00e7\u00e3o desses campos ser\u00e3o remetidos ao exterior.<\/p>\n<p>Assim, a quest\u00e3o n\u00e3o se restringe somente \u00e0 posse do Pr\u00e9-sal e de outras \u00e1reas. \u00c9 preciso ampliar o campo de vis\u00e3o. A Petrobras hoje n\u00e3o \u00e9 nossa. A Petrobras tem que voltar ser nossa para que o Pr\u00e9-sal possa ser dela.<\/p>\n","protected":false},"excerpt":{"rendered":"\nArgemiro Pertence\n<a class=\"moretag\" href=\"https:\/\/pcb.org.br\/portal2\/5472\"> <\/a>","protected":false},"author":1,"featured_media":0,"comment_status":"open","ping_status":"open","sticky":false,"template":"","format":"standard","meta":{"jetpack_post_was_ever_published":false,"_jetpack_newsletter_access":"","_jetpack_dont_email_post_to_subs":false,"_jetpack_newsletter_tier_id":0,"_jetpack_memberships_contains_paywalled_content":false,"_jetpack_memberships_contains_paid_content":false,"footnotes":"","jetpack_publicize_message":"","jetpack_publicize_feature_enabled":true,"jetpack_social_post_already_shared":false,"jetpack_social_options":{"image_generator_settings":{"template":"highway","default_image_id":0,"font":"","enabled":false},"version":2}},"categories":[21],"tags":[],"class_list":["post-5472","post","type-post","status-publish","format-standard","hentry","category-c35-o-petroleo-tem-que-ser-nosso"],"jetpack_publicize_connections":[],"jetpack_featured_media_url":"","jetpack_shortlink":"https:\/\/wp.me\/p659gw-1qg","jetpack-related-posts":[],"jetpack_likes_enabled":true,"jetpack_sharing_enabled":true,"_links":{"self":[{"href":"https:\/\/pcb.org.br\/portal2\/wp-json\/wp\/v2\/posts\/5472","targetHints":{"allow":["GET"]}}],"collection":[{"href":"https:\/\/pcb.org.br\/portal2\/wp-json\/wp\/v2\/posts"}],"about":[{"href":"https:\/\/pcb.org.br\/portal2\/wp-json\/wp\/v2\/types\/post"}],"author":[{"embeddable":true,"href":"https:\/\/pcb.org.br\/portal2\/wp-json\/wp\/v2\/users\/1"}],"replies":[{"embeddable":true,"href":"https:\/\/pcb.org.br\/portal2\/wp-json\/wp\/v2\/comments?post=5472"}],"version-history":[{"count":0,"href":"https:\/\/pcb.org.br\/portal2\/wp-json\/wp\/v2\/posts\/5472\/revisions"}],"wp:attachment":[{"href":"https:\/\/pcb.org.br\/portal2\/wp-json\/wp\/v2\/media?parent=5472"}],"wp:term":[{"taxonomy":"category","embeddable":true,"href":"https:\/\/pcb.org.br\/portal2\/wp-json\/wp\/v2\/categories?post=5472"},{"taxonomy":"post_tag","embeddable":true,"href":"https:\/\/pcb.org.br\/portal2\/wp-json\/wp\/v2\/tags?post=5472"}],"curies":[{"name":"wp","href":"https:\/\/api.w.org\/{rel}","templated":true}]}}