{"id":5478,"date":"2013-09-25T12:37:33","date_gmt":"2013-09-25T12:37:33","guid":{"rendered":"http:\/\/pcb.org.br\/portal2\/?p=5478"},"modified":"2013-09-25T12:37:33","modified_gmt":"2013-09-25T12:37:33","slug":"o-discurso-e-a-pratica","status":"publish","type":"post","link":"https:\/\/pcb.org.br\/portal2\/5478","title":{"rendered":"O discurso e a pr\u00e1tica"},"content":{"rendered":"\n<p>Fique atento aos trechos do discurso. Voltamos ao final, para os coment\u00e1rios:<\/p>\n<p><em><strong>&#8220;Informa\u00e7\u00f5es empresariais &#8211;muitas vezes, de alto valor econ\u00f4mico e mesmo estrat\u00e9gico&#8211; estiveram na mira da espionagem. Tamb\u00e9m representa\u00e7\u00f5es diplom\u00e1ticas brasileiras, entre elas a Miss\u00e3o Permanente junto \u00e0s Na\u00e7\u00f5es Unidas e a pr\u00f3pria Presid\u00eancia da Rep\u00fablica tiveram suas comunica\u00e7\u00f5es interceptadas.<\/strong><\/em><\/p>\n<p><em><strong>&#8230;<\/strong><\/em><\/p>\n<p><em><strong> <\/p>\n<p>O Brasil, senhor presidente, sabe proteger-se. Repudia, combate e n\u00e3o d\u00e1 abrigo a grupos terroristas. Somos um pa\u00eds democr\u00e1tico, cercado de pa\u00edses democr\u00e1ticos, pac\u00edficos e respeitosos do Direito Internacional. Vivemos em paz com os nossos vizinhos h\u00e1 mais de 140 anos.<\/p>\n<p>&#8230;<\/p>\n<p>Como tantos outros latino-americanos, lutei contra o arb\u00edtrio e a censura e n\u00e3o posso deixar de defender de modo intransigente o direito \u00e0 privacidade dos indiv\u00edduos e a soberania de meu pa\u00eds.<\/p>\n<p>&#8230;<\/p>\n<p>Estamos, senhor presidente, diante de um caso grave de viola\u00e7\u00e3o dos direitos humanos e das liberdades civis; da invas\u00e3o e captura de informa\u00e7\u00f5es sigilosas relativas as atividades empresariais e, sobretudo, de desrespeito \u00e0 soberania nacional do meu pa\u00eds.<\/p>\n<p>&#8230;<\/p>\n<p>Meu governo far\u00e1 tudo que estiver a seu alcance para defender os direitos humanos de todos os brasileiros e de todos os cidad\u00e3os do mundo e proteger os frutos da engenhosidade de nossos trabalhadores e de nossas empresas.<\/p>\n<p>&#8230;<\/p>\n<p>Adotamos no Brasil um modelo econ\u00f4mico com inclus\u00e3o social, que se assenta na gera\u00e7\u00e3o de empregos, no fortalecimento da agricultura familiar, na amplia\u00e7\u00e3o do cr\u00e9dito, na valoriza\u00e7\u00e3o do sal\u00e1rio e na constru\u00e7\u00e3o de uma vasta rede de prote\u00e7\u00e3o social, particularmente por meio do nosso programa Bolsa Fam\u00edlia.<\/p>\n<p>&#8230;<\/p>\n<p>Al\u00e9m das conquistas anteriores, retiramos da extrema pobreza, com o Plano Brasil sem Mis\u00e9ria, 22 milh\u00f5es de brasileiros, em apenas dois anos.<\/p>\n<p>&#8230;<\/p>\n<p>As crian\u00e7as s\u00e3o prioridade para o Brasil. Isso se traduz no compromisso com a educa\u00e7\u00e3o.<\/p>\n<p>&#8230;<\/p>\n<p>As manifesta\u00e7\u00f5es de junho, em meu pa\u00eds, s\u00e3o parte indissoci\u00e1vel do nosso processo de constru\u00e7\u00e3o da democracia e de mudan\u00e7a social. O meu governo n\u00e3o as reprimiu, pelo contr\u00e1rio, ouviu e compreendeu a voz das ruas. Ouvimos e compreendemos porque n\u00f3s viemos das ruas.<\/p>\n<p>&#8230;<\/p>\n<p>No Brasil, foi nessa d\u00e9cada, que houve a maior redu\u00e7\u00e3o de desigualdade dos \u00faltimos 50 anos. Foi esta d\u00e9cada que criamos um sistema de prote\u00e7\u00e3o social que nos permitiu agora praticamente superar a extrema pobreza.<\/p>\n<p>&#8230;<\/p>\n<p>Meu pa\u00eds est\u00e1 recuperando o crescimento apesar do impacto da crise internacional nos \u00faltimos anos.<\/p>\n<p>&#8230;<\/p>\n<p>Contamos com tr\u00eas importantes elementos: i) o compromisso com pol\u00edticas macroecon\u00f4micas s\u00f3lidas; ii) a manuten\u00e7\u00e3o de exitosas pol\u00edticas sociais inclusivas; iii) e a ado\u00e7\u00e3o de medidas para aumentar nossa produtividade e, portanto, a competitividade do pa\u00eds.<\/p>\n<p>&#8230;<\/p>\n<p> <\/strong><\/em><\/p>\n<p>\u00a0<\/p>\n<p><em><strong>Temos compromisso com a estabilidade, com o controle da infla\u00e7\u00e3o, com a melhoria da qualidade do gasto p\u00fablico e a manuten\u00e7\u00e3o de um bom desempenho fiscal.&#8221;<\/strong><\/em><\/p>\n<p>Belo discurso, presidenta! Pena que n\u00e3o tenha nenhum compromisso com a realidade factual! Sen\u00e3o, vejamos:<\/p>\n<p><span style=\"line-height: 1.3em;\">&#8211; De nada adianta gritar a favor dos direitos humanos quando se coloca a Abin para monitorar militantes pol\u00edticos e\/ou sociais, ou ter na Secretaria de &#8220;Direitos Humanos&#8221; (sic) do ditatorial governador Sergio Cabral um militante do PT;<\/span><\/p>\n<p>-Se em seu discurso para o p\u00fablico externo h\u00e1 tanta reclama\u00e7\u00e3o com a espionagem de &#8220;informa\u00e7\u00f5es empresariais&#8221;, por que a presidente da Petrobras e a diretora-geral da ANP passam panos quentes para o p\u00fablico interno sem desmentidos da senhora? Por que n\u00e3o h\u00e1 o cancelamento do leil\u00e3o de Libra???;<\/p>\n<p>-Se aqui n\u00e3o h\u00e1 terrorismo, tese com a qual concordamos, por que fazer o congresso Nacional aprovar uma lei criando essa tipifica\u00e7\u00e3o penal?;<\/p>\n<p>-140 anos de paz com nossos vizinhos? N\u00e3o \u00e9 o que parecem sentir na pele as comunidades ind\u00edgenas afetadas pela polui\u00e7\u00e3o da Petrobras no Equador, os bolivianos e paraguaios usados como m\u00e3o-de-obra barata por capitalistas brasileiros em seus territ\u00f3rios, os militantes colombianos assassinados por armamento brasileiro, o Haiti&#8230;;<\/p>\n<p>&#8211; 22 milh\u00f5es de brasileiros retirados da mis\u00e9ria em dois anos? A senhora acredita mesmo que a pobreza se acaba com decreto ou maquiagem de dados???;<\/p>\n<p>&#8211; N\u00e3o houve repress\u00e3o \u00e0s manifesta\u00e7\u00f5es? As fotos e v\u00eddeos que inundam o planeta, desmentindo esta sua mentira deslavada, s\u00e3o fruto de alucina\u00e7\u00e3o coletiva?<\/p>\n<p><span style=\"line-height: 1.3em;\">Poupe-nos de suas mentiras, presidenta&#8230;<\/span><\/p>\n","protected":false},"excerpt":{"rendered":"Tivemos, na abertura da Assembl\u00e9ia-Geral da ONU nessa ter\u00e7a-feira (24), um bel\u00edssimo exemplo de como o discurso pode se dissociar da pr\u00e1tica, com atores de estatura menor (canastr\u00f5es) mentindo aos quatro ventos, em tradu\u00e7\u00e3o simult\u00e2nea para o idioma de quase a totalidade dos humanos. O Olhar Comunista traz os &#8220;melhores momentos&#8221; da interpreta\u00e7\u00e3o mentirosa de Dilma Rousseff.\n\u00a0\n<a class=\"moretag\" href=\"https:\/\/pcb.org.br\/portal2\/5478\"> <\/a>","protected":false},"author":1,"featured_media":0,"comment_status":"open","ping_status":"open","sticky":false,"template":"","format":"standard","meta":{"jetpack_post_was_ever_published":false,"_jetpack_newsletter_access":"","_jetpack_dont_email_post_to_subs":false,"_jetpack_newsletter_tier_id":0,"_jetpack_memberships_contains_paywalled_content":false,"_jetpack_memberships_contains_paid_content":false,"footnotes":"","jetpack_publicize_message":"","jetpack_publicize_feature_enabled":true,"jetpack_social_post_already_shared":false,"jetpack_social_options":{"image_generator_settings":{"template":"highway","default_image_id":0,"font":"","enabled":false},"version":2}},"categories":[100],"tags":[],"class_list":["post-5478","post","type-post","status-publish","format-standard","hentry","category-c113-a-semana-no-olhar-comunista"],"jetpack_publicize_connections":[],"jetpack_featured_media_url":"","jetpack_shortlink":"https:\/\/wp.me\/p659gw-1qm","jetpack-related-posts":[],"jetpack_likes_enabled":true,"jetpack_sharing_enabled":true,"_links":{"self":[{"href":"https:\/\/pcb.org.br\/portal2\/wp-json\/wp\/v2\/posts\/5478","targetHints":{"allow":["GET"]}}],"collection":[{"href":"https:\/\/pcb.org.br\/portal2\/wp-json\/wp\/v2\/posts"}],"about":[{"href":"https:\/\/pcb.org.br\/portal2\/wp-json\/wp\/v2\/types\/post"}],"author":[{"embeddable":true,"href":"https:\/\/pcb.org.br\/portal2\/wp-json\/wp\/v2\/users\/1"}],"replies":[{"embeddable":true,"href":"https:\/\/pcb.org.br\/portal2\/wp-json\/wp\/v2\/comments?post=5478"}],"version-history":[{"count":0,"href":"https:\/\/pcb.org.br\/portal2\/wp-json\/wp\/v2\/posts\/5478\/revisions"}],"wp:attachment":[{"href":"https:\/\/pcb.org.br\/portal2\/wp-json\/wp\/v2\/media?parent=5478"}],"wp:term":[{"taxonomy":"category","embeddable":true,"href":"https:\/\/pcb.org.br\/portal2\/wp-json\/wp\/v2\/categories?post=5478"},{"taxonomy":"post_tag","embeddable":true,"href":"https:\/\/pcb.org.br\/portal2\/wp-json\/wp\/v2\/tags?post=5478"}],"curies":[{"name":"wp","href":"https:\/\/api.w.org\/{rel}","templated":true}]}}