{"id":5485,"date":"2013-09-25T20:06:24","date_gmt":"2013-09-25T20:06:24","guid":{"rendered":"http:\/\/pcb.org.br\/portal2\/?p=5485"},"modified":"2013-09-25T20:06:24","modified_gmt":"2013-09-25T20:06:24","slug":"vazamento-de-informacoes-preocupa-o-fed","status":"publish","type":"post","link":"https:\/\/pcb.org.br\/portal2\/5485","title":{"rendered":"Vazamento de informa\u00e7\u00f5es preocupa o Fed"},"content":{"rendered":"\n<p>\u00a0<\/p>\n<p class=\"MsoNormal\" style=\"margin-bottom: .0001pt; line-height: normal;\"><span style=\"font-family: \" color:=\"color:\" black;=\"black;\" mso-themecolor:=\"mso-themecolor:\" text1;\"=\"text1;\"\">Alguns operadores de Chicago parecem ter recebido antes da hora a informa\u00e7\u00e3o de que o Fed manteria os est\u00edmulos. Segundo dados avaliados pela CMBC cerca de US$ 600 milh\u00f5es em ativos foram negociados segundos antes do comunicado\u00a0 unia grande diferen\u00e7a em rela\u00e7\u00e3o aos baixos volumes que antecedem decis\u00f5es do Fed.<\/span><\/p>\n<p class=\"MsoNormal\" style=\"margin-bottom: .0001pt; line-height: normal;\"><span style=\"font-family: \" color:=\"color:\" black;=\"black;\" mso-themecolor:=\"mso-themecolor:\" text1;\"=\"text1;\"\">O fundador da empresa de an\u00e1lises de mercado Nanex, Eric Hunsader?&#8221;foi quem observou o diferente padr\u00e3o de negocia\u00e7\u00e3o e alertou a CNEC.<\/span><\/p>\n<p class=\"MsoNormal\" style=\"margin-bottom: .0001pt; line-height: normal;\"><span style=\"font-family: \" color:=\"color:\" black;=\"black;\" mso-themecolor:=\"mso-themecolor:\" text1;\"=\"text1;\"\">Em comunicado \u00e0 rede de TV, o Fed disse estar em contato com empresas jornal\u00edsticas. &#8220;Como geralmente \u00e9 o caso na divulga\u00e7\u00e3o de informa\u00e7\u00f5es importantes ao mercado, as organiza\u00e7\u00f5es midi\u00e1ticas concordam formalmente em n\u00e3o tornar a informa\u00e7\u00e3o p\u00fablica at\u00e9 a hora certa da divulga\u00e7\u00e3o&#8221;, diz a nota. Um porta-voz se recusou a dizer com quais empresas o Fed entrou em contato.<\/span><\/p>\n<p class=\"MsoNormal\" style=\"margin-bottom: .0001pt; line-height: normal;\"><span style=\"font-family: \" color:=\"color:\" black;=\"black;\" mso-themecolor:=\"mso-themecolor:\" text1;\"=\"text1;\"\">Os bancos dos Estados Unidos devem incorporar as regras mais r\u00edgidas de Basileia III nas pr\u00f3ximas avalia\u00e7\u00f5es sobre a sa\u00fade das institui\u00e7\u00f5es\u00a0 financeiras, conhecidas como testes de estresse, disse ontem<\/span><\/p>\n<p class=\"MsoNormal\" style=\"margin-bottom: .0001pt; line-height: normal;\"><span style=\"font-family: \" color:=\"color:\" black;=\"black;\" mso-themecolor:=\"mso-themecolor:\" text1;\"=\"text1;\"\">O Federal Reserve.<\/span><\/p>\n<p class=\"MsoNormal\" style=\"margin-bottom: .0001pt; line-height: normal;\"><span style=\"font-family: \" color:=\"color:\" black;=\"black;\" mso-themecolor:=\"mso-themecolor:\" text1;\"=\"text1;\"\">O banco central dos EUA adotou duas regras, uma para bancos com US$50 bilh\u00f5es ou mais em ativos consolidados, e outra para grupos com ativos de US$ 10 bilh\u00f5es a US$ 50 bilh\u00f5es.<\/span><\/p>\n<p class=\"MsoNormal\" style=\"margin-bottom: .0001pt; line-height: normal;\"><span style=\"font-family: \" color:=\"color:\" black;=\"black;\" mso-themecolor:=\"mso-themecolor:\" text1;\"=\"text1;\"\">O grupo dos bancos maiores\u00a0 tem de levar em conta Basileia\u00a0 III nos pr\u00f3ximos testes de estresse? que come\u00e7am em 1.\u00b0 de outubro? disse o Fed. Para a maioria dos bancos do segundo\u00a0 grupo h\u00e1 um per\u00edodo de transi: c\u00e3o de um ano.<\/span><\/p>\n<p class=\"MsoNormal\" style=\"margin-bottom: .0001pt; line-height: normal;\"><span style=\"font-family: \" color:=\"color:\" black;=\"black;\" mso-themecolor:=\"mso-themecolor:\" text1;\"=\"text1;\"\">As duas regras entram em vigor imediatamente mas ainda podem ser revistas ap\u00f3s um per\u00edodo de coment\u00e1rio p\u00fablico. O Fed adotou as regras de Basileia III em julho, dizendo que\u00a0 os bancos devem usar mais de\u00a0 seu capital para financiar seus\u00a0 neg\u00f3cios e torn\u00e1-los mais robustos, depois da crise de 2007 a\u00a0 2009.<\/span><\/p>\n<p class=\"MsoNormal\" style=\"margin-bottom: .0001pt; line-height: normal;\"><span style=\"font-family: \" color:=\"color:\" black;=\"black;\" mso-themecolor:=\"mso-themecolor:\" text1;\"=\"text1;\"\"> <\/span><\/p>\n<p class=\"MsoNormal\" style=\"margin-bottom: .0001pt; line-height: normal;\"><span style=\"font-family: \" color:=\"color:\" black;=\"black;\" mso-themecolor:=\"mso-themecolor:\" text1;\"=\"text1;\"\">____________________________________________________<\/span><\/p>\n<p class=\"MsoNormal\" style=\"margin-bottom: .0001pt; line-height: normal;\"><span style=\"font-family: \" color:=\"color:\" black;=\"black;\" mso-themecolor:=\"mso-themecolor:\" text1;\"=\"text1;\"\"> <\/span><\/p>\n<p class=\"MsoNormal\" style=\"margin-bottom: .0001pt; line-height: normal;\"><strong><span style=\"font-family: \" color:=\"color:\" black;=\"black;\" mso-themecolor:=\"mso-themecolor:\" text1;\"=\"text1;\"\">Novos leil\u00f5es ser\u00e3o mais rent\u00e1veis, diz Mantega<\/span><\/strong><\/p>\n<p class=\"MsoNormal\" style=\"margin-bottom: .0001pt; line-height: normal;\"><em><span style=\"font-family: \" color:=\"color:\" black;=\"black;\" mso-themecolor:=\"mso-themecolor:\" text1;\"=\"text1;\"\">O Estado de S. Paulo<\/span><\/em><\/p>\n<p class=\"MsoNormal\" style=\"margin-bottom: .0001pt; line-height: normal;\"><span style=\"font-family: \" color:=\"color:\" black;=\"black;\" mso-themecolor:=\"mso-themecolor:\" text1;\"=\"text1;\"\"> <\/span><\/p>\n<p class=\"MsoNormal\" style=\"margin-bottom: .0001pt; line-height: normal;\"><span style=\"font-family: \" color:=\"color:\" black;=\"black;\" mso-themecolor:=\"mso-themecolor:\" text1;\"=\"text1;\"\">As pr\u00f3ximas rodovias que v\u00e3o a leil\u00e3o no Brasil ser\u00e3o as mais rent\u00e1veis, com maior tr\u00e1fego e devem despertar interesse dos investidores estrangeiros, disse ontem, em Nova York, o ministro da Fazenda, Guido Mantega. &#8220;Sem demora, vamos oferecer quatro rodovias para leil\u00e3o.&#8221;<\/span><\/p>\n<p class=\"MsoNormal\" style=\"margin-bottom: .0001pt; line-height: normal;\"><span style=\"font-family: \" color:=\"color:\" black;=\"black;\" mso-themecolor:=\"mso-themecolor:\" text1;\"=\"text1;\"\">Al\u00e9m das rodovias, Mantega disse que o governo est\u00e1 finalizando a modelagem para oferecer ferrovias aos investidores e ressaltou que o dinamismo da economia brasileira nos pr\u00f3ximos anos vir\u00e1 desses investimentos em infraestrutura. &#8220;Estamos falando de um novo ciclo de expans\u00e3o da economia de longo prazo&#8221;, disse a jornalistas. Como exemplo, ele destacou que cada R$ 1 milh\u00e3o investido em infraestrutura gera de R$ 2 milh\u00f5es a R$ 3 milh\u00f5es em riqueza nacional.<\/span><\/p>\n<p class=\"MsoNormal\" style=\"margin-bottom: .0001pt; line-height: normal;\"><span style=\"font-family: \" color:=\"color:\" black;=\"black;\" mso-themecolor:=\"mso-themecolor:\" text1;\"=\"text1;\"\">Mantega, que almo\u00e7ou ontem com 20 grandes investidores de Wall Street, disse que p\u00f4de perceber, pelas perguntas dos presentes no encontro, o interesse em investir no Brasil. Ele disse ainda que teve a chance de explicar alguns pontos que geravam d\u00favidas.<\/span><\/p>\n<p class=\"MsoNormal\" style=\"margin-bottom: .0001pt; line-height: normal;\"><span style=\"font-family: \" color:=\"color:\" black;=\"black;\" mso-themecolor:=\"mso-themecolor:\" text1;\"=\"text1;\"\">A grande aposta do governo para destravar os investimentos em infraestrutura no Pa\u00eds, o programa de concess\u00f5es come\u00e7ou de forma truncada. Uma das duas primeiras rodovias do programa, o trecho da BR-262 entre Minas Gerais e o Esp\u00edrito Santo, simplesmente n\u00e3o atraiu investidores, apesar de ser apresentado como o &#8220;fil\u00e9 mignon&#8221; do programa. No caso dos aeroportos, o governo reduziu as exig\u00eancias para Confins, em Minas Gerais, uma forma de atrair mais investidores.<\/span><\/p>\n<p class=\"MsoNormal\" style=\"margin-bottom: .0001pt; line-height: normal;\"><strong><span style=\"font-family: \" color:=\"color:\" black;=\"black;\" mso-themecolor:=\"mso-themecolor:\" text1;\"=\"text1;\"\">Oportunidade<\/span><\/strong><\/p>\n<p class=\"MsoNormal\" style=\"margin-bottom: .0001pt; line-height: normal;\"><span style=\"font-family: \" color:=\"color:\" black;=\"black;\" mso-themecolor:=\"mso-themecolor:\" text1;\"=\"text1;\"\">De qualquer forma, segundo Mantega, o Brasil \u00e9 hoje no mundo um dos poucos lugares onde \u00e9 poss\u00edvel ganhar dinheiro com investimento. Ele ressaltou que o governo ainda est\u00e1 aprendendo e aperfei\u00e7oando os modelos de concess\u00e3o e trabalhando para deix\u00e1-los mais interessantes e lucrativos para o setor privado, sem esquecer dos benef\u00edcios ao consumidor.<\/span><\/p>\n<p class=\"MsoNormal\" style=\"margin-bottom: .0001pt; line-height: normal;\"><span style=\"font-family: \" color:=\"color:\" black;=\"black;\" mso-themecolor:=\"mso-themecolor:\" text1;\"=\"text1;\"\">Com os altos investimentos exigidos, Mantega afirmou que o Brasil n\u00e3o tem condi\u00e7\u00f5es de financiar os projetos sozinhos, por isso a necessidade de parceiros internacionais. O ministro ressaltou que os bancos privados brasileiros t\u00eam mostrado interesse em participar dos financiamentos e que as institui\u00e7\u00f5es p\u00fablicas &#8211; Caixa, Banco do Brasil e BNDES &#8211; v\u00e3o participar dos projetos, mas em parcerias com seus pares privados.<\/span><\/p>\n<p class=\"MsoNormal\" style=\"margin-bottom: .0001pt; line-height: normal;\"><span style=\"font-family: \" color:=\"color:\" black;=\"black;\" mso-themecolor:=\"mso-themecolor:\" text1;\"=\"text1;\"\">Os investimentos nesse setor ter\u00e3o em sua estrutura uma parte em financiamento e outra em equity (a\u00e7\u00f5es). Mantega disse que a primeira deve ficar entre 60% e 70% de cada projeto, com a parte em a\u00e7\u00f5es respondendo pelo resto. &#8220;O setor privado vai ter chance de financiar a infraestrutura no Brasil&#8221;, afirmou o ministro.<\/span><\/p>\n<p class=\"MsoNormal\" style=\"margin-bottom: .0001pt; line-height: normal;\"><span style=\"font-family: \" color:=\"color:\" black;=\"black;\" mso-themecolor:=\"mso-themecolor:\" text1;\"=\"text1;\"\">&#8220;As regras dos projetos est\u00e3o claramente definidas. Ocorreram arestas em rela\u00e7\u00e3o \u00e0 atratividade de cada um&#8221;, disse o ministro, ao responder a um questionamento de um jornalista se os investidores estrangeiros mostraram preocupa\u00e7\u00e3o com a mudan\u00e7a das regras nos projetos brasileiros. O ministro citou que os primeiros leil\u00f5es de rodovias precisaram ser adiados porque estavam baseados em estudos antigos, desatualizados e, por isso, precisaram ser revistos. &#8220;Pudemos apresentar um modelo de concess\u00e3o que ser\u00e1 bem-sucedido&#8221;, afirmou.<\/span><\/p>\n<p class=\"MsoNormal\" style=\"margin-bottom: .0001pt; line-height: normal;\"><span style=\"font-family: \" color:=\"color:\" black;=\"black;\" mso-themecolor:=\"mso-themecolor:\" text1;\"=\"text1;\"\">Hoje, Mantega participa de um evento para discutir oportunidades de investimento no Brasil, organizado pelo banco Goldman Sachs e pelo Grupo Bandeirantes. Al\u00e9m dele, o presidente do Banco Central, Alexandre Tombini, estar\u00e1 presente. A presidente Dilma Rousseff deve fechar o evento.<\/span><\/p>\n<p class=\"MsoNormal\" style=\"margin-bottom: .0001pt; line-height: normal;\"><span style=\"font-family: \" color:=\"color:\" black;=\"black;\" mso-themecolor:=\"mso-themecolor:\" text1;\"=\"text1;\"\"> <\/span><\/p>\n<p class=\"MsoNormal\" style=\"margin-bottom: .0001pt; line-height: normal;\"><span style=\"font-family: \" color:=\"color:\" black;=\"black;\" mso-themecolor:=\"mso-themecolor:\" text1;\"=\"text1;\"\">____________________________________________________<\/span><\/p>\n<p class=\"MsoNormal\" style=\"margin-bottom: .0001pt; line-height: normal;\"><span style=\"font-family: \" color:=\"color:\" black;=\"black;\" mso-themecolor:=\"mso-themecolor:\" text1;\"=\"text1;\"\"> <\/span><\/p>\n<p class=\"MsoNormal\" style=\"margin-bottom: .0001pt; line-height: normal;\"><strong><span style=\"font-family: \" color:=\"color:\" black;=\"black;\" mso-themecolor:=\"mso-themecolor:\" text1;\"=\"text1;\"\">Contas externas t\u00eam d\u00e9ficit recorde: US$ 5,5 bi<\/span><\/strong><\/p>\n<p class=\"MsoNormal\" style=\"margin-bottom: .0001pt; line-height: normal;\"><em><span style=\"font-family: \" color:=\"color:\" black;=\"black;\" mso-themecolor:=\"mso-themecolor:\" text1;\"=\"text1;\"\">O Globo<\/span><\/em><\/p>\n<p class=\"MsoNormal\" style=\"margin-bottom: .0001pt; line-height: normal;\"><span style=\"font-family: \" color:=\"color:\" black;=\"black;\" mso-themecolor:=\"mso-themecolor:\" text1;\"=\"text1;\"\"> <\/span><\/p>\n<p class=\"MsoNormal\" style=\"margin-bottom: .0001pt; line-height: normal;\"><span style=\"font-family: \" color:=\"color:\" black;=\"black;\" mso-themecolor:=\"mso-themecolor:\" text1;\"=\"text1;\"\">O Brasil registrou um d\u00e9ficit em transa\u00e7\u00f5es correntes (total do que o pa\u00eds recebe do exterior e envia) de US$ 5,505 bilh\u00f5es em agosto. O resultado, recorde para o m\u00eas, contribuiu para o saldo negativo de US$ 57,9 bilh\u00f5es acumulado de janeiro a agosto. Com isso, s\u00f3 nos oito primeiros meses do ano o d\u00e9ficit externo j\u00e1 supera o total contabilizado em 2012, de US$ 54,2 bilh\u00f5es. Nos \u00faltimos 12 meses, as contas externas est\u00e3o deficit\u00e1rias em US$ 80,6 bilh\u00f5es, o equivalente a 3,6% do Produto Interno Bruto (PIB, conjunto de bens e servi\u00e7os produzidos no pa\u00eds).<\/span><\/p>\n<p class=\"MsoNormal\" style=\"margin-bottom: .0001pt; line-height: normal;\"><span style=\"font-family: \" color:=\"color:\" black;=\"black;\" mso-themecolor:=\"mso-themecolor:\" text1;\"=\"text1;\"\">O d\u00f3lar alto n\u00e3o impediu que os brasileiros viajassem ao exterior. Em agosto, o gasto l\u00e1 fora somou US$ 2,2 bilh\u00f5es, recorde para o m\u00eas. No ano, as despesas com viagens atingiram US$ 16,8 bilh\u00f5es, tamb\u00e9m a maior cifra j\u00e1 registrada desde o in\u00edcio da s\u00e9rie hist\u00f3rica, em 1947. Ontem, o d\u00f3lar comercial, que abriu em alta, fechou est\u00e1vel, a R$ 2,201, ap\u00f3s o presidente do Banco Central (BC), Alexandre Tombini, reafirmar que o BC continuar\u00e1 a fazer os leil\u00f5es di\u00e1rios da divisa.<\/span><\/p>\n<p class=\"MsoNormal\" style=\"margin-bottom: .0001pt; line-height: normal;\"><span style=\"font-family: \" color:=\"color:\" black;=\"black;\" mso-themecolor:=\"mso-themecolor:\" text1;\"=\"text1;\"\">\u2014 Provavelmente, a situa\u00e7\u00e3o se manteve porque, normalmente, viagens ao exterior s\u00e3o contratadas com dois a tr\u00eas meses de anteced\u00eancia \u2014 disse o chefe do Departamento Econ\u00f4mico do Banco Central (BC), Tulio Maciel.<\/span><\/p>\n<p class=\"MsoNormal\" style=\"margin-bottom: .0001pt; line-height: normal;\"><span style=\"font-family: \" color:=\"color:\" black;=\"black;\" mso-themecolor:=\"mso-themecolor:\" text1;\"=\"text1;\"\">Ele afirma que a sa\u00edda de recursos com os turistas ajudou a ampliar o d\u00e9ficit externo no m\u00eas passado, mas ressalta que o resultado se deveu, principalmente, ao comportamento da balan\u00e7a comercial.<\/span><\/p>\n<p class=\"MsoNormal\" style=\"margin-bottom: .0001pt; line-height: normal;\"><span style=\"font-family: \" color:=\"color:\" black;=\"black;\" mso-themecolor:=\"mso-themecolor:\" text1;\"=\"text1;\"\">Mesmo com a piora nos n\u00fameros do balan\u00e7o de pagamentos, o BC manteve a proje\u00e7\u00e3o de d\u00e9ficit para este ano em US$ 75 bilh\u00f5es. Mas reduziu de US$ 65 bilh\u00f5es para US$ 60 bilh\u00f5es a estimativa de ingresso de investimentos estrangeiros diretos (IED, voltado ao setor produtivo). A proje\u00e7\u00e3o para o saldo da balan\u00e7a comercial foi reduzida, de US$ 7 bilh\u00f5es para US$ 2 bilh\u00f5es.<\/span><\/p>\n<p class=\"MsoNormal\" style=\"margin-bottom: .0001pt; line-height: normal;\"><span style=\"font-family: \" color:=\"color:\" black;=\"black;\" mso-themecolor:=\"mso-themecolor:\" text1;\"=\"text1;\"\">Em agosto, o IED somou US$ 3,775 bilh\u00f5es, ante US$ 5,035 bilh\u00f5es no mesmo m\u00eas de 2012. No acumulado do ano, entraram no pa\u00eds US$ 39,014 bilh\u00f5es, abaixo dos US$ 43,204 bilh\u00f5es apurados em igual per\u00edodo do ano passado. Para setembro, a estimativa \u00e9 de ingresso de US$ 4,8 bilh\u00f5es em investimentos diretos. Este m\u00eas, prev\u00ea o BC, as contas externas devem ter d\u00e9ficit de US$ 1,3 bilh\u00e3o.<\/span><\/p>\n<p class=\"MsoNormal\" style=\"margin-bottom: .0001pt; line-height: normal;\"><strong><span style=\"font-family: \" color:=\"color:\" black;=\"black;\" mso-themecolor:=\"mso-themecolor:\" text1;\"=\"text1;\"\">Setembro tem fluxo negativo<\/span><\/strong><\/p>\n<p class=\"MsoNormal\" style=\"margin-bottom: .0001pt; line-height: normal;\"><span style=\"font-family: \" color:=\"color:\" black;=\"black;\" mso-themecolor:=\"mso-themecolor:\" text1;\"=\"text1;\"\">O total de recursos que deixaram o pa\u00eds este m\u00eas, at\u00e9 o dia 20, superou os ingressos em US$ 3,260 bilh\u00f5es, informou o BC. No ano, o Brasil tem d\u00e9ficit de cerca de US$ 1 bilh\u00e3o. Neste m\u00eas, o saldo negativo teve como fator determinante as opera\u00e7\u00f5es de com\u00e9rcio exterior, com d\u00e9ficit de US$ 4,561 bilh\u00f5es. O mesmo racioc\u00ednio vale para o d\u00e9ficit acumulado no ano. As exporta\u00e7\u00f5es somaram US$ 8,997 bilh\u00f5es e as importa\u00e7\u00f5es atingiram US$ 13,558 bilh\u00f5es. Na conta financeira, as compras totalizaram US$ 31,363 bilh\u00f5es e as vendas, US$ 30,062 bilh\u00f5es. Com isso, houve super\u00e1vit de US$ 1,301 bilh\u00e3o. <\/span><\/p>\n<p class=\"MsoNormal\" style=\"margin-bottom: .0001pt; line-height: normal;\"><span style=\"font-family: \" color:=\"color:\" black;=\"black;\" mso-themecolor:=\"mso-themecolor:\" text1;\"=\"text1;\"\"> <\/span><\/p>\n<p class=\"MsoNormal\" style=\"margin-bottom: .0001pt; line-height: normal;\"><span style=\"font-family: \" color:=\"color:\" black;=\"black;\" mso-themecolor:=\"mso-themecolor:\" text1;\"=\"text1;\"\">____________________________________________________<\/span><\/p>\n<p class=\"MsoNormal\" style=\"margin-bottom: .0001pt; line-height: normal;\"><span style=\"font-family: \" color:=\"color:\" black;=\"black;\" mso-themecolor:=\"mso-themecolor:\" text1;\"=\"text1;\"\"> <\/span><\/p>\n<p class=\"MsoNormal\" style=\"margin-bottom: .0001pt; line-height: normal;\"><strong><span style=\"font-family: \" color:=\"color:\" black;=\"black;\" mso-themecolor:=\"mso-themecolor:\" text1;\"=\"text1;\"\">BC chin\u00eas injeta US$ 14,4 bilh\u00f5es e acalma mercados<\/span><\/strong><\/p>\n<p class=\"MsoNormal\" style=\"margin-bottom: .0001pt; line-height: normal;\"><em><span style=\"font-family: \" color:=\"color:\" black;=\"black;\" mso-themecolor:=\"mso-themecolor:\" text1;\"=\"text1;\"\">O Estado de S. Paulo<\/span><\/em><\/p>\n<p class=\"MsoNormal\" style=\"margin-bottom: .0001pt; line-height: normal;\"><span style=\"font-family: \" color:=\"color:\" black;=\"black;\" mso-themecolor:=\"mso-themecolor:\" text1;\"=\"text1;\"\"> <\/span><\/p>\n<p class=\"MsoNormal\" style=\"margin-bottom: .0001pt; line-height: normal;\"><span style=\"font-family: \" color:=\"color:\" black;=\"black;\" mso-themecolor:=\"mso-themecolor:\" text1;\"=\"text1;\"\">O banco central da China fez ontem sua maior inje\u00e7\u00e3o di\u00e1ria de fundos em sete meses, aliviando os temores de um aperto de cr\u00e9dito no fim do trimestre como o que afetou os mercados globais no fim de junho.<\/span><\/p>\n<p class=\"MsoNormal\" style=\"margin-bottom: .0001pt; line-height: normal;\"><span style=\"font-family: \" color:=\"color:\" black;=\"black;\" mso-themecolor:=\"mso-themecolor:\" text1;\"=\"text1;\"\">O BC chin\u00eas injetou ontem 88 bilh\u00f5es de iuanes (US$ 14,4 bilh\u00f5es) nos mercados de dinheiro por meio de opera\u00e7\u00f5es de recompra reversa de t\u00edtulos de seis diasl Foi a maior inje\u00e7\u00e3o em um dia desde a semana antes do feriado do Festival da Primavera, em fevereiro.<\/span><\/p>\n<p class=\"MsoNormal\" style=\"margin-bottom: .0001pt; line-height: normal;\"><span style=\"font-family: \" color:=\"color:\" black;=\"black;\" mso-themecolor:=\"mso-themecolor:\" text1;\"=\"text1;\"\">&#8220;A a\u00e7\u00e3o do banco central acalmou o humor das pessoas, O mercado melhorou em compara\u00e7\u00e3o com ontem&#8221;, disse um trader de Xangai.<\/span><\/p>\n<p class=\"MsoNormal\" style=\"margin-bottom: .0001pt; line-height: normal;\"><span style=\"font-family: \" color:=\"color:\" black;=\"black;\" mso-themecolor:=\"mso-themecolor:\" text1;\"=\"text1;\"\">A taxa de juros que os bancos cobram um do outro por empr\u00e9stimos overnight caiu, atingindo 3,64% numa m\u00e9dia ponderada, ante 3,87% no fechamento de segunda-feira.<\/span><\/p>\n<p class=\"MsoNormal\" style=\"margin-bottom: .0001pt; line-height: normal;\"><span style=\"font-family: \" color:=\"color:\" black;=\"black;\" mso-themecolor:=\"mso-themecolor:\" text1;\"=\"text1;\"\">Os bancos chineses costumam acumular dinheiro perto do fim do trimestre para cumprir medidas regulat\u00f3rias e financiar pagamentos de produtos relacionado \u00e0 administra\u00e7\u00e3o de riqueza. Isso contribuiu para uma alta nos juros no fim de junho, quando a taxa referencial de sete dias atingiu 30% para alguns neg\u00f3cios.<\/span><\/p>\n<p class=\"MsoNormal\" style=\"margin-bottom: .0001pt; line-height: normal;\"><span style=\"font-family: \" color:=\"color:\" black;=\"black;\" mso-themecolor:=\"mso-themecolor:\" text1;\"=\"text1;\"\">O principal \u00f3rg\u00e3o de planejamento econ\u00f4mico da China, a Comiss\u00e3o Nacional de Desenvolvimento\u00a0 e Reforma (NDRC), informou ontem que deve apoiar ofertas de b\u00f4nus de empresas que participam de projeto de renova\u00e7\u00e3o de \u00e1reas habitacionais degradadas. A medida. \u00e9 parte de uma plano mais a amplo para garantir crescimento econ\u00f4mico est\u00e1vel As empresas que fazem parte de projetos de melhoria das moradias de pessoas de baixa renda recebem tratamento preferencial nas aprova\u00e7\u00f5es de b\u00f4nus, disse a Comiss\u00e3o em comunicado publicado em seu site.<\/span><\/p>\n<p class=\"MsoNormal\" style=\"margin-bottom: .0001pt; line-height: normal;\"><span style=\"font-family: \" color:=\"color:\" black;=\"black;\" mso-themecolor:=\"mso-themecolor:\" text1;\"=\"text1;\"\">A China usou um programa de &#8220;miniest\u00edmulo&#8221; de gastos do governo combinado com incentivos fiscais e redu\u00e7\u00e3o da burocracia para ajudar a garantir que o crescimento econ\u00f4mico atinja a meta de 7,5% neste ano. O\u00a0 governo tem. dado prioridade a\u00a0 \u00e1reas cruciais, como transporte\u00a0 municipal e renova\u00e7\u00e3o de \u00e1reas habitacionais.<\/span><\/p>\n<p class=\"MsoNormal\" style=\"margin-bottom: .0001pt; line-height: normal;\"><span style=\"font-family: \" color:=\"color:\" black;=\"black;\" mso-themecolor:=\"mso-themecolor:\" text1;\"=\"text1;\"\">&#8220;A comiss\u00e3o vai acelerar e simplificar o processo de solicita\u00e7\u00e3o e aprova\u00e7\u00e3o (de b\u00f4nus), a fim de fazer um maior uso de\u00a0 fundos corporativos e, assim, promover o crescimento econ\u00f4mico est\u00e1vel e a reestrutura\u00e7\u00e3o econ\u00f4mica&#8221;, afirmou a NDRC em comunicado. <\/span><\/p>\n<p class=\"MsoNormal\" style=\"margin-bottom: .0001pt; line-height: normal;\"><span style=\"font-family: \" color:=\"color:\" black;=\"black;\" mso-themecolor:=\"mso-themecolor:\" text1;\"=\"text1;\"\">A renova\u00e7\u00e3o da habita\u00e7\u00e3o de pessoas com baixa renda tamb\u00e9m \u00e9 parte importante da acelera\u00e7\u00e3o da urbaniza\u00e7\u00e3o &#8211; outra meta do governo a longo prazo. O \u00f3rg\u00e3o de planejamento econ\u00f4mico tamb\u00e9m disse que vai incentivar os governos municipais e regionais a subsidiarem os juros \u00e0s empresas que emitem t\u00edtulos para esses projetos.<\/span><\/p>\n<p class=\"MsoNormal\" style=\"margin-bottom: .0001pt; line-height: normal;\"><span style=\"font-family: \" color:=\"color:\" black;=\"black;\" mso-themecolor:=\"mso-themecolor:\" text1;\"=\"text1;\"\">O pacto vai obrigar os bancos a manter cerca de tr\u00eas vezes mais capital de alta qualidade do que o exigido. A Comiss\u00e3o acrescentou que haver\u00e1 limites para o tamanho das emiss\u00f5es de t\u00edtulos &#8211; e que eles n\u00e3o poder\u00e3o exceder 70% do custo do projeto.<\/span><\/p>\n<p class=\"MsoNormal\" style=\"margin-bottom: .0001pt; line-height: normal;\"><span style=\"font-family: \" color:=\"color:\" black;=\"black;\" mso-themecolor:=\"mso-themecolor:\" text1;\"=\"text1;\"\"> <\/span><\/p>\n<p class=\"MsoNormal\" style=\"margin-bottom: .0001pt; line-height: normal;\"><span style=\"font-family: \" color:=\"color:\" black;=\"black;\" mso-themecolor:=\"mso-themecolor:\" text1;\"=\"text1;\"\">____________________________________________________<\/span><\/p>\n<p class=\"MsoNormal\" style=\"margin-bottom: .0001pt; line-height: normal;\"><span style=\"font-family: \" color:=\"color:\" black;=\"black;\" mso-themecolor:=\"mso-themecolor:\" text1;\"=\"text1;\"\"> <\/span><\/p>\n<p class=\"MsoNormal\" style=\"margin-bottom: .0001pt; line-height: normal;\"><strong><span style=\"font-family: \" color:=\"color:\" black;=\"black;\" mso-themecolor:=\"mso-themecolor:\" text1;\"=\"text1;\"\">EUA e Ir\u00e3 refor\u00e7am tom conciliat\u00f3rio<\/span><\/strong><\/p>\n<p class=\"MsoNormal\" style=\"margin-bottom: .0001pt; line-height: normal;\"><em><span style=\"font-family: \" color:=\"color:\" black;=\"black;\" mso-themecolor:=\"mso-themecolor:\" text1;\"=\"text1;\"\">O Estado de S. Paulo<\/span><\/em><\/p>\n<p class=\"MsoNormal\" style=\"margin-bottom: .0001pt; line-height: normal;\"><span style=\"font-family: \" color:=\"color:\" black;=\"black;\" mso-themecolor:=\"mso-themecolor:\" text1;\"=\"text1;\"\"> <\/span><\/p>\n<p class=\"MsoNormal\" style=\"margin-bottom: .0001pt; line-height: normal;\"><span style=\"font-family: \" color:=\"color:\" black;=\"black;\" mso-themecolor:=\"mso-themecolor:\" text1;\"=\"text1;\"\">Na Assembleia-Geral das Na\u00e7\u00f5es Unidas, Obama e Rohani defendem di\u00e1logo para superar disc\u00f3rdia sobre programa nuclear iraniano, mas aguardado encontro em NY entre os dois n\u00e3o ocorre; presidentes mantiveram parte das cr\u00edticas e amea\u00e7as m\u00fatuas<\/span><\/p>\n<p class=\"MsoNormal\" style=\"margin-bottom: .0001pt; line-height: normal;\"><span style=\"font-family: \" color:=\"color:\" black;=\"black;\" mso-themecolor:=\"mso-themecolor:\" text1;\"=\"text1;\"\">Embora n\u00e3o tenham concretizaram ontem o que seria o primeiro aperto de m\u00e3o entre l\u00edderes dos EUA e do Ir\u00e3 desde 1979, os presidentes Barack Obama e Hassan Rohani usaram a Assembleia-Geral da ONU para refor\u00e7ar o tom conciliat\u00f3rio e defender o retorno do di\u00e1logo sobre o programa nuclear de Teer\u00e3.<\/span><\/p>\n<p class=\"MsoNormal\" style=\"margin-bottom: .0001pt; line-height: normal;\"><span style=\"font-family: \" color:=\"color:\" black;=\"black;\" mso-themecolor:=\"mso-themecolor:\" text1;\"=\"text1;\"\">&#8220;Estamos encorajados pelo fato de que o presidente Rohani recebeu do povo iraniano um mandato para perseguir um curso mais moderado&#8221;, declarou Obama na manh\u00e3 de ontem, em discurso de 40 minutos realizado logo depois do pronunciamento da brasileira Dilma Rousseff. \u00c0 tarde, o iraniano disse estar preparado para conversa\u00e7\u00f5es com prazo definido e objetivos concretos em torno do desenvolvimento nuclear de seu pa\u00eds e reafirmou que o programa at\u00f4mico tem fins pac\u00edficos.<\/span><\/p>\n<p class=\"MsoNormal\" style=\"margin-bottom: .0001pt; line-height: normal;\"><span style=\"font-family: \" color:=\"color:\" black;=\"black;\" mso-themecolor:=\"mso-themecolor:\" text1;\"=\"text1;\"\">&#8220;Armas nucleares e outras armas de destrui\u00e7\u00e3o em massa n\u00e3o t\u00eam lugar na doutrina de seguran\u00e7a e defesa do Ir\u00e3 e contradizem nossas convic\u00e7\u00f5es religiosas e \u00e9ticas fundamentais&#8221;, declarou Rohani na sal\u00e3o provis\u00f3rio montado pela ONU para o encontro. O plen\u00e1rio da Assembleia-Geral est\u00e1 fechado para reformas.<\/span><\/p>\n<p class=\"MsoNormal\" style=\"margin-bottom: .0001pt; line-height: normal;\"><span style=\"font-family: \" color:=\"color:\" black;=\"black;\" mso-themecolor:=\"mso-themecolor:\" text1;\"=\"text1;\"\">Apesar do tom mais moderado, ambos os presidentes mantiveram amea\u00e7as e cr\u00edticas tradicionais m\u00fatuas. Obama afirmou que est\u00e1 pronto para usar todos instrumentos &#8211; incluindo a for\u00e7a militar &#8211; para defender os interesses dos EUA na regi\u00e3o, entre os quais um Ir\u00e3 sem armas nucleares ocupa lugar proeminente.<\/span><\/p>\n<p class=\"MsoNormal\" style=\"margin-bottom: .0001pt; line-height: normal;\"><span style=\"font-family: \" color:=\"color:\" black;=\"black;\" mso-themecolor:=\"mso-themecolor:\" text1;\"=\"text1;\"\">Rohani atacou o intervencionismo e o militarismo americano, que estariam na origem dos problemas do Oriente M\u00e9dio. Tamb\u00e9m afirmou que o Ir\u00e3 n\u00e3o representa nenhuma amea\u00e7a para o mundo e criticou as san\u00e7\u00f5es econ\u00f4micas impostas pelos EUA na tentativa de for\u00e7ar Teer\u00e3 a abandonar seu programa nuclear. &#8220;As san\u00e7\u00f5es violam direitos humanos inalien\u00e1veis&#8221;, declarou o iraniano.<\/span><\/p>\n<p class=\"MsoNormal\" style=\"margin-bottom: .0001pt; line-height: normal;\"><span style=\"font-family: \" color:=\"color:\" black;=\"black;\" mso-themecolor:=\"mso-themecolor:\" text1;\"=\"text1;\"\">O bloqueio internacional fez as exporta\u00e7\u00f5es de petr\u00f3leo ca\u00edrem de 2,4 milh\u00f5es de barris\/dia h\u00e1 dois anos para 1 milh\u00e3o de barris\/dia atualmente. Eleito em junho, o novo presidente iraniano substituiu Mahmoud Alimadinejad, que negava o holocausto e tinha uma posi\u00e7\u00e3o de confronto com os EUA Nos \u00faltimos dias, ele surpreendeu o mundo com a liberta\u00e7\u00e3o de 91 presos pol\u00edticos e gestos como cumprimentar os judeus pela celebra\u00e7\u00e3o do Ano Novo.<\/span><\/p>\n<p class=\"MsoNormal\" style=\"margin-bottom: .0001pt; line-height: normal;\"><span style=\"font-family: \" color:=\"color:\" black;=\"black;\" mso-themecolor:=\"mso-themecolor:\" text1;\"=\"text1;\"\">Em raz\u00e3o de declara\u00e7\u00f5es anteriores de Rohani favor\u00e1veis a um acordo, Obama lembrou ter determinado que o secret\u00e1rio de Estado, John Kerry, inicie negocia\u00e7\u00f5es com seu colega iraniano, Mohamed Javad Zarif. Ambos se reuni\u00e3o amanh\u00e3, 110 primeiro encontro de chanceleres dos dois pa\u00edses em seis anos.<\/span><\/p>\n<p class=\"MsoNormal\" style=\"margin-bottom: .0001pt; line-height: normal;\"><span style=\"font-family: \" color:=\"color:\" black;=\"black;\" mso-themecolor:=\"mso-themecolor:\" text1;\"=\"text1;\"\">Ressaltando que os EUA e o Ir\u00e3 cortaram rela\u00e7\u00f5es na Revolu\u00e7\u00e3o Isl\u00e2mica de 1979, Obama observou que as diferen\u00e7as n\u00e3o poder\u00e3o ser superadas da noite para o dia. &#8220;As desconfian\u00e7as s\u00e3o profundas&#8221;, ressaltou.<\/span><\/p>\n<p class=\"MsoNormal\" style=\"margin-bottom: .0001pt; line-height: normal;\"><span style=\"font-family: \" color:=\"color:\" black;=\"black;\" mso-themecolor:=\"mso-themecolor:\" text1;\"=\"text1;\"\">&#8220;Os iranianos se queixam de uma hist\u00f3ria de interfer\u00eancia dos EUA em seus assuntos internos e do papel da Am\u00e9rica na derrubada do governo iraniano durante da Guerra Fria&#8221;, lembrou. Obama disse que, do outro lado, iranianos fizeram ref\u00e9ns na embaixada americana e mataram civis dos EUA e amea\u00e7aram &#8220;nosso aliado&#8221; Israel.<\/span><\/p>\n<p class=\"MsoNormal\" style=\"margin-bottom: .0001pt; line-height: normal;\"><span style=\"font-family: \" color:=\"color:\" black;=\"black;\" mso-themecolor:=\"mso-themecolor:\" text1;\"=\"text1;\"\">&#8220;Desde que assumi a presid\u00eancia, deixei claro &#8211; em cartas ao l\u00edder supremo (Ali Khamenei) e mais recentemente ao presidente Rohani &#8211; que os EUA preferem resolver nossas preocupa\u00e7\u00f5es de maneira pac\u00edfica, mas estamos determinados a impedir que eles desenvolvam armas nucleares&#8221;, resumiu o presidente americano.<\/span><\/p>\n<p class=\"MsoNormal\" style=\"margin-bottom: .0001pt; line-height: normal;\"><span style=\"font-family: \" color:=\"color:\" black;=\"black;\" mso-themecolor:=\"mso-themecolor:\" text1;\"=\"text1;\"\"> <\/span><\/p>\n<p class=\"MsoNormal\" style=\"margin-bottom: .0001pt; line-height: normal;\"><span style=\"font-family: \" color:=\"color:\" black;=\"black;\" mso-themecolor:=\"mso-themecolor:\" text1;\"=\"text1;\"\">____________________________________________________<\/span><\/p>\n<p class=\"MsoNormal\" style=\"margin-bottom: .0001pt; line-height: normal;\"><span style=\"font-family: \" color:=\"color:\" black;=\"black;\" mso-themecolor:=\"mso-themecolor:\" text1;\"=\"text1;\"\"> <\/span><\/p>\n<p class=\"MsoNormal\" style=\"margin-bottom: .0001pt; line-height: normal;\"><strong><span style=\"font-family: \" color:=\"color:\" black;=\"black;\" mso-themecolor:=\"mso-themecolor:\" text1;\"=\"text1;\"\">Chefe do Cade omitiu v\u00ednculo com denunciante de cartel<\/span><\/strong><\/p>\n<p class=\"MsoNormal\" style=\"margin-bottom: .0001pt; line-height: normal;\"><em><span style=\"font-family: \" color:=\"color:\" black;=\"black;\" mso-themecolor:=\"mso-themecolor:\" text1;\"=\"text1;\"\">O Estado de S. Paulo<\/span><\/em><\/p>\n<p class=\"MsoNormal\" style=\"margin-bottom: .0001pt; line-height: normal;\"><span style=\"font-family: \" color:=\"color:\" black;=\"black;\" mso-themecolor:=\"mso-themecolor:\" text1;\"=\"text1;\"\"> <\/span><\/p>\n<p class=\"MsoNormal\" style=\"margin-bottom: .0001pt; line-height: normal;\"><span style=\"font-family: \" color:=\"color:\" black;=\"black;\" mso-themecolor:=\"mso-themecolor:\" text1;\"=\"text1;\"\">O presidente do Conselho de Defesa do Consumidor (Cade), Vin\u00edcius Marques de Carvalho, omitiu em ao menos quatro curr\u00edculos oficiais ter sido chefe de gabinete do deputado estadual Sim\u00e3o Pedro (PT) entre 2003 e 2004. Sim\u00e3o Pedro \u00e9 respons\u00e1vel desde 2010 por representa\u00e7\u00f5es que apontavam suspeitas de forma\u00e7\u00e3o de cartel, superfaturamento e pagamento de propina em contratos do Metr\u00f4 de SP e da Companhia Paulista de Trens Metropolitanos (CPTM). O caso, denunciado pela Siemens, chegou ao Cade em 2012, ano em que Carvalho assumiu o comando do conselho. Integrantes do governo Geraldo Alckmin (PSDB) afirmam que o Cade deixou vazar informa\u00e7\u00f5es com motiva\u00e7\u00f5es pol\u00edticas.<\/span><\/p>\n<p class=\"MsoNormal\" style=\"margin-bottom: .0001pt; line-height: normal;\"><span style=\"font-family: \" color:=\"color:\" black;=\"black;\" mso-themecolor:=\"mso-themecolor:\" text1;\"=\"text1;\"\">O presidente do Conselho Ad\u00administrativo de Defesa Econ\u00f4\u00admica (CADE), Vin\u00edcius Marques de Carvalho, omitiu em ao menos quatro curr\u00edculos oficiais ter trabalhado para o deputado estadual Sim\u00e3o Pe\u00addro (PT), respons\u00e1vel por re\u00adpresenta\u00e7\u00f5es que apontavam suspeitas de forma\u00e7\u00e3o de car\u00adtel, superfaturamento e paga\u00admento de propina envolven\u00addo contratos do Metr\u00f4 e da Companhia Paulista de Trens Metropolitanos (CPTM).<\/span><\/p>\n<p class=\"MsoNormal\" style=\"margin-bottom: .0001pt; line-height: normal;\"><span style=\"font-family: \" color:=\"color:\" black;=\"black;\" mso-themecolor:=\"mso-themecolor:\" text1;\"=\"text1;\"\">Documento da Assembleia Legislativa paulista registra a passagem de Carvalho pela che\u00adfia de gabinete de Sim\u00e3o Pedro entre 19 de mar\u00e7o de 2003 e 29 de janeiro de 2004. O v\u00ednculo n\u00e3o consta de nenhum curr\u00edcu\u00adlo oficial apresentado por ele desde 2008, quando passou a ocupar cargos no conselho. A omiss\u00e3o ocorreu, inclusive, quando ele viabilizou sua indica\u00e7\u00e3o \u00e0 presid\u00eancia do Cade pelo Senado em 2012. &#8220;Foi prova\u00advelmente um lapso&#8221;, disse ao Estado o presidente do Cade.<\/span><\/p>\n<p class=\"MsoNormal\" style=\"margin-bottom: .0001pt; line-height: normal;\"><span style=\"font-family: \" color:=\"color:\" black;=\"black;\" mso-themecolor:=\"mso-themecolor:\" text1;\"=\"text1;\"\">O Cade, \u00f3rg\u00e3o que regula a concorr\u00eancia empresarial no Pa\u00eds, fechou em maio deste ano um acordo de leni\u00eancia com a Siemens, empresa alem\u00e3 deten\u00adtora de uma s\u00e9rie de contratos com o governo paulista nas \u00falti\u00admas d\u00e9cadas. Nesse acordo de leni\u00eancia &#8211; em que a empresa assume irregularidades para amenizar san\u00e7\u00f5es futuras a Siemens confessou a exist\u00eancia do cartel e disse que ele atuou nas gest\u00f5es tucanas no Estado entre os anos de 1998 e 2008.<\/span><\/p>\n<p class=\"MsoNormal\" style=\"margin-bottom: .0001pt; line-height: normal;\"><span style=\"font-family: \" color:=\"color:\" black;=\"black;\" mso-themecolor:=\"mso-themecolor:\" text1;\"=\"text1;\"\">Assim que o conte\u00fado do acordo veio \u00e0 tona, em julho deste ano, integrantes do governo Geraldo Alckmin (PSDB) acusaram o \u00f3rg\u00e3o federal de vazar informa\u00e7\u00f5es de forma seletiva motivado por quest\u00f5es pol\u00edticas.<\/span><\/p>\n<p class=\"MsoNormal\" style=\"margin-bottom: .0001pt; line-height: normal;\"><span style=\"font-family: \" color:=\"color:\" black;=\"black;\" mso-themecolor:=\"mso-themecolor:\" text1;\"=\"text1;\"\">Sim\u00e3o Pedro, que hoje ocupa o cargo de secret\u00e1rio de Servi\u00e7os da gest\u00e3o Fernando Haddad (PT) na capital paulista, afirmou que se trata de uma coincid\u00eancia o fato de o caso Siemens, denunciado inicialmente por seu gabinete, emergir no Cade ap\u00f3s seu antigo assessor ter assumido a presid\u00eancia do \u00f3rg\u00e3o.<\/span><\/p>\n<p class=\"MsoNormal\" style=\"margin-bottom: .0001pt; line-height: normal;\"><span style=\"font-family: \" color:=\"color:\" black;=\"black;\" mso-themecolor:=\"mso-themecolor:\" text1;\"=\"text1;\"\">Em um documento enviado ao Senado pela ent\u00e3o ministra da Casa Civil Erenice Guerra, em 2010, por exemplo, Carvalho lista suas &#8220;atividades profissionais&#8221; de fevereiro de 2002 a janeiro de 2003 e, na sequ\u00eancia, as de fevereiro de 2005 a feverei\u00adro de 2006. H\u00e1 um hiato justa\u00admente no per\u00edodo em que atuou para o deputado petista. Na ocasi\u00e3o, Carvalho era conse\u00adlheiro do Gade e estava sendo reconduzido ao cargo. O curr\u00ed\u00adculo \u00e9 detalhado, com nove p\u00e1gi\u00adnas, elenca oito &#8220;atividades pro\u00adfissionais&#8221;, mas silencia sobre a passagem pelo gabinete de Sim\u00e3o Pedro. Em 2012, a ministra Gleisi Hoffmann, da Casa Civil, tamb\u00e9m encaminhou o curr\u00edcu\u00adlo de Carvalho ao Senado. Ela apresentava seu nome para a presid\u00eancia do Cade por quatro anos. A rela\u00e7\u00e3o de &#8220;atividades profissionais&#8221; n\u00e3o mencionou, igualmente, sua passagem pela Assembleia Legislativa.<\/span><\/p>\n<p class=\"MsoNormal\" style=\"margin-bottom: .0001pt; line-height: normal;\"><span style=\"font-family: \" color:=\"color:\" black;=\"black;\" mso-themecolor:=\"mso-themecolor:\" text1;\"=\"text1;\"\">Os senadores aprovam as in\u00addica\u00e7\u00f5es para cargos p\u00fablicos com base em sabatina e no curr\u00ed\u00adculo que recebem da Casa Civil. A \u00fanica men\u00e7\u00e3o ao trabalho na Assembleia consta de documen\u00adto enviado ao Senado em 2008, na primeira indica\u00e7\u00e3o de Carva\u00adlho para o conselho. Na ocasi\u00e3o,<\/span><\/p>\n<p class=\"MsoNormal\" style=\"margin-bottom: .0001pt; line-height: normal;\"><span style=\"font-family: \" color:=\"color:\" black;=\"black;\" mso-themecolor:=\"mso-themecolor:\" text1;\"=\"text1;\"\">; ele informou que foi chefe de gabinete na Assembleia, sem ci\u00adtar o deputado estadual petista.<\/span><\/p>\n<p class=\"MsoNormal\" style=\"margin-bottom: .0001pt; line-height: normal;\"><span style=\"font-family: \" color:=\"color:\" black;=\"black;\" mso-themecolor:=\"mso-themecolor:\" text1;\"=\"text1;\"\">Os dois hist\u00f3ricos profissio\u00adnais do site do Cade tamb\u00e9m omitem que Carvalho traba\u00adlhou para Sim\u00e3o Pedro.<\/span><\/p>\n<p class=\"MsoNormal\" style=\"margin-bottom: .0001pt; line-height: normal;\"><span style=\"font-family: \" color:=\"color:\" black;=\"black;\" mso-themecolor:=\"mso-themecolor:\" text1;\"=\"text1;\"\">O deputado apresentou ver\u00adbalmente suspeitas de irregula\u00adridades nos contratos de trens ao Minist\u00e9rio P\u00fablico paulista em 2010. A representa\u00e7\u00e3o pe\u00addindo investiga\u00e7\u00e3o foi protocolada meses depois, em fevereiro de 2011. Nela, o deputado men\u00adcionava carta de um ex-executivo da multinacional enviada \u00e0 ombudsman da companhia, de\u00adtalhando as irregularidades.<\/span><\/p>\n<p class=\"MsoNormal\" style=\"margin-bottom: .0001pt; line-height: normal;\"><span style=\"font-family: \" color:=\"color:\" black;=\"black;\" mso-themecolor:=\"mso-themecolor:\" text1;\"=\"text1;\"\">Em junho e dezembro de 2012 Sim\u00e3o Pedro fez mais de\u00adn\u00fancias ao Minist\u00e9rio P\u00fablico apontando suspeitas na reforma de 96 trens das linhas 1 e 3 do Metr\u00f4, nas quais a Siemens atuou. Naquele mesmo ano, Carvalho assumia a presid\u00eancia do Cade. &#8220;Esse neg\u00f3cio da Sie\u00admens entrou no radar do Cade em 2012. At\u00e9 chegar ao acordo de leni\u00eancia, levou um tempo&#8221;, disse o presidente do \u00f3rg\u00e3o.<\/span><\/p>\n<p class=\"MsoNormal\" style=\"margin-bottom: .0001pt; line-height: normal;\"><span style=\"font-family: \" color:=\"color:\" black;=\"black;\" mso-themecolor:=\"mso-themecolor:\" text1;\"=\"text1;\"\">&#8220;Alento&#8221;<\/span><\/p>\n<p class=\"MsoNormal\" style=\"margin-bottom: .0001pt; line-height: normal;\"><span style=\"font-family: \" color:=\"color:\" black;=\"black;\" mso-themecolor:=\"mso-themecolor:\" text1;\"=\"text1;\"\">A autodela\u00e7\u00e3o foi oficializada, enfim, em maio deste ano, o que detonou o esc\u00e2nda\u00adlo. Nas palavras de Sim\u00e3o Pedro, foi &#8220;alento&#8221;,j\u00e1 que as inves\u00adtiga\u00e7\u00f5es n\u00e3o andavam 110 Minis\u00adt\u00e9rio P\u00fablico paulista. &#8220;Para mi\u00adnha sorte, (0 caso) foi ao Cade, O Minist\u00e9rio P\u00fablico sempre me disse que as provas que eu apresentei n\u00e3o eram suficien\u00adtes para apresentar uma den\u00fan\u00adcia&#8221;, disse o deputado.<\/span><\/p>\n<p class=\"MsoNormal\" style=\"margin-bottom: .0001pt; line-height: normal;\"><span style=\"font-family: \" color:=\"color:\" black;=\"black;\" mso-themecolor:=\"mso-themecolor:\" text1;\"=\"text1;\"\">Ap\u00f3s o acordo de leni\u00eancia vir \u00e0 tona, o Minist\u00e9rio P\u00fablico rea\u00adtivou 45 a\u00e7\u00f5es civis e abriu uma a\u00e7\u00e3o criminal para apurar as lici\u00adta\u00e7\u00f5es dos governos tucanos e as suspeitas de pagamento de propina a agentes p\u00fablicos.<\/span><\/p>\n<p>\u00a0<\/p>\n<p class=\"MsoNormal\" style=\"margin-bottom: .0001pt; line-height: normal;\"><span style=\"font-family: \" color:=\"color:\" black;=\"black;\" mso-themecolor:=\"mso-themecolor:\" text1;\"=\"text1;\"\">O deputado estadual nega ter mantido contato com Carvalho durante seu per\u00edodo no Cade, J\u00e1 Carvalho diz n\u00e3o aceitar &#8220;acusa\u00ad\u00e7\u00e3o de politiza\u00e7\u00e3o da investiga\u00ad\u00e7\u00e3o do cartel&#8221;. &#8220;8e a empresa vem ao Cade, como o \u00f3rg\u00e3o po\u00adde ser acusado de estar politizan\u00addo?&#8221;, disse em 17 de agosto, nu\u00adma rea\u00e7\u00e3o \u00e0s acusa\u00e7\u00f5es dos inte\u00adgrantes do governo tucano se\u00adgundo as quais o \u00f3rg\u00e3o estaria vazando informa\u00e7\u00f5es de forma seletiva para atingir o PSDB.<\/span><\/p>\n","protected":false},"excerpt":{"rendered":"\nO Estado de S. Paulo\n \nInd\u00edcios de que o comunicado do Comit\u00ea Federal de Mercado Aberto (Fome, na sigla em ingl\u00eas) do Federal Reserve em 18 de setembro tenha vazado para operadores de Chicago preocuparam o banco central americano que entrou em contato com empresas jornal\u00edsticas para avaliar o caso segundo informa\u00e7\u00f5es publicadas no site da rede de televis\u00e3o CNBC. \n<a class=\"moretag\" href=\"https:\/\/pcb.org.br\/portal2\/5485\"> <\/a>","protected":false},"author":1,"featured_media":0,"comment_status":"open","ping_status":"open","sticky":false,"template":"","format":"standard","meta":{"jetpack_post_was_ever_published":false,"_jetpack_newsletter_access":"","_jetpack_dont_email_post_to_subs":false,"_jetpack_newsletter_tier_id":0,"_jetpack_memberships_contains_paywalled_content":false,"_jetpack_memberships_contains_paid_content":false,"footnotes":"","jetpack_publicize_message":"","jetpack_publicize_feature_enabled":true,"jetpack_social_post_already_shared":false,"jetpack_social_options":{"image_generator_settings":{"template":"highway","default_image_id":0,"font":"","enabled":false},"version":2}},"categories":[106],"tags":[],"class_list":["post-5485","post","type-post","status-publish","format-standard","hentry","category-c119-olhovivo"],"jetpack_publicize_connections":[],"jetpack_featured_media_url":"","jetpack_shortlink":"https:\/\/wp.me\/p659gw-1qt","jetpack-related-posts":[],"jetpack_likes_enabled":true,"jetpack_sharing_enabled":true,"_links":{"self":[{"href":"https:\/\/pcb.org.br\/portal2\/wp-json\/wp\/v2\/posts\/5485","targetHints":{"allow":["GET"]}}],"collection":[{"href":"https:\/\/pcb.org.br\/portal2\/wp-json\/wp\/v2\/posts"}],"about":[{"href":"https:\/\/pcb.org.br\/portal2\/wp-json\/wp\/v2\/types\/post"}],"author":[{"embeddable":true,"href":"https:\/\/pcb.org.br\/portal2\/wp-json\/wp\/v2\/users\/1"}],"replies":[{"embeddable":true,"href":"https:\/\/pcb.org.br\/portal2\/wp-json\/wp\/v2\/comments?post=5485"}],"version-history":[{"count":0,"href":"https:\/\/pcb.org.br\/portal2\/wp-json\/wp\/v2\/posts\/5485\/revisions"}],"wp:attachment":[{"href":"https:\/\/pcb.org.br\/portal2\/wp-json\/wp\/v2\/media?parent=5485"}],"wp:term":[{"taxonomy":"category","embeddable":true,"href":"https:\/\/pcb.org.br\/portal2\/wp-json\/wp\/v2\/categories?post=5485"},{"taxonomy":"post_tag","embeddable":true,"href":"https:\/\/pcb.org.br\/portal2\/wp-json\/wp\/v2\/tags?post=5485"}],"curies":[{"name":"wp","href":"https:\/\/api.w.org\/{rel}","templated":true}]}}