{"id":5496,"date":"2013-09-27T21:06:34","date_gmt":"2013-09-27T21:06:34","guid":{"rendered":"http:\/\/pcb.org.br\/portal2\/?p=5496"},"modified":"2013-09-27T21:06:34","modified_gmt":"2013-09-27T21:06:34","slug":"empresarios-e-petistas-ajudaram-a-criar-o-partido-republicano-da-ordem-social-pros","status":"publish","type":"post","link":"https:\/\/pcb.org.br\/portal2\/5496","title":{"rendered":"Empres\u00e1rios e petistas ajudaram a criar o Partido Republicano da Ordem Social (PROS)"},"content":{"rendered":"\n<p>\u00a0<\/p>\n<p class=\"MsoNormal\" style=\"margin-bottom: .0001pt; line-height: normal;\"><span style=\"font-family: \" color:=\"color:\" black;=\"black;\" mso-themecolor:=\"mso-themecolor:\" text1;\"=\"text1;\"\">O novo partido ser\u00e1 linha auxiliar de candidatos da base governista nos Estados, muitos deles de partidos grandes, o que transforma o PROS num chamariz para deputados, prefeitos e vereadores que podem mudar de sigla sem perder o mandato.<\/span><\/p>\n<p class=\"MsoNormal\" style=\"margin-bottom: .0001pt; line-height: normal;\"><span style=\"font-family: \" color:=\"color:\" black;=\"black;\" mso-themecolor:=\"mso-themecolor:\" text1;\"=\"text1;\"\">Entre os patronos do PROS est\u00e3o o empres\u00e1rio Jos\u00e9 Batista J\u00fanior, de Goi\u00e1s, filiado ao PMDB, um dos donos do Friboi, a maior ind\u00fastria de carnes do mundo, o deputado Valdemar Gosta Neto (PR-SP), condenado pelo Supremo Tribunal Federal (STF) no julgamento do mensal\u00e3o a sete anos e dez meses de pris\u00e3o pelos crimes de lavagem de dinheiro e corrup\u00e7\u00e3o, al\u00e9m dos senadores Lindbergh Farias (PT-RJ) e Delc\u00eddio Amaral (PT-MS), e o governador do Gear\u00e1, Cid Gomes.<\/span><\/p>\n<p class=\"MsoNormal\" style=\"margin-bottom: .0001pt; line-height: normal;\"><span style=\"font-family: \" color:=\"color:\" black;=\"black;\" mso-themecolor:=\"mso-themecolor:\" text1;\"=\"text1;\"\">Uma planilha que circulou entre os organizadores do partido a qual o Estado teve acesso relata que os ministros Fernando Pimentel (Desenvolvimento, Ind\u00fastria e Com\u00e9rcio Exterior), Ideli Salvatti (Rela\u00e7\u00f5es Institucionais) e Gleisi Hoffmann (Casa Civil) tamb\u00e9m tiveram participa\u00e7\u00e3o na montagem do PROS. Cada um ficou de<\/span><\/p>\n<p class=\"MsoNormal\" style=\"margin-bottom: .0001pt; line-height: normal;\"><span style=\"font-family: \" color:=\"color:\" black;=\"black;\" mso-themecolor:=\"mso-themecolor:\" text1;\"=\"text1;\"\">orientar a filia\u00e7\u00e3o de pelo menos um parlamentar no Estado de origem. Pimentel ser\u00e1 candidato a governador de Minas Gerais; Ideli dever\u00e1 disputar uma vaga \u00e0 C\u00e2mara; Gleisi, o governo do Paran\u00e1. Os tr\u00eas s\u00e3o do PT.<\/span><\/p>\n<p class=\"MsoNormal\" style=\"margin-bottom: .0001pt; line-height: normal;\"><span style=\"font-family: \" color:=\"color:\" black;=\"black;\" mso-themecolor:=\"mso-themecolor:\" text1;\"=\"text1;\"\">O mutir\u00e3o a favor do PROS ocorreu depois que os governistas perceberam que poderiam perder ainda mais dinheiro do fundo partid\u00e1rio e tempo de TV com a cria\u00e7\u00e3o do Solidariedade, partido montado pelo deputado Paulinho da For\u00e7a (SP), que se declarou oposicionista.<\/span><\/p>\n<p class=\"MsoNormal\" style=\"margin-bottom: .0001pt; line-height: normal;\"><span style=\"font-family: \" color:=\"color:\" black;=\"black;\" mso-themecolor:=\"mso-themecolor:\" text1;\"=\"text1;\"\">Para ajudar o novo partido, a presid\u00eancia do PR &#8211; partido de Valdemar Costa Neto &#8211; cedeu uma sala para Eur\u00edpedes J\u00fanior, ex-vereador de Planaltina de Goi\u00e1s (cidade a cerca de 50 quil\u00f4metros de Bras\u00edlia) que vai comandar o PROS.<\/span><\/p>\n<p class=\"MsoNormal\" style=\"margin-bottom: .0001pt; line-height: normal;\"><span style=\"font-family: \" color:=\"color:\" black;=\"black;\" mso-themecolor:=\"mso-themecolor:\" text1;\"=\"text1;\"\">Na fase final do processo o PROS contou com o empurr\u00e3o do empres\u00e1rio J\u00fanior da Friboi, que ser\u00e1 candidato ao governo de Goi\u00e1s pela alian\u00e7a PMDB\/ PT. Gomo o governador Marconi Perillo (PSDB) tem uma base com 20 partidos, J\u00fanior passou a correr atr\u00e1s do maior n\u00famero de legendas que possam ajud\u00e1-lo. Uma delas \u00e9 o PROS, que dever\u00e1 receber pelo menos quatro dezenas de prefeitos, al\u00e9m de centenas de vereadores, eleitos no ano passado com a ajuda do empres\u00e1rio, que pertencia ao PSB. A sa\u00edda de um dos s\u00f3cios da Friboi do partido de Eduardo Campos para o PMDB foi comandada pelo vice-presidente da Rep\u00fablica, Michel Temer.<\/span><\/p>\n<p class=\"MsoNormal\" style=\"margin-bottom: .0001pt; line-height: normal;\"><span style=\"font-family: \" color:=\"color:\" black;=\"black;\" mso-themecolor:=\"mso-themecolor:\" text1;\"=\"text1;\"\">Por interm\u00e9dio de sua assessoria, Ideli Salvatti informou que recebeu ontem em seu gabinete do Planalto o criador da legenda, &#8220;mas n\u00e3o atuou na busca de ades\u00f5es&#8221;.<\/span><\/p>\n<p class=\"MsoNormal\" style=\"margin-bottom: .0001pt; line-height: normal;\"><span style=\"font-family: \" color:=\"color:\" black;=\"black;\" mso-themecolor:=\"mso-themecolor:\" text1;\"=\"text1;\"\">Delc\u00eddio Amaral disse que j\u00e1 conversou com Eur\u00edpedes por telefone, mas n\u00e3o pessoalmente. Valdemar Gosta Neto informou, pela assessoria, que n\u00e3o tem rela\u00e7\u00e3o com os criadores do PROS. O ministro Fernando Pimentel disse que teve uma audi\u00eancia com o deputado Ademir Camilo (MG), que o apresentou a Eur\u00edpedes. O assunto, segundo Pimentel, foi &#8220;o desenvolvimento de Minas&#8221;. J\u00fanior da Friboi informou, pela assessoria, que est\u00e1 mais interessado \u00e9 em fortalecer o PMDB. J\u00e1 Gleisi e Lindbergh estavam viajando e n\u00e3o responderam.<\/span><\/p>\n<p class=\"MsoNormal\" style=\"margin-bottom: .0001pt; line-height: normal;\"><span style=\"font-family: \" color:=\"color:\" black;=\"black;\" mso-themecolor:=\"mso-themecolor:\" text1;\"=\"text1;\"\"> <\/span><\/p>\n<p class=\"MsoNormal\" style=\"margin-bottom: .0001pt; line-height: normal;\"><span style=\"font-family: \" color:=\"color:\" black;=\"black;\" mso-themecolor:=\"mso-themecolor:\" text1;\"=\"text1;\"\">____________________________________________________________<\/span><\/p>\n<p class=\"MsoNormal\" style=\"margin-bottom: .0001pt; line-height: normal;\"><span style=\"font-family: \" color:=\"color:\" black;=\"black;\" mso-themecolor:=\"mso-themecolor:\" text1;\"=\"text1;\"\"> <\/span><\/p>\n<p class=\"MsoNormal\" style=\"margin-bottom: .0001pt; line-height: normal;\"><strong><span style=\"font-family: \" color:=\"color:\" black;=\"black;\" mso-themecolor:=\"mso-themecolor:\" text1;\"=\"text1;\"\">Governo quer &#8216;abrir&#8217; aeroporto a fundos<\/span><\/strong><\/p>\n<p class=\"MsoNormal\" style=\"margin-bottom: .0001pt; line-height: normal;\"><em><span style=\"font-family: \" color:=\"color:\" black;=\"black;\" mso-themecolor:=\"mso-themecolor:\" text1;\"=\"text1;\"\">O Estado de S. Paulo<\/span><\/em><\/p>\n<p class=\"MsoNormal\" style=\"margin-bottom: .0001pt; line-height: normal;\"><span style=\"font-family: \" color:=\"color:\" black;=\"black;\" mso-themecolor:=\"mso-themecolor:\" text1;\"=\"text1;\"\"> <\/span><\/p>\n<p class=\"MsoNormal\" style=\"margin-bottom: .0001pt; line-height: normal;\"><span style=\"font-family: \" color:=\"color:\" black;=\"black;\" mso-themecolor:=\"mso-themecolor:\" text1;\"=\"text1;\"\">Preocupado com o risco de escassez de recursos para financiar concess\u00f5es, o governo estuda uma f\u00f3rmula que permita aos fundos de pens\u00e3o Previ, Petros e Funcef participarem mais fortemente dos leil\u00f5es dos aeroportos do Gale\u00e3o (RJ) e Confins (MG), Em tese, eles poderiam ter at\u00e9 14,99% do capital social da administradora, porque fazem parte do cons\u00f3rcio que arrematou a concess\u00e3o do aeroporto de Guarulhos.<\/span><\/p>\n<p class=\"MsoNormal\" style=\"margin-bottom: .0001pt; line-height: normal;\"><span style=\"font-family: \" color:=\"color:\" black;=\"black;\" mso-themecolor:=\"mso-themecolor:\" text1;\"=\"text1;\"\">Essa &#8220;trava&#8221; dos 14,99% \u00e9 questionada pelo Tribunal de Contas da Uni\u00e3o (TGU) e pode cair. Independentemente disso, por\u00e9m, o governo j\u00e1 vinha construindo um mecanismo para permitir aos fundos driblar a restri\u00e7\u00e3o. A ideia \u00e9 diferenciar o investidor estrat\u00e9gico do financeiro. Os fundos, que est\u00e3o na segunda categoria, teriam acesso liberado aos leil\u00f5es.<\/span><\/p>\n<p class=\"MsoNormal\" style=\"margin-bottom: .0001pt; line-height: normal;\"><span style=\"font-family: \" color:=\"color:\" black;=\"black;\" mso-themecolor:=\"mso-themecolor:\" text1;\"=\"text1;\"\">Assim, se n\u00e3o for derrubada por determina\u00e7\u00e3o do TGU, a &#8220;trava&#8221; vai funcionar apenas para os s\u00f3cios estrat\u00e9gicos, basicamente os operadores aeroportu\u00e1rios e as construtoras. O objetivo, nesse caso, \u00e9 evitar a participa\u00e7\u00e3o conjunta nos aeroportos do Gale\u00e3o e Guarulhos (SP), que juntos concentram 85% dos voos internacionais. &#8220;Eles dominam o sistema&#8221;, resumiu o ministro-chefe da Secretaria de Avia\u00e7\u00e3o Civil (SAG), Wellington Moreira Franco.<\/span><\/p>\n<p class=\"MsoNormal\" style=\"margin-bottom: .0001pt; line-height: normal;\"><span style=\"font-family: \" color:=\"color:\" black;=\"black;\" mso-themecolor:=\"mso-themecolor:\" text1;\"=\"text1;\"\">O problema da concentra\u00e7\u00e3o, explicam t\u00e9cnicos do governo, \u00e9 regulat\u00f3rio. \u00c9 preciso haver competi\u00e7\u00e3o entre os principais aeroportos para que se estabele\u00e7am padr\u00f5es de qualidade que, por sua vez, ser\u00e3o cobrados dos operadores pelo \u00f3rg\u00e3o fiscalizador.<\/span><\/p>\n<p class=\"MsoNormal\" style=\"margin-bottom: .0001pt; line-height: normal;\"><strong><span style=\"font-family: \" color:=\"color:\" black;=\"black;\" mso-themecolor:=\"mso-themecolor:\" text1;\"=\"text1;\"\">Tarifas<\/span><\/strong><\/p>\n<p class=\"MsoNormal\" style=\"margin-bottom: .0001pt; line-height: normal;\"><span style=\"font-family: \" color:=\"color:\" black;=\"black;\" mso-themecolor:=\"mso-themecolor:\" text1;\"=\"text1;\"\">Mas n\u00e3o h\u00e1 risco, por exemplo, de tarifas abusivas porque elas s\u00e3o fixadas pelo governo. Tampouco existe a possibilidade de fechamento de um dos aeroportos, porque se trata de um bem da Uni\u00e3o, do qual apenas a administra\u00e7\u00e3o ser\u00e1 delegada \u00e0s empresas.<\/span><\/p>\n<p class=\"MsoNormal\" style=\"margin-bottom: .0001pt; line-height: normal;\"><span style=\"font-family: \" color:=\"color:\" black;=\"black;\" mso-themecolor:=\"mso-themecolor:\" text1;\"=\"text1;\"\">Na quarta-feira, o TCU dever\u00e1 dizer se a &#8220;trava&#8221; dos 14,99% poder\u00e1 ou n\u00e3o ser mantida. A posi\u00e7\u00e3o oficial do governo \u00e9 manter a restri\u00e7\u00e3o, mas a ordem \u00e9 seguir o que determinar o tribunal. O Planalto j\u00e1 sinalizou ao tribunal que pode abrir m\u00e3o da restri\u00e7\u00e3o.<\/span><\/p>\n<p class=\"MsoNormal\" style=\"margin-bottom: .0001pt; line-height: normal;\"><span style=\"font-family: \" color:=\"color:\" black;=\"black;\" mso-themecolor:=\"mso-themecolor:\" text1;\"=\"text1;\"\">Na vis\u00e3o de Moreira Franco, a &#8220;trava&#8221; n\u00e3o impede que os fundos entrem nos novos cons\u00f3rcios, na condi\u00e7\u00e3o de financiadores. O limite foi fixado com base na Lei das Sociedades An\u00f4nimas. Quem detiver at\u00e9 14,99% do capital pode ser s\u00f3cio, mas n\u00e3o tem assento no conselho de administra\u00e7\u00e3o da empresa.<\/span><\/p>\n<p class=\"MsoNormal\" style=\"margin-bottom: .0001pt; line-height: normal;\"><span style=\"font-family: \" color:=\"color:\" black;=\"black;\" mso-themecolor:=\"mso-themecolor:\" text1;\"=\"text1;\"\">&#8220;Uma coisa \u00e9 o fundo ser in-: vestidor, outra \u00e9 ele querer ser controlador&#8221;, disse o ministro. &#8220;Os fundos \u00e9 que resolveram deixar de ser investidores para serem operadores de infraestrutura, quando constitu\u00edram a Invepar.&#8221; O cons\u00f3rcio \u00e9 formado por Funcef, Previ, Petros, construtora OAS e o operador sul-africano de aeroportos ACSA.<\/span><\/p>\n<p class=\"MsoNormal\" style=\"margin-bottom: .0001pt; line-height: normal;\"><strong><span style=\"font-family: \" color:=\"color:\" black;=\"black;\" mso-themecolor:=\"mso-themecolor:\" text1;\"=\"text1;\"\">Diferen\u00e7a<\/span><\/strong><\/p>\n<p class=\"MsoNormal\" style=\"margin-bottom: .0001pt; line-height: normal;\"><span style=\"font-family: \" color:=\"color:\" black;=\"black;\" mso-themecolor:=\"mso-themecolor:\" text1;\"=\"text1;\"\">No entanto, em outras \u00e1reas do governo o entendimento \u00e9 que 14,99% \u00e9 pouco, por isso a ideia de criar a diferencia\u00e7\u00e3o entre s\u00f3cio estrat\u00e9gico e financeiro. &#8220;Os fundos n\u00e3o s\u00e3o de fato operadores&#8221;, disse um t\u00e9cnico. &#8220;Fundo tem dinheiro, \u00e9 isso que interessa.&#8221; E os aeroportos s\u00e3o o tipo de neg\u00f3cio que atrai particularmente os fundos de pens\u00e3o, comentou um executivo do setor privado. &#8220;Hoje em dia, os aeroportos s\u00e3o praticamente shoppings, ent\u00e3o s\u00e3o atrativos para os fundos.&#8221; Dos dois aeroportos que ser\u00e3o leiloados, Confins \u00e9 o que mais preocupa. Isso porque a movimenta\u00e7\u00e3o caiu 7,05% no per\u00edodo de janeiro a julho deste ano. Mas, acreditam t\u00e9cnicos, o aeroporto ser\u00e1 capaz de atrair cons\u00f3rcios formados por empresas de menor porte.<\/span><\/p>\n<p class=\"MsoNormal\" style=\"margin-bottom: .0001pt; line-height: normal;\"><span style=\"font-family: \" color:=\"color:\" black;=\"black;\" mso-themecolor:=\"mso-themecolor:\" text1;\"=\"text1;\"\"> <\/span><\/p>\n<p class=\"MsoNormal\" style=\"margin-bottom: .0001pt; line-height: normal;\"><span style=\"font-family: \" color:=\"color:\" black;=\"black;\" mso-themecolor:=\"mso-themecolor:\" text1;\"=\"text1;\"\">____________________________________________________________<\/span><\/p>\n<p class=\"MsoNormal\" style=\"margin-bottom: .0001pt; line-height: normal;\"><span style=\"font-family: \" color:=\"color:\" black;=\"black;\" mso-themecolor:=\"mso-themecolor:\" text1;\"=\"text1;\"\"> <\/span><\/p>\n<p class=\"MsoNormal\" style=\"margin-bottom: .0001pt; line-height: normal;\"><strong><span style=\"font-family: \" color:=\"color:\" black;=\"black;\" mso-themecolor:=\"mso-themecolor:\" text1;\"=\"text1;\"\">Fim do fator previdenci\u00e1rio s\u00f3 deve voltar \u00e0 agenda em 2015<\/span><\/strong><\/p>\n<p class=\"MsoNormal\" style=\"margin-bottom: .0001pt; line-height: normal;\"><em><span style=\"font-family: \" color:=\"color:\" black;=\"black;\" mso-themecolor:=\"mso-themecolor:\" text1;\"=\"text1;\"\">O Estado de S. Paulo<\/span><\/em><\/p>\n<p class=\"MsoNormal\" style=\"margin-bottom: .0001pt; line-height: normal;\"><span style=\"font-family: \" color:=\"color:\" black;=\"black;\" mso-themecolor:=\"mso-themecolor:\" text1;\"=\"text1;\"\"> <\/span><\/p>\n<p class=\"MsoNormal\" style=\"margin-bottom: .0001pt; line-height: normal;\"><span style=\"font-family: \" color:=\"color:\" black;=\"black;\" mso-themecolor:=\"mso-themecolor:\" text1;\"=\"text1;\"\">O governo desistiu de acabar com o fator previdenci\u00e1rio nas aposentadorias por tempo de contribui\u00e7\u00e3o nesta gest\u00e3o da presidente Dilma Rousseff. O tema, pol\u00eamico, foi usado como trunfo por Dilma em negocia\u00e7\u00f5es para aplacar a ira de aposentados e sindicalistas no auge das manifesta\u00e7\u00f5es de junho.<\/span><\/p>\n<p class=\"MsoNormal\" style=\"margin-bottom: .0001pt; line-height: normal;\"><span style=\"font-family: \" color:=\"color:\" black;=\"black;\" mso-themecolor:=\"mso-themecolor:\" text1;\"=\"text1;\"\">O chefe da Secretaria-Geral da Presid\u00eancia, Gilberto Carvalho, j\u00e1 avisou aos ministros envolvidos nas discuss\u00f5es iniciadas em junho que a presidente &#8220;n\u00e3o quer tocar&#8221; o assunto em plena recupera\u00e7\u00e3o de sua popularidade, O tema, informou uma fonte qualificada ao Estado, s\u00f3 voltar\u00e1 \u00e0 agenda do governo antes de 2015 em caso de nova catarse nas ruas, hip\u00f3tese tida como improv\u00e1vel pelo governo federal<\/span><\/p>\n<p class=\"MsoNormal\" style=\"margin-bottom: .0001pt; line-height: normal;\"><span style=\"font-family: \" color:=\"color:\" black;=\"black;\" mso-themecolor:=\"mso-themecolor:\" text1;\"=\"text1;\"\">A altera\u00e7\u00e3o do atual modelo, que reduz o valor das aposentadorias em at\u00e9 30%, deve ser oferecida como um benef\u00edcio aos eleitores nos palanques de pol\u00edticos aliados durante a campanha de 2014\u00bb Assim, deputados e senadores em busca de novos mandatos poder\u00e3o apresentar-se como &#8220;solu\u00e7\u00e3o pol\u00edtica&#8221; para &#8220;for\u00e7ar&#8221; o governo a alterar a f\u00f3rmula de c\u00e1lculo. Hoje, h\u00e1 quase 5 milh\u00f5es de aposentados e 48 milh\u00f5es de trabalhadores formais na ativa. &#8220;N\u00e3o \u00e9 hora de tratar desse tema. Tiramos da prateleira, com as manifesta\u00e7\u00f5es de junho, mas agora o assunto refluiu&#8221;, disse um ministro.<\/span><\/p>\n<p class=\"MsoNormal\" style=\"margin-bottom: .0001pt; line-height: normal;\"><span style=\"font-family: \" color:=\"color:\" black;=\"black;\" mso-themecolor:=\"mso-themecolor:\" text1;\"=\"text1;\"\">Nos bastidores, o governo estima um &#8220;refresco&#8221; de R$ 11 bilh\u00f5es aos aposentados, valor anual que a Previd\u00eancia Social passaria a gastar no caso do fim do fator previdenci\u00e1rio. O estoque dessa economia, segundo conta oficial com valores corrigidos, estaria pr\u00f3ximo de R$ 80 bilh\u00f5es desde 1999, quando o fator come\u00e7ou a ser usado como redutor de aposentadorias.<\/span><\/p>\n<p class=\"MsoNormal\" style=\"margin-bottom: .0001pt; line-height: normal;\"><span style=\"font-family: \" color:=\"color:\" black;=\"black;\" mso-themecolor:=\"mso-themecolor:\" text1;\"=\"text1;\"\">O governo avalia, ainda, que qualquer altera\u00e7\u00e3o do modelo neste momento daria mais visibilidade ao Solidariedade, novo partido do deputado Paulo Pereira da Silva, que tamb\u00e9m comanda a opositora For\u00e7a Sindical, a segunda maior central sindical do Pa\u00eds. Advers\u00e1rio declarado de Dilma, o deputado teria espa\u00e7o para faturar esse al\u00edvio aos milh\u00f5es de aposentados.<\/span><\/p>\n<p class=\"MsoNormal\" style=\"margin-bottom: .0001pt; line-height: normal;\"><span style=\"font-family: \" color:=\"color:\" black;=\"black;\" mso-themecolor:=\"mso-themecolor:\" text1;\"=\"text1;\"\">Em reuni\u00e3o h\u00e1 40 dias com sindicalistas, no Pal\u00e1cio do Planalto, cinco ministros, coordenados por Gilberto Carvalho, prometeram tocar a reforma do fator previdenci\u00e1rio. Diante dos sinais de freada na agenda, e da retomada na popularidade de Dilma, a For\u00e7a Sindical j\u00e1 prepara manifesta\u00e7\u00e3o barulhenta para a pr\u00f3xima semana como forma de lembrar a promessa.<\/span><\/p>\n<p class=\"MsoNormal\" style=\"margin-bottom: .0001pt; line-height: normal;\"><span style=\"font-family: \" color:=\"color:\" black;=\"black;\" mso-themecolor:=\"mso-themecolor:\" text1;\"=\"text1;\"\">Na vis\u00e3o do governo, a substitui\u00e7\u00e3o do fator por novo modelo ficaria &#8220;engatilhada&#8221; para 2015. Seria aplicada uma f\u00f3rmula de idade m\u00ednima para as aposentadorias, algo semelhante ao que ocorre nos pa\u00edses ricos.<\/span><\/p>\n<p class=\"MsoNormal\" style=\"margin-bottom: .0001pt; line-height: normal;\"><span style=\"font-family: \" color:=\"color:\" black;=\"black;\" mso-themecolor:=\"mso-themecolor:\" text1;\"=\"text1;\"\">Na mesa de negocia\u00e7\u00e3o, tamb\u00e9m est\u00e1 a chamada &#8220;f\u00f3rmula 85\/95&#8221;, que soma a idade dos trabalhadores ao tempo de contribui\u00e7\u00e3o at\u00e9 atingir o \u00edndice de 85 para mulheres e 95 para homens.<\/span><\/p>\n<p class=\"MsoNormal\" style=\"margin-bottom: .0001pt; line-height: normal;\"><strong><span style=\"font-family: \" color:=\"color:\" black;=\"black;\" mso-themecolor:=\"mso-themecolor:\" text1;\"=\"text1;\"\">Para entender<\/span><\/strong><\/p>\n<p class=\"MsoNormal\" style=\"margin-bottom: .0001pt; line-height: normal;\"><span style=\"font-family: \" color:=\"color:\" black;=\"black;\" mso-themecolor:=\"mso-themecolor:\" text1;\"=\"text1;\"\">Criado em 1999, o fator previdenci\u00e1rio surgiu como o principal instrumento de redu\u00e7\u00e3o das despesas federais com aposentadorias por tempo de servi\u00e7o. O governo desenvolveu uma f\u00f3rmula que leva em conta o tempo de contribui\u00e7\u00e3o ao INSS, a idade do trabalhador, a sobrevida esperada no momento da aposentadoria e 80% dos mais altos sal\u00e1rios recebidos para estipular um &#8220;fator&#8221; a ser aplicado ao benef\u00edcio previdenci\u00e1rio.<\/span><\/p>\n<p class=\"MsoNormal\" style=\"margin-bottom: .0001pt; line-height: normal;\"><span style=\"font-family: \" color:=\"color:\" black;=\"black;\" mso-themecolor:=\"mso-themecolor:\" text1;\"=\"text1;\"\">Na pr\u00e1tica, a f\u00f3rmula funciona como um &#8220;redutor&#8221; do benef\u00edcio para o caso de mulheres que se aposentam antes dos 60 anos de idade, e para homens que deixam o mercado de trabalho antes dos 65 anos.<\/span><\/p>\n<p class=\"MsoNormal\" style=\"margin-bottom: .0001pt; line-height: normal;\"><span style=\"font-family: \" color:=\"color:\" black;=\"black;\" mso-themecolor:=\"mso-themecolor:\" text1;\"=\"text1;\"\"> <\/span><\/p>\n<p class=\"MsoNormal\" style=\"margin-bottom: .0001pt; line-height: normal;\"><span style=\"font-family: \" color:=\"color:\" black;=\"black;\" mso-themecolor:=\"mso-themecolor:\" text1;\"=\"text1;\"\">____________________________________________________________<\/span><\/p>\n<p class=\"MsoNormal\" style=\"margin-bottom: .0001pt; line-height: normal;\"><span style=\"font-family: \" color:=\"color:\" black;=\"black;\" mso-themecolor:=\"mso-themecolor:\" text1;\"=\"text1;\"\"> <\/span><\/p>\n<p class=\"MsoNormal\" style=\"margin-bottom: .0001pt; line-height: normal;\"><strong><span style=\"font-family: \" color:=\"color:\" black;=\"black;\" mso-themecolor:=\"mso-themecolor:\" text1;\"=\"text1;\"\">Chinesas podem fechar acordo para disputar Libra<\/span><\/strong><\/p>\n<p class=\"MsoNormal\" style=\"margin-bottom: .0001pt; line-height: normal;\"><em><span style=\"font-family: \" color:=\"color:\" black;=\"black;\" mso-themecolor:=\"mso-themecolor:\" text1;\"=\"text1;\"\">O Estado de S. Paulo<\/span><\/em><\/p>\n<p class=\"MsoNormal\" style=\"margin-bottom: .0001pt; line-height: normal;\"><span style=\"font-family: \" color:=\"color:\" black;=\"black;\" mso-themecolor:=\"mso-themecolor:\" text1;\"=\"text1;\"\"> <\/span><\/p>\n<p class=\"MsoNormal\" style=\"margin-bottom: .0001pt; line-height: normal;\"><span style=\"font-family: \" color:=\"color:\" black;=\"black;\" mso-themecolor:=\"mso-themecolor:\" text1;\"=\"text1;\"\">As tr\u00eas petroleiras chinesas inscritas no leil\u00e3o de Libra devem conversar entre si &#8211; o que pode incluir pre\u00e7o e\/ou estrat\u00e9gia -antes da oferta pela \u00e1rea gigante a ser licitada, segundo o presidente da C\u00e2mara de Com\u00e9rcio Brasil-China, Charles Tang. Segundo o executivo, deve haver algum tipo de conversa de forma a evitar preju\u00edzo a qualquer uma delas, j\u00e1 que respondem ao mesmo governo. &#8220;No leil\u00e3o, elas podem chegar a um acordo para n\u00e3o se prejudicarem&#8221;.<\/span><\/p>\n<p class=\"MsoNormal\" style=\"margin-bottom: .0001pt; line-height: normal;\"><span style=\"font-family: \" color:=\"color:\" black;=\"black;\" mso-themecolor:=\"mso-themecolor:\" text1;\"=\"text1;\"\">Tang, por\u00e9m, lembra que as estatais chinesas normalmente concorrem diretamente entre si e aposta que dificilmente apenas uma far\u00e1 lance. &#8220;Acho que as tr\u00eas v\u00e3o querer disputar&#8221;, afirmou Tang, que acompanha o com\u00e9rcio entre os dois pa\u00edses mas n\u00e3o acompanha as negocia\u00e7\u00f5es para o leil\u00e3o.<\/span><\/p>\n<p class=\"MsoNormal\" style=\"margin-bottom: .0001pt; line-height: normal;\"><span style=\"font-family: \" color:=\"color:\" black;=\"black;\" mso-themecolor:=\"mso-themecolor:\" text1;\"=\"text1;\"\">A taxa de inscri\u00e7\u00e3o paga por cada candidato ao primeiro leil\u00e3o do pr\u00e9-sal foi de R$ 2,067 milh\u00f5es. Onze empresas se registraram, incluindo a China National Offshore Oil Corporation (CNOOC), especializada na explora\u00e7\u00e3o em mar; a China Petroleum and Chemical Corporation (Sinopec), refinarias; e a China National Petroleum Corporation (CNPC), voltada para blocos em terra.<\/span><\/p>\n<p class=\"MsoNormal\" style=\"margin-bottom: .0001pt; line-height: normal;\"><span style=\"font-family: \" color:=\"color:\" black;=\"black;\" mso-themecolor:=\"mso-themecolor:\" text1;\"=\"text1;\"\">&#8220;Originalmente (cada uma foi criada com um fim espec\u00edfico), hoje todas est\u00e3o em tudo&#8221;, explicou Tang. A Sinopec se inscreveu no leil\u00e3o atrav\u00e9s da joint venture Repsol\/Sinopec, formada no Brasil em parceria com a espanhola e j\u00e1 com ativos no Pa\u00eds.A chinesa tamb\u00e9m tem parceria com a Galp, inscrita no leil\u00e3o de Libra por meio de sua subsidi\u00e1ria Petrogal. CNOOC e CNPC s\u00e3o estreantes.<\/span><\/p>\n<p class=\"MsoNormal\" style=\"margin-bottom: .0001pt; line-height: normal;\"><span style=\"font-family: \" color:=\"color:\" black;=\"black;\" mso-themecolor:=\"mso-themecolor:\" text1;\"=\"text1;\"\">A possibilidade de comunica\u00e7\u00e3o entre as chinesas abre uma inc\u00f3gnita na negocia\u00e7\u00e3o de cons\u00f3rcios. A Petrobr\u00e1s j\u00e1 assumiu n\u00e3o ser capaz de arcar sozinha com os R$ 15 bilh\u00f5es de b\u00f4nus de assinatura a serem pagos \u00e0 vista e informou que deve entrar na disputa em parceria.<\/span><\/p>\n<p class=\"MsoNormal\" style=\"margin-bottom: .0001pt; line-height: normal;\"><span style=\"font-family: \" color:=\"color:\" black;=\"black;\" mso-themecolor:=\"mso-themecolor:\" text1;\"=\"text1;\"\">O Centro Brasileiro de Infraestrutura (CBIE) disse ser muito prov\u00e1vel que as chinesas financiem o certame em troca de \u00f3leo, por terem ampla oferta de capital e necessidade de garantir acesso a reserva futura de petr\u00f3leo. Elas teriam, inclusive, cacife para adiantar a parte do b\u00f4nus que caberia \u00e0 Petrobr\u00e1s.<\/span><\/p>\n<p class=\"MsoNormal\" style=\"margin-bottom: .0001pt; line-height: normal;\"><strong><span style=\"font-family: \" color:=\"color:\" black;=\"black;\" mso-themecolor:=\"mso-themecolor:\" text1;\"=\"text1;\"\">Financiamento<\/span><\/strong><\/p>\n<p class=\"MsoNormal\" style=\"margin-bottom: .0001pt; line-height: normal;\"><span style=\"font-family: \" color:=\"color:\" black;=\"black;\" mso-themecolor:=\"mso-themecolor:\" text1;\"=\"text1;\"\">Uma das possibilidades, segundo o Centro Brasileiro de Infraestrutura, \u00e9 que as chinesas financiem parte do b\u00f4nus da Petrobr\u00e1s no leil\u00e3o em troca de garantia de fornecimento de \u00f3leo.<\/span><\/p>\n<p class=\"MsoNormal\" style=\"margin-bottom: .0001pt; line-height: normal;\"><span style=\"font-family: \" color:=\"color:\" black;=\"black;\" mso-themecolor:=\"mso-themecolor:\" text1;\"=\"text1;\"\"> <\/span><\/p>\n<p class=\"MsoNormal\" style=\"margin-bottom: .0001pt; line-height: normal;\"><span style=\"font-family: \" color:=\"color:\" black;=\"black;\" mso-themecolor:=\"mso-themecolor:\" text1;\"=\"text1;\"\">____________________________________________________________<\/span><\/p>\n<p class=\"MsoNormal\" style=\"margin-bottom: .0001pt; line-height: normal;\"><span style=\"font-family: \" color:=\"color:\" black;=\"black;\" mso-themecolor:=\"mso-themecolor:\" text1;\"=\"text1;\"\"> <\/span><\/p>\n<p class=\"MsoNormal\" style=\"margin-bottom: .0001pt; line-height: normal;\"><strong><span style=\"font-family: \" color:=\"color:\" black;=\"black;\" mso-themecolor:=\"mso-themecolor:\" text1;\"=\"text1;\"\">Valerioduto tucano tem condenado<\/span><\/strong><\/p>\n<p class=\"MsoNormal\" style=\"margin-bottom: .0001pt; line-height: normal;\"><em><span style=\"font-family: \" color:=\"color:\" black;=\"black;\" mso-themecolor:=\"mso-themecolor:\" text1;\"=\"text1;\"\">O Globo<\/span><\/em><\/p>\n<p class=\"MsoNormal\" style=\"margin-bottom: .0001pt; line-height: normal;\"><span style=\"font-family: \" color:=\"color:\" black;=\"black;\" mso-themecolor:=\"mso-themecolor:\" text1;\"=\"text1;\"\"> <\/span><\/p>\n<p class=\"MsoNormal\" style=\"margin-bottom: .0001pt; line-height: normal;\"><span style=\"font-family: \" color:=\"color:\" black;=\"black;\" mso-themecolor:=\"mso-themecolor:\" text1;\"=\"text1;\"\">A Justi\u00e7a Federal em Belo Horizonte condenou um r\u00e9u do valerioduto tucano em Minas, o chamado mensal\u00e3o mineiro: um esquema criminoso que, segundo o Minist\u00e9rio P\u00fablico Federal (MPF), vigorou durante a campanha de reelei\u00e7\u00e3o de Eduardo Azeredo (PSDB) ao governo de Minas Gerais em 1998. Ex-diretor do Banco Rural, N\u00e9lio Brant Magalh\u00e3es recebeu pena de nove anos e nove meses de pris\u00e3o, em regime fechado, pelos crimes de gest\u00e3o fraudulenta e gest\u00e3o temer\u00e1ria de institui\u00e7\u00e3o financeira. Ainda cabe recurso da decis\u00e3o.<\/span><\/p>\n<p class=\"MsoNormal\" style=\"margin-bottom: .0001pt; line-height: normal;\"><span style=\"font-family: \" color:=\"color:\" black;=\"black;\" mso-themecolor:=\"mso-themecolor:\" text1;\"=\"text1;\"\">Magalh\u00e3es tamb\u00e9m ter\u00e1 que pagar 140 dias-multa, cada um no valor de dez sal\u00e1rios m\u00ednimos. Outros quatro r\u00e9us no processo, que compunham o Comit\u00ea de Cr\u00e9dito do banco, foram absolvidos por falta de provas de autoria ou de parti ci-pa\u00e7\u00e3o nos fatos. S\u00e3o eles: Jos\u00e9 Geraldo Dontal, Paulo Roberto Grossi, Caio M\u00e1rio \u00c1lvares e Wellerson Ant\u00f4nio da Rocha. A den\u00fancia foi oferecida pelo MPF \u00e0 Justi\u00e7a em novembro de 2008.<\/span><\/p>\n<p class=\"MsoNormal\" style=\"margin-bottom: .0001pt; line-height: normal;\"><span style=\"font-family: \" color:=\"color:\" black;=\"black;\" mso-themecolor:=\"mso-themecolor:\" text1;\"=\"text1;\"\">Essa decis\u00e3o \u00e9 referente a um dos processos desmembrados do caso do mensal\u00e3o mineiro, apontado pela Procuradoria Geral da Rep\u00fablica como o laborat\u00f3rio do mensal\u00e3o no governo do ent\u00e3o presidente Lula e teria como operador o mesmo Marcos Val\u00e9rio.<\/span><\/p>\n<p class=\"MsoNormal\" style=\"margin-bottom: .0001pt; line-height: normal;\"><span style=\"font-family: \" color:=\"color:\" black;=\"black;\" mso-themecolor:=\"mso-themecolor:\" text1;\"=\"text1;\"\">A senten\u00e7a da ju\u00edza Camila Velano, da 4a Vara Federal, pontua que os contratos de empr\u00e9stimos &#8220;foram deferidos pelo Comit\u00ea de Cr\u00e9dito do Banco Rural \u00e0s empresas DNA e SMP&#038;B sem a exig\u00eancia de garantias efetivas: contr\u00e1rias aos pareceres t\u00e9cnicos, sem informa\u00e7\u00f5es econ\u00f4mico-financeiras id\u00f4neas dos contratantes, sem observ\u00e2ncia da capacidade financeira dos avalistas e mormente pela exist\u00eancia de cr\u00e9ditos n\u00e3o performados pelos devedores, o que acabou por afrontar os princ\u00edpios da seletividade, garantia e liquidez, em manifesto desacordo com as normas de boa gest\u00e3o e seguran\u00e7a banc\u00e1ria&#8221;<\/span><\/p>\n<p class=\"MsoNormal\" style=\"margin-bottom: .0001pt; line-height: normal;\"><span style=\"font-family: \" color:=\"color:\" black;=\"black;\" mso-themecolor:=\"mso-themecolor:\" text1;\"=\"text1;\"\">A decis\u00e3o da magistrada conclui ainda que pelo menos ura dos contratos de empr\u00e9stimos foi &#8220;realmente empregado no custeio de despesas eleitorais realizadas na campanha de Eduardo Azeredo&#8221;.<\/span><\/p>\n<p class=\"MsoNormal\" style=\"margin-bottom: .0001pt; line-height: normal;\"><span style=\"font-family: \" color:=\"color:\" black;=\"black;\" mso-themecolor:=\"mso-themecolor:\" text1;\"=\"text1;\"\">O MPF recorreu contra a absolvi\u00e7\u00e3o dos demais r\u00e9us alegando que existem provas nos autos que demonstram a participa\u00e7\u00e3o dos denunciados, &#8220;j\u00e1 que eles compunham o Comit\u00ea de Cr\u00e9dito respons\u00e1vel pela aprova\u00e7\u00e3o dos empr\u00e9stimos&#8221; O MPF tamb\u00e9m recorreu ao Tribunal Regional da Regi\u00e3o para aumentar a pena de Magalh\u00e3es. O GLOBO tentou contato com a defesa dele, mas n\u00e3o conseguiu retorno. Marcos Val\u00e9rio n\u00e3o \u00e9 r\u00e9u nessa a\u00e7\u00e3o.<\/span><\/p>\n<p class=\"MsoNormal\" style=\"margin-bottom: .0001pt; line-height: normal;\"><span style=\"font-family: \" color:=\"color:\" black;=\"black;\" mso-themecolor:=\"mso-themecolor:\" text1;\"=\"text1;\"\">Na senten\u00e7a, h\u00e1 ainda a compara\u00e7\u00e3o do esquema com o caso do mensal\u00e3o do PT: &#8220;Os fatos narrados na den\u00fancia subsumem-se completamente \u00e0queles descritos na A\u00e7\u00e3o Penal n0 470, tidos como atos de gest\u00e3o fraudulenta&#8221;.<\/span><\/p>\n<p class=\"MsoNormal\" style=\"margin-bottom: .0001pt; line-height: normal;\"><span style=\"font-family: \" color:=\"color:\" black;=\"black;\" mso-themecolor:=\"mso-themecolor:\" text1;\"=\"text1;\"\">Segundo a decis\u00e3o, n\u00e3o se pode dissociar o valerioduto tucano e o do PT: &#8220;O que se nota na narrativa do MPF \u00e9 que aquela institui\u00e7\u00e3o, desde 1998, por meio do mesmo modus operandi, concedeu empr\u00e9stimos fraudulentos \u00e0s empresas ligadas ao Sr. Marcos Val\u00e9rio Fernandes de Souza, com vistas ao repasse de recursos a partidos pol\u00edticos&#8221;. Em seguida, a magistrada faz a \u00fanica distin\u00e7\u00e3o entre os dois esquemas:<\/span><\/p>\n<p class=\"MsoNormal\" style=\"margin-bottom: .0001pt; line-height: normal;\"><span style=\"font-family: \" color:=\"color:\" black;=\"black;\" mso-themecolor:=\"mso-themecolor:\" text1;\"=\"text1;\"\">&#8220;A diferen\u00e7a, caso existente, d\u00e1-se somente em rela\u00e7\u00e3o aos destinat\u00e1rios dos empr\u00e9stimos&#8221; escreve a ju\u00edza na senten\u00e7a que ser\u00e1 publicada no Di\u00e1rio de Justi\u00e7a na pr\u00f3xima ter\u00e7a-feira.<\/span><\/p>\n<p class=\"MsoNormal\" style=\"margin-bottom: .0001pt; line-height: normal;\"><span style=\"font-family: \" color:=\"color:\" black;=\"black;\" mso-themecolor:=\"mso-themecolor:\" text1;\"=\"text1;\"\">Em outra a\u00e7\u00e3o envolvendo o esquema em Minas, Marcos Val\u00e9rio foi condenado em 2001 a seis anos de pris\u00e3o, e seu ex-s\u00f3cio na SMP&#038;B Comunica\u00e7\u00f5es, Cristiano Paz, a quatro anos, por prestarem informa\u00e7\u00f5es falsas ao Banco Central. Eles recorrem em liberdade. De acordo com o processo, para justificar dep\u00f3sitos na con-ta-corrente da empresa entre dezembro de 1998 e abril de 1999, a SMP&#038;B simulou aumento de capital social da empresa que n\u00e3o teria ocorrido de fato. Para a Pol\u00edcia Federal, a opera\u00e7\u00e3o foi forjada a fim de esconder o uso da ag\u00eancia de publicidade para desviar recursos p\u00fablicos \u00e0 campanha de reelei\u00e7\u00e3o de Azeredo no esquema do valerioduto tucano em Minas.<\/span><\/p>\n<p>\u00a0<\/p>\n<p class=\"MsoNormal\" style=\"margin-bottom: .0001pt; line-height: normal;\"><span style=\"font-family: \" color:=\"color:\" black;=\"black;\" mso-themecolor:=\"mso-themecolor:\" text1;\"=\"text1;\"\">Azeredo, que atualmente \u00e9 deputado federal, responde a a\u00e7\u00e3o penal no Supremo Tribunal Federal pelo envolvimento no esquema. A AP 536 est\u00e1 entre as a\u00e7\u00f5es contra pol\u00edticos com foro privilegiado que ainda n\u00e3o foram liberadas para julgamento na Corte. Azeredo responde por peculato e lavagem de dinheiro.<\/span><\/p>\n","protected":false},"excerpt":{"rendered":"\nO Estado de S. Paulo\n \nMinistros, empres\u00e1rios bem relacionados com o governo petista e parlamentares agiram nos bastidores para impulsionar a cria\u00e7\u00e3o do Partido Republicano da Ordem Social, o PROS, o mais novo integrante da base da presidente Dilma Roussef. \n<a class=\"moretag\" href=\"https:\/\/pcb.org.br\/portal2\/5496\"> <\/a>","protected":false},"author":1,"featured_media":0,"comment_status":"open","ping_status":"open","sticky":false,"template":"","format":"standard","meta":{"jetpack_post_was_ever_published":false,"_jetpack_newsletter_access":"","_jetpack_dont_email_post_to_subs":false,"_jetpack_newsletter_tier_id":0,"_jetpack_memberships_contains_paywalled_content":false,"_jetpack_memberships_contains_paid_content":false,"footnotes":"","jetpack_publicize_message":"","jetpack_publicize_feature_enabled":true,"jetpack_social_post_already_shared":false,"jetpack_social_options":{"image_generator_settings":{"template":"highway","default_image_id":0,"font":"","enabled":false},"version":2}},"categories":[106],"tags":[],"class_list":["post-5496","post","type-post","status-publish","format-standard","hentry","category-c119-olhovivo"],"jetpack_publicize_connections":[],"jetpack_featured_media_url":"","jetpack_shortlink":"https:\/\/wp.me\/p659gw-1qE","jetpack-related-posts":[],"jetpack_likes_enabled":true,"jetpack_sharing_enabled":true,"_links":{"self":[{"href":"https:\/\/pcb.org.br\/portal2\/wp-json\/wp\/v2\/posts\/5496","targetHints":{"allow":["GET"]}}],"collection":[{"href":"https:\/\/pcb.org.br\/portal2\/wp-json\/wp\/v2\/posts"}],"about":[{"href":"https:\/\/pcb.org.br\/portal2\/wp-json\/wp\/v2\/types\/post"}],"author":[{"embeddable":true,"href":"https:\/\/pcb.org.br\/portal2\/wp-json\/wp\/v2\/users\/1"}],"replies":[{"embeddable":true,"href":"https:\/\/pcb.org.br\/portal2\/wp-json\/wp\/v2\/comments?post=5496"}],"version-history":[{"count":0,"href":"https:\/\/pcb.org.br\/portal2\/wp-json\/wp\/v2\/posts\/5496\/revisions"}],"wp:attachment":[{"href":"https:\/\/pcb.org.br\/portal2\/wp-json\/wp\/v2\/media?parent=5496"}],"wp:term":[{"taxonomy":"category","embeddable":true,"href":"https:\/\/pcb.org.br\/portal2\/wp-json\/wp\/v2\/categories?post=5496"},{"taxonomy":"post_tag","embeddable":true,"href":"https:\/\/pcb.org.br\/portal2\/wp-json\/wp\/v2\/tags?post=5496"}],"curies":[{"name":"wp","href":"https:\/\/api.w.org\/{rel}","templated":true}]}}