{"id":55,"date":"2010-01-03T06:48:04","date_gmt":"2010-01-03T06:48:04","guid":{"rendered":"http:\/\/pcb.org.br\/portal2\/?p=55"},"modified":"2010-01-03T06:48:04","modified_gmt":"2010-01-03T06:48:04","slug":"a-militancia-das-farc-ep-e-do-eln","status":"publish","type":"post","link":"https:\/\/pcb.org.br\/portal2\/55","title":{"rendered":"\u00c0 MILIT\u00c2NCIA DAS FARC-EP E DO ELN"},"content":{"rendered":"\n<p>O capitalismo est\u00e1 em crise. O imp\u00e9rio, como sempre fez, tenta invoc\u00e1-lo por meio da guerra, e \u00e9 assim como incrementa as tropas de ocupa\u00e7\u00e3o no Afeganist\u00e3o enviando dezenas de milhares para somar-se aos j\u00e1 existentes. Hoje, a Col\u00f4mbia est\u00e1 convertida em uma grande Base Militar \u00e0 sua disposi\u00e7\u00e3o para afogar em sangue a resist\u00eancia de nosso povo e, a partir daqui, pretende-se fazer retroceder o nosso projeto em nossa Am\u00e9rica que cavalga por seus vales e montanhas. Como resposta a esta pretens\u00e3o belicista se faz urgente resgatar a bandeira da paz na Col\u00f4mbia como um compromisso de todo o continente.<\/p>\n<p>Nesta hora precisa, onde as diversas express\u00f5es do movimento social e popular resistem e se mobilizam, encaminhamo-nos para trabalhar pela unidade, para enfrentar com firmeza e combatividade o atual regime. O governo de \u00c1lvaro Uribe converteu-se no mais perverso fantoche dos planos do imp\u00e9rio, pisoteando a dignidade nacional, o anseio dos colombianos, impondo \u00e0 ponta de canh\u00e3o paramilitar e repress\u00e3o institucional, inspirado numa concep\u00e7\u00e3o enganosa, corrupta e mafiosa.<\/p>\n<p>Avalia\u00e7\u00f5es recentes d\u00e3o conta de que os mandatos de Uribe s\u00e3o um fracasso no que diz respeito \u00e0 economia, pol\u00edtica, quest\u00f5es sociais, de justi\u00e7a e em todos os demais aspectos. Por isso, nada pode ser mais equivocado e arriscado para o destino da p\u00e1tria do que uma reelei\u00e7\u00e3o dos inspiradores da &#8220;seguran\u00e7a democr\u00e1tica&#8221;. Somente a unidade e a\u00e7\u00e3o decidida dos colombianos patriotas, dos democratas, dos revolucion\u00e1rios e de todos os que nos d\u00e3o esperan\u00e7as na solu\u00e7\u00e3o pol\u00edtica, poder\u00e1 deter a guerra, encontrar a paz e fazer poss\u00edvel a constru\u00e7\u00e3o de uma Col\u00f4mbia Nova que nos inclua na defini\u00e7\u00e3o de seu destino, que n\u00e3o ser\u00e1 alheia \u00e0s novas din\u00e2micas que hoje s\u00e3o vivenciadas em nossa Am\u00e9rica.<\/p>\n<p>A compreens\u00e3o das exig\u00eancias do momento e nossa condi\u00e7\u00e3o revolucion\u00e1ria nos levam a ordenar a todas as nossas unidades a:<\/p>\n<p>1. Encerrar o confronto entre as for\u00e7as. a partir da publica\u00e7\u00e3o deste documento;<\/p>\n<p>2. N\u00e3o permitir nenhum tipo de colabora\u00e7\u00e3o com o inimigo do povo, nem fazer pronunciamentos p\u00fablicos;<\/p>\n<p>3. Respeito \u00e0 popula\u00e7\u00e3o n\u00e3o combatente, a seus bens e interesses e a suas organiza\u00e7\u00f5es sociais;<\/p>\n<p>4. Fazer uso de uma linguagem ponderada e respeitosa entre as organiza\u00e7\u00f5es revolucion\u00e1rias.<\/p>\n<p>Assumimos o compromisso de habilitar os espa\u00e7os e mecanismos que permitam esclarecer e encontrar as verdadeiras causas que nos levaram a este absurdo enfrentamento em algumas regi\u00f5es do pa\u00eds, super\u00e1-las e trabalhar para ressarcir os danos causados. Deve-se primar pela an\u00e1lise e pela controv\u00e9rsia cr\u00edtica, franca e construtiva que colabore com a unidade e a fraternidade revolucion\u00e1ria.<\/p>\n<p>Nosso \u00fanico inimigo \u00e9 o imperialismo norte-americano e sua oligarquia servil, e contra este, comprometemos toda nossa energia combativa e revolucion\u00e1ria.<\/p>\n<p>Ratificamos a vig\u00eancia das normas de comportamento com as massas, acordadas e aprovadas na Reuni\u00e3o de Comandantes, de 1990.<\/p>\n<p>As declara\u00e7\u00f5es p\u00fablicas referentes \u00e0 unidade e ao tratamento das dificuldades entre as duas organiza\u00e7\u00f5es s\u00e3o somente facultadas ao Secretariado e ao Comando Central.<\/p>\n<p>Manuel P\u00e9rez Mart\u00ednez, Manuel Marulanda V\u00e9lez, exemplos que devemos cultivar!<\/p>\n<p>A p\u00e1tria deve ser respeitada, fora ianques da Col\u00f4mbia! Pelas FARC-EP: Secretariado do Estado Maior Central Pelo ELN: Comando Central<\/p>\n<p>Montanhas da Col\u00f4mbia, dezembro de 2009<\/p>\n","protected":false},"excerpt":{"rendered":"\n\n\nCr\u00e9dito: Kaosenlared.net\n\n\n\n\nO Secretariado Nacional das For\u00e7as Armadas Revolucion\u00e1rias da Col\u00f4mbia Ex\u00e9rcito do Povo FARC-EP e o Comando Central COCE do Ex\u00e9rcito de Liberta\u00e7\u00e3o Nacional ELN, fazemos chegar a todos os guerrilheiros e guerrilheiras das organiza\u00e7\u00f5es, nossa calorosa, combativa, fraterna e revolucion\u00e1ria sauda\u00e7\u00e3o. Informamos-lhes que nos reunimos em um ambiente de fraternidade e camaradagem que nos permitiu fazer com sinceridade e transpar\u00eancia a an\u00e1lise do momento atual, as perspectivas e o compromisso que, como revolucion\u00e1rios nos assiste; igualmente abordamos as dificuldades que se apresentaram entre as duas organiza\u00e7\u00f5es.\n<a class=\"moretag\" href=\"https:\/\/pcb.org.br\/portal2\/55\"> <\/a>","protected":false},"author":1,"featured_media":0,"comment_status":"open","ping_status":"open","sticky":false,"template":"","format":"standard","meta":{"jetpack_post_was_ever_published":false,"_jetpack_newsletter_access":"","_jetpack_dont_email_post_to_subs":false,"_jetpack_newsletter_tier_id":0,"_jetpack_memberships_contains_paywalled_content":false,"_jetpack_memberships_contains_paid_content":false,"footnotes":"","jetpack_publicize_message":"","jetpack_publicize_feature_enabled":true,"jetpack_social_post_already_shared":false,"jetpack_social_options":{"image_generator_settings":{"template":"highway","default_image_id":0,"font":"","enabled":false},"version":2}},"categories":[34],"tags":[],"class_list":["post-55","post","type-post","status-publish","format-standard","hentry","category-c39-colombia"],"jetpack_publicize_connections":[],"jetpack_featured_media_url":"","jetpack_shortlink":"https:\/\/wp.me\/p659gw-T","jetpack-related-posts":[],"jetpack_likes_enabled":true,"jetpack_sharing_enabled":true,"_links":{"self":[{"href":"https:\/\/pcb.org.br\/portal2\/wp-json\/wp\/v2\/posts\/55","targetHints":{"allow":["GET"]}}],"collection":[{"href":"https:\/\/pcb.org.br\/portal2\/wp-json\/wp\/v2\/posts"}],"about":[{"href":"https:\/\/pcb.org.br\/portal2\/wp-json\/wp\/v2\/types\/post"}],"author":[{"embeddable":true,"href":"https:\/\/pcb.org.br\/portal2\/wp-json\/wp\/v2\/users\/1"}],"replies":[{"embeddable":true,"href":"https:\/\/pcb.org.br\/portal2\/wp-json\/wp\/v2\/comments?post=55"}],"version-history":[{"count":0,"href":"https:\/\/pcb.org.br\/portal2\/wp-json\/wp\/v2\/posts\/55\/revisions"}],"wp:attachment":[{"href":"https:\/\/pcb.org.br\/portal2\/wp-json\/wp\/v2\/media?parent=55"}],"wp:term":[{"taxonomy":"category","embeddable":true,"href":"https:\/\/pcb.org.br\/portal2\/wp-json\/wp\/v2\/categories?post=55"},{"taxonomy":"post_tag","embeddable":true,"href":"https:\/\/pcb.org.br\/portal2\/wp-json\/wp\/v2\/tags?post=55"}],"curies":[{"name":"wp","href":"https:\/\/api.w.org\/{rel}","templated":true}]}}