{"id":56,"date":"2010-01-03T06:55:21","date_gmt":"2010-01-03T06:55:21","guid":{"rendered":"http:\/\/pcb.org.br\/portal2\/?p=56"},"modified":"2010-01-03T06:55:21","modified_gmt":"2010-01-03T06:55:21","slug":"ha-mais-de-7000-presos-politicos-na-colombia","status":"publish","type":"post","link":"https:\/\/pcb.org.br\/portal2\/56","title":{"rendered":"H\u00e1 mais de 7.000 presos pol\u00edticos na Col\u00f4mbia"},"content":{"rendered":"\n<p><strong>Que tipo de presos existem na Col\u00f4mbia?<\/strong><\/p>\n<p>Basicamente se dividem em tr\u00eas grupos. Primeiro est\u00e3o as pessoas que participam diretamente do conflito armado e que s\u00e3o membros dos grupos insurgentes. Em segundo lugar est\u00e3o aqueles que vivem nas zonas nas quais estes grupos tem presen\u00e7a e que normalmente s\u00e3o acusados de pertencer \u00e0 guerrilha porque em algum momento lhes d\u00e3o algum apoio ou tem algum contato, como \u00e9 normal que suceda j\u00e1 que eles est\u00e3o no mesmo espa\u00e7o. A maioria deles s\u00e3o humildes camponeses ou ind\u00edgenas que n\u00e3o escolhem viver ali, mas que est\u00e3o em seu territ\u00f3rio nos quais ocorrem estas situa\u00e7\u00f5es. Em terceiro lugar, com grupo mais numeroso, est\u00e3o os dirigentes sociais e sindicais, defensores de direitos humanos e pol\u00edticos da oposi\u00e7\u00e3o que s\u00e3o detidos e acusados de pertencer \u00e0 guerrilha.<\/p>\n<p><strong>Quantos presos pol\u00edticos h\u00e1 na Col\u00f4mbia?<\/strong><\/p>\n<p>N\u00f3s estamos trabalhando com 7.000 (sete mil) pessoas que est\u00e3o nos centros carcer\u00e1rios acusados de delitos como o de rebeli\u00e3o ou de participar em conflitos armados como membros dos grupos insurgentes.<\/p>\n<p><strong>Qual \u00e9 a situa\u00e7\u00e3o atual a respeito da criminaliza\u00e7\u00e3o da luta social na Col\u00f4mbia?<\/strong><\/p>\n<p>Atualmente a situa\u00e7\u00e3o \u00e9 bastante grave porque o governo de \u00c1lvaro Uribe tratou de aproveitar a exist\u00eancia de uma conflito armado para deslegitimar as a\u00e7\u00f5es das organiza\u00e7\u00f5es e comunidades que lutam por seus direitos acusando-os de pertencerem a alguma organiza\u00e7\u00e3o (armada). O Governo desenhou toda uma s\u00e9rie de estrat\u00e9gias para construir julgamentos simulados contra estas pessoas. Especialmente tem utilizado os depoimentos arranjados de quem tem a condi\u00e7\u00e3o &#8211; ou dizem t\u00ea-la &#8211; de reinseridos e que pertenceram aos grupos insurgentes, testemunhando contra os dirigentes sociais e declarando o que o Governo quer que digam. Muitas vezes os militares e os policiais os entregam para isso, montando provas falsas. Outro dos recurso que utiliza o Governo \u00e9 a rede de informa\u00e7\u00f5es que se p\u00f5e de acordo com as autoridades para fazer os simulacros judiciais.<\/p>\n<p>Isto tem provocado, durante o governo de Uribe, uma cifra de 10.000 (dez mil) pessoas presas arbitrariamente como parte de uma pol\u00edtica que busca impor o terror \u00e0 popula\u00e7\u00e3o atrav\u00e9s de deten\u00e7\u00f5es em massa. A maioria delas foram libertadas, mas outras se encontram nos centros carcer\u00e1rios. Mas o Governo tamb\u00e9m utiliza o Ex\u00e9rcito para criminalizar os protestos. Por exemplo, no caso dos protestos universit\u00e1rios, usando o Ex\u00e9rcito nas universidades, violando a autonomia universit\u00e1ria, ou nos territ\u00f3rios ind\u00edgenas, quando estes realizam alguma forma de protesto nos seus territ\u00f3rios.<\/p>\n<p>E mais, o Governo sai permanentemente aos meios de comunica\u00e7\u00e3o a estigmatizar todos os l\u00edderes ou defensores dos direitos humanos chamando-os de terroristas e sustentando que todas as suas a\u00e7\u00f5es de den\u00fancia est\u00e3o conjugadas com os grupos guerrilheiros.<\/p>\n<p><strong>Como foi afetado o tema dos presos pol\u00edticos pela pol\u00edtica de &#8220;seguran\u00e7a democr\u00e1tica&#8221; de \u00c1lvaro Uribe?<\/strong><\/p>\n<p>Como o r\u00f3tulo de &#8220;terrorista&#8221;, o Governo pretende justificar uma a\u00e7\u00e3o de persegui\u00e7\u00e3o e hostilidade contra as pessoas detidas por motivos pol\u00edticos, colocando-as em situa\u00e7\u00f5es ainda mais graves que as que vivem o resto dos presos.<\/p>\n<p>Muitos presos pol\u00edticos s\u00e3o for\u00e7ados a sofrer isolamentos prolongados e situa\u00e7\u00f5es cr\u00edticas de direitos humanos e em alguns casos s\u00e3o obrigados a suportar que lhes coloquem nos mesmos espa\u00e7os que os presos paramilitares, o que compreende um risco alt\u00edssimo para eles, sobretudo porque os paramilitares t\u00eam o apoio da guarda e inclusive \u00e0s vezes da dire\u00e7\u00e3o da carceragem para atacar os presos pol\u00edticos.<\/p>\n<p>Ainda mais, os presos pol\u00edticos s\u00e3o enviados a lugares muito distantes da fam\u00edlia, o que se converte em sofrimento permanente para eles.<\/p>\n<p><strong>Como o Plano Col\u00f4mbia tem afetado a pol\u00edtica carcer\u00e1ria de Uribe e de forma mais concreta, no tocante aos presos pol\u00edticos?<\/strong><\/p>\n<p>Atrav\u00e9s do Plano Col\u00f4mbia, Uribe firmou um acordo com o Federal Bureau of Prisons (Escrit\u00f3rio Federal de Pris\u00f5es) dos EUA para construir um n\u00famero bastante grande de c\u00e1rceres que eles chamam de pris\u00f5es de alta seguran\u00e7a. Nessas pris\u00f5es, \u00e0 imagem e semelhan\u00e7a do que promove a pol\u00edtica dos EUA, o que se busca \u00e9 manter de maneira permanente uma situa\u00e7\u00e3o de press\u00e3o e repress\u00e3o sobre o preso como forma de castigo. Isto est\u00e1 provocando, por exemplo, que alguns presos tomem a decis\u00e3o de suicidar-se, ante a aplica\u00e7\u00e3o de um regime carcer\u00e1rio que \u00e9 inumano.<\/p>\n<p>A guarda de pris\u00f5es foi tamb\u00e9m formada pela Federal Bureau of Prisons para aplicar press\u00e3o permanente e controle de seguran\u00e7a, os regulamentos carcer\u00e1rios foram modificados para privilegiar a seguran\u00e7a em detrimento dos direitos humanos.<\/p>\n<p>Tudo isso t\u00eam provocado um quadro muito grave nos centros carcer\u00e1rios do pa\u00eds para todas as pessoas detidas, mas em especial para os presos pol\u00edticos, porque esta pol\u00edtica carcer\u00e1ria tamb\u00e9m se desenvolve com a id\u00e9ia de ter elementos para a repres\u00e1lia contra o preso que se considera inimigo do regime.<\/p>\n<p><strong>At\u00e9 que ponto tem sido aplicada na Col\u00f4mbia a pol\u00edtica estadunidense de defesa do uso da tortura?<\/strong><\/p>\n<p>Foi observado um aumento significativo, nesse sentido, porque o ex\u00e9rcito colombiano tortura muito, desde h\u00e1 muito tempo.<\/p>\n<p>At\u00e9 h\u00e1 pouco tempo, nos centros carcer\u00e1rios se tinha cuidado com o uso da tortura, mas nos \u00faltimos tr\u00eas ou quatro anos voltaram a aumentar os indicadores de tortura em toda Col\u00f4mbia. Agora, muito da tortura est\u00e1 se dando fora dos centros carcer\u00e1rios, nos momento da deten\u00e7\u00e3o e nos centros de reclus\u00e3o tempor\u00e1ria, sobretudo com a finalidade de conseguir informa\u00e7\u00f5es que permitam aumentar as ordens de captura.<\/p>\n<p>Mais informa\u00e7\u00f5es em: http:\/\/www.comitedesolidaridad.com\/<\/p>\n<p>Traduzido por: Dario da Silva<\/p>\n","protected":false},"excerpt":{"rendered":"\n\n\nCr\u00e9dito: CSPP\n\n\n\n\nEntrevista com Agust\u00edn Jim\u00e9nez, presidente do Comit\u00ea de Solidariedade aos Presos Pol\u00edticos da Col\u00f4mbia, que fala da dram\u00e1tica situa\u00e7\u00e3o em que vivem mais de 7.000 lutadores e lutadoras na pris\u00e3o.\nResumen Latinoamericano \/ Diagonal &#8211; Surgido h\u00e1 38 anos, o Comit\u00ea de Solidariedade aos Presos Pol\u00edticos (CSPP) da Col\u00f4mbia, tal como nos explica seu presidente, Agust\u00edn Jim\u00e9nez, centra seu esfor\u00e7o na &#8220;aten\u00e7\u00e3o especial \u00e0 situa\u00e7\u00e3o carcer\u00e1ria e jur\u00eddica das pessoas que s\u00e3o acusadas de cometer delitos pol\u00edticos&#8221;. Dentre eles, &#8220;a maioria s\u00e3o pessoas que exercem alguma a\u00e7\u00e3o social ou atividade pol\u00edtica. Como s\u00e3o opositores ao Governo, este lhes realiza arma\u00e7\u00f5es para tentar demonstrar que s\u00e3o guerrilheiros ou cria julgamentos simulados para prend\u00ea-los&#8221;.\n<a class=\"moretag\" href=\"https:\/\/pcb.org.br\/portal2\/56\"> <\/a>","protected":false},"author":1,"featured_media":0,"comment_status":"open","ping_status":"open","sticky":false,"template":"","format":"standard","meta":{"jetpack_post_was_ever_published":false,"_jetpack_newsletter_access":"","_jetpack_dont_email_post_to_subs":false,"_jetpack_newsletter_tier_id":0,"_jetpack_memberships_contains_paywalled_content":false,"_jetpack_memberships_contains_paid_content":false,"footnotes":"","jetpack_publicize_message":"","jetpack_publicize_feature_enabled":true,"jetpack_social_post_already_shared":false,"jetpack_social_options":{"image_generator_settings":{"template":"highway","default_image_id":0,"font":"","enabled":false},"version":2}},"categories":[34],"tags":[],"class_list":["post-56","post","type-post","status-publish","format-standard","hentry","category-c39-colombia"],"jetpack_publicize_connections":[],"jetpack_featured_media_url":"","jetpack_shortlink":"https:\/\/wp.me\/p659gw-U","jetpack-related-posts":[],"jetpack_likes_enabled":true,"jetpack_sharing_enabled":true,"_links":{"self":[{"href":"https:\/\/pcb.org.br\/portal2\/wp-json\/wp\/v2\/posts\/56","targetHints":{"allow":["GET"]}}],"collection":[{"href":"https:\/\/pcb.org.br\/portal2\/wp-json\/wp\/v2\/posts"}],"about":[{"href":"https:\/\/pcb.org.br\/portal2\/wp-json\/wp\/v2\/types\/post"}],"author":[{"embeddable":true,"href":"https:\/\/pcb.org.br\/portal2\/wp-json\/wp\/v2\/users\/1"}],"replies":[{"embeddable":true,"href":"https:\/\/pcb.org.br\/portal2\/wp-json\/wp\/v2\/comments?post=56"}],"version-history":[{"count":0,"href":"https:\/\/pcb.org.br\/portal2\/wp-json\/wp\/v2\/posts\/56\/revisions"}],"wp:attachment":[{"href":"https:\/\/pcb.org.br\/portal2\/wp-json\/wp\/v2\/media?parent=56"}],"wp:term":[{"taxonomy":"category","embeddable":true,"href":"https:\/\/pcb.org.br\/portal2\/wp-json\/wp\/v2\/categories?post=56"},{"taxonomy":"post_tag","embeddable":true,"href":"https:\/\/pcb.org.br\/portal2\/wp-json\/wp\/v2\/tags?post=56"}],"curies":[{"name":"wp","href":"https:\/\/api.w.org\/{rel}","templated":true}]}}