{"id":5603,"date":"2013-10-28T19:55:23","date_gmt":"2013-10-28T19:55:23","guid":{"rendered":"http:\/\/pcb.org.br\/portal2\/?p=5603"},"modified":"2013-10-28T19:55:23","modified_gmt":"2013-10-28T19:55:23","slug":"lider-em-todas-as-pesquisas-de-intencao-de-voto-a-presidencia-de-honduras-xiomara-de-zelaya-fala-a-carta-maior","status":"publish","type":"post","link":"https:\/\/pcb.org.br\/portal2\/5603","title":{"rendered":"L\u00edder em todas as pesquisas de inten\u00e7\u00e3o de voto \u00e0 presid\u00eancia de Honduras, Xiomara de Zelaya fala \u00e0 Carta Maior"},"content":{"rendered":"\n<p>L\u00edder em todas as pesquisas de inten\u00e7\u00e3o de voto \u00e0 presid\u00eancia de Honduras, Xiomara de Zelaya promete revoga\u00e7\u00e3o de leis &#8220;impostas pelos golpistas&#8221;.<\/p>\n<p><strong>San Pedro Sula, Honduras &#8211;<\/strong> \u201cNosso compromisso \u00e9 com a constru\u00e7\u00e3o de uma democracia participativa em Honduras, onde o povo tenha voz e voto em todas as a\u00e7\u00f5es do governo\u201d, afirma Xiomara Castro de Zelaya, candidata do Partido Livre (Liberdade e Refunda\u00e7\u00e3o) \u00e0s elei\u00e7\u00f5es presidenciais do pr\u00f3ximo 24 de novembro. Nesta entrevista exclusiva em San Pedro Sula, Xiomara agradece a solidariedade do povo brasileiro com o ex-presidente Manuel Zelaya, seu marido, e destaca o papel do Estado e do protagonismo popular para um desenvolvimento inclusivo e soberano.<\/p>\n<p><strong>Carta Maior:\u00a0Lideras todas as pesquisas de inten\u00e7\u00e3o de voto \u00e0 presid\u00eancia. Quais as suas expectativas para Honduras e para a integra\u00e7\u00e3o latino-americana?<\/strong><\/p>\n<p>Xiomara: Em primeiro lugar gostaria de agradecer ao povo brasileiro pelo acompanhamento e o respaldo que t\u00eam nos brindado durante todos esses anos. A luta que empreendemos nesse momento \u00e9 para reverter o golpe de Estado realizado em Honduras e fazer com que esta batalha de resist\u00eancia contra o entreguismo e em defesa da soberania seja vitoriosa. \u00c9 com esta consci\u00eancia que o povo hondurenho est\u00e1 se mobilizando, mandando uma mensagem \u00e0 Am\u00e9rica Latina para que nunca mais, em nenhum dos pa\u00edses do nosso Continente, volte a ser cometido um golpe de Estado.<\/p>\n<p><strong>Como pensas retomar o patrim\u00f4nio p\u00fablico que os golpistas entregaram \u00e0s transnacionais e aos seus testas-de-ferro ao longo destes anos?<\/strong><\/p>\n<p>N\u00f3s, do Partido Livre, estamos fazendo uma proposta bem clara, que \u00e9 a refunda\u00e7\u00e3o do pa\u00eds. Esta \u00e9 a nossa resposta frente \u00e0s dur\u00edssimas e dif\u00edceis condi\u00e7\u00f5es em que se encontra o povo hondurenho ap\u00f3s esses \u00faltimos quatro anos. Temos hoje um pa\u00eds completamente militarizado e que \u00e9, apesar disso, o mais violento do mundo. Desde o golpe, em 2009, mais de 24 mil pessoas foram assassinadas. Mas o golpe n\u00e3o nos trouxe s\u00f3 viol\u00eancia. Fez, al\u00e9m disso, que nosso pa\u00eds esteja entre os \u00faltimos lugares em competitividade no mundo, pois n\u00e3o h\u00e1 possibilidades nem condi\u00e7\u00f5es dignas de trabalho. A pobreza aumentou mais de 7%, zerando todos os avan\u00e7os que hav\u00edamos tido durante o governo do presidente Zelaya.<\/p>\n<p>Como este modelo fracassou, n\u00f3s estamos propondo uma nova forma de governar, iniciativas que deem respostas \u00e0s necessidades do povo, que garantam equidade, justi\u00e7a e paz para todos. Por isso propomos a refunda\u00e7\u00e3o de Honduras, mobilizamo-nos para reconstruir a P\u00e1tria.<\/p>\n<p><strong>Uma vez eleita, por onde seu governo iniciar\u00e1 esta reconstru\u00e7\u00e3o?<\/strong><\/p>\n<p>N\u00f3s defendemos um socialismo democr\u00e1tico para come\u00e7ar esse processo a partir de um governo que governe para todos e n\u00e3o para um pequeno grupo. \u00c9 necess\u00e1rio reconciliar o povo hondurenho e para isso propomos um pacto social entre todos os setores do pa\u00eds, atrav\u00e9s de uma Assembleia Nacional Constituinte. Precisamos criar uma nova Constitui\u00e7\u00e3o.<\/p>\n<p>Antes de tudo, ela dever\u00e1 expressar o sentir e o pensar de cada um dos setores ali representados, refletindo sobre qual \u00e9 o Estado que queremos, cada um dos poderes do Estado, quais as suas fun\u00e7\u00f5es e responsabilidades no desenvolvimento nacional.<\/p>\n<p>Por\u00e9m que tamb\u00e9m se garanta participa\u00e7\u00e3o cidad\u00e3, para que nunca mais um Congresso Nacional respalde um golpe de Estado. Defendemos uma Constitui\u00e7\u00e3o que reflita a necessidade de convocar o povo hondurenho a construir leis para beneficiar a comunidade e o pa\u00eds. N\u00e3o podemos mais permitir a imposi\u00e7\u00e3o de leis que atentem contra a soberania popular.<\/p>\n<p>Aqui foram feitas leis por meio das quais entregam nossos recursos, entregam nossas minas, leis que est\u00e3o confrontando e tirando os direitos que o povo foi adquirindo a partir das suas pr\u00f3prias lutas, como a do magist\u00e9rio, dos oper\u00e1rios e dos camponeses. Quanto \u00e0s leis anti-povo, n\u00f3s as podemos revogar atrav\u00e9s da Assembleia Nacional Constituinte.<\/p>\n<p>N\u00f3s nos comprometemos com o povo e sentimos que hoje, mais do que nunca, a Constituinte tem valor e sentido em nosso pa\u00eds. Mais de 80% dos pesquisados em Honduras concordam e apontam que a sa\u00edda para fazermos as transforma\u00e7\u00f5es radicais que estamos propondo passam, necessariamente, pela efetiva\u00e7\u00e3o de um pacto social por meio da Constituinte.<\/p>\n<p><strong>H\u00e1 muita expectativa em rela\u00e7\u00e3o \u00e0s mudan\u00e7as j\u00e1 nos primeiros dias do novo governo. Do ponto de vista econ\u00f4mico, quais as medidas emergenciais a serem adotadas?<\/strong><\/p>\n<p>A situa\u00e7\u00e3o econ\u00f4mica de Honduras \u00e9 muito dif\u00edcil. No per\u00edodo em que o presidente Manuel Zelaya estava governando a d\u00edvida interna representava 17% do Produto Interno Bruto, enquanto neste momento alcan\u00e7a mais de 60% do PIB. Ou seja, o governo se sustentou a partir do golpe de Estado com cr\u00e9ditos e empr\u00e9stimos, comprometendo parcela expressiva dos recursos p\u00fablicos do presente e do futuro da na\u00e7\u00e3o. Isso faz com que precisemos tomar medidas radicais.<\/p>\n<p><strong>Quais seriam essas medidas?<\/strong><\/p>\n<p>Em primeiro lugar \u00e9 preciso readequar a d\u00edvida para garantirmos os recursos necess\u00e1rios ao desenvolvimento nacional. A d\u00edvida foi feita com prazos curtos e juros muito altos, ent\u00e3o \u00e9 preciso reduzir os juros e alongar o prazo para o seu pagamento. Da mesma forma, \u00e9 preciso que todos os recursos que consigamos sejam direcionados a gerar mais empregos, renda e crescimento econ\u00f4mico. \u00c9 necess\u00e1rio investir na produ\u00e7\u00e3o, \u00e9 necess\u00e1rio ampliar os investimentos para que o campo volte a produzir.<\/p>\n<p>Nos \u00faltimos quatro anos se investiu muito pouco na parte agroindustrial do pa\u00eds, na agricultura. N\u00f3s temos que assegurar a alimenta\u00e7\u00e3o do povo hondurenho, assegurar tamb\u00e9m que se apliquem recursos com taxas de juros baixas, para que se fomente a constru\u00e7\u00e3o. Claro, todos esses pontos dependem de criarmos no pa\u00eds uma democracia com bases s\u00f3lidas, uma democracia participativa onde o povo tenha voz e voto em todas as a\u00e7\u00f5es do governo.<\/p>\n<p><strong>Com negocia\u00e7\u00e3o coletiva e garantindo os direitos dos trabalhadores, algo que os golpistas suprimiram por completo.<\/strong><\/p>\n<p>Exatamente: vamos virar essa p\u00e1gina. N\u00f3s temos muito claro que \u00e9 preciso revogar as leis que foram impostas pelos golpistas contra os professores, por exemplo. Eles modificaram a legisla\u00e7\u00e3o para entregar os recursos que pertencem ao povo, que s\u00e3o patrim\u00f4nio da nossa popula\u00e7\u00e3o, praticamente liberando para que se possa liquidar e expropriar as terras dos camponeses. Vamos revogar estas leis por meio da Constituinte, garantindo ao povo hondurenho que as decis\u00f5es tomadas nunca mais sejam dissociadas do interesse popular, do interesse da P\u00e1tria.<\/p>\n","protected":false},"excerpt":{"rendered":"\nLeonardo Severo, de San Pedro Sula &#8211; Honduras\n<a class=\"moretag\" href=\"https:\/\/pcb.org.br\/portal2\/5603\"> <\/a>","protected":false},"author":1,"featured_media":0,"comment_status":"open","ping_status":"open","sticky":false,"template":"","format":"standard","meta":{"jetpack_post_was_ever_published":false,"_jetpack_newsletter_access":"","_jetpack_dont_email_post_to_subs":false,"_jetpack_newsletter_tier_id":0,"_jetpack_memberships_contains_paywalled_content":false,"_jetpack_memberships_contains_paid_content":false,"footnotes":"","jetpack_publicize_message":"","jetpack_publicize_feature_enabled":true,"jetpack_social_post_already_shared":false,"jetpack_social_options":{"image_generator_settings":{"template":"highway","default_image_id":0,"font":"","enabled":false},"version":2}},"categories":[30],"tags":[],"class_list":["post-5603","post","type-post","status-publish","format-standard","hentry","category-c38-honduras"],"jetpack_publicize_connections":[],"jetpack_featured_media_url":"","jetpack_shortlink":"https:\/\/wp.me\/p659gw-1sn","jetpack-related-posts":[],"jetpack_likes_enabled":true,"jetpack_sharing_enabled":true,"_links":{"self":[{"href":"https:\/\/pcb.org.br\/portal2\/wp-json\/wp\/v2\/posts\/5603","targetHints":{"allow":["GET"]}}],"collection":[{"href":"https:\/\/pcb.org.br\/portal2\/wp-json\/wp\/v2\/posts"}],"about":[{"href":"https:\/\/pcb.org.br\/portal2\/wp-json\/wp\/v2\/types\/post"}],"author":[{"embeddable":true,"href":"https:\/\/pcb.org.br\/portal2\/wp-json\/wp\/v2\/users\/1"}],"replies":[{"embeddable":true,"href":"https:\/\/pcb.org.br\/portal2\/wp-json\/wp\/v2\/comments?post=5603"}],"version-history":[{"count":0,"href":"https:\/\/pcb.org.br\/portal2\/wp-json\/wp\/v2\/posts\/5603\/revisions"}],"wp:attachment":[{"href":"https:\/\/pcb.org.br\/portal2\/wp-json\/wp\/v2\/media?parent=5603"}],"wp:term":[{"taxonomy":"category","embeddable":true,"href":"https:\/\/pcb.org.br\/portal2\/wp-json\/wp\/v2\/categories?post=5603"},{"taxonomy":"post_tag","embeddable":true,"href":"https:\/\/pcb.org.br\/portal2\/wp-json\/wp\/v2\/tags?post=5603"}],"curies":[{"name":"wp","href":"https:\/\/api.w.org\/{rel}","templated":true}]}}