{"id":5658,"date":"2013-11-16T14:24:16","date_gmt":"2013-11-16T14:24:16","guid":{"rendered":"http:\/\/pcb.org.br\/portal2\/?p=5658"},"modified":"2013-11-16T14:24:16","modified_gmt":"2013-11-16T14:24:16","slug":"assassinato-de-rocio-mesino-luis-olivares-e-ana-lilia-gatica","status":"publish","type":"post","link":"https:\/\/pcb.org.br\/portal2\/5658","title":{"rendered":"Assassinato de Roc\u00edo Mesino, Luis Olivares e Ana Lilia Gatica"},"content":{"rendered":"\n<p>Condenamos o assassinato por parte do Estado mexicano da lutadora Roc\u00edo Mesino, membra da dire\u00e7\u00e3o da Organiza\u00e7\u00e3o de trabalhadores Rurais da Sierra del Sur, do dirigente da Organiza\u00e7\u00e3o Popular de Produtores da Costa Grande (OPPCG), o camarada Luis Olivares Enr\u00edquez e de sua esposa, Ana Lilia Gatica R\u00f3mulo, assassinados a tiros dentro de sua casa na col\u00f4nia Fuerte Emiliano Zapata, no munic\u00edpio de Coyuca de Ben\u00edtez.<\/p>\n<p>Concordamos com as organiza\u00e7\u00f5es que dizem que n\u00e3o se trata de casos isolados, mas que confirmam a tend\u00eancia repressiva do Pacto pelo M\u00e9xico para liquidar fisicamente um conjunto de quadros do movimento popular com o claro prop\u00f3sito de desarticular os processos organizativos, semear o terror e imobilizar e desmobilizar os contingentes das distintas organiza\u00e7\u00f5es do povo.<\/p>\n<p>Os assassinatos de Luis Olivares, Ana Lilia Gatica, e Roc\u00edo Mesino se somam ao assassinato de Raymundo Vel\u00e1zquez, secret\u00e1rio geral do PCM nessa entidade, Samuel Vargas Ram\u00edrez, Miguel \u00c1ngel Solano Barrera, assim como o de outros 13 lutadores sociais assassinados somente em Guerrero, e apenas na administra\u00e7\u00e3o de Aguirre Rivero. No restante do territ\u00f3rio nacional j\u00e1 s\u00e3o 4 os lutadores sociais mortos por m\u00eas, todos assassinados durante o governo de Pe\u00f1a Nieto desde ele tomou posse.<\/p>\n<p>Quando os tr\u00eas camaradas comunistas foram assassinados em Coyuca de Ben\u00edtez por um grupo paramilitar a servi\u00e7o do Estado, recebemos uma mostra da solidariedade das organiza\u00e7\u00f5es populares e revolucion\u00e1rias do pa\u00eds e do mundo, e tamb\u00e9m tomamos nota do sil\u00eancio de outras, que com essa atitude colaboram com o terrorismo de Estado. Pior ainda, houveram express\u00f5es do oportunismo que em meio do assalto paramilitar contra nossas organiza\u00e7\u00f5es se lan\u00e7am em uma campanha nacional e internacional de ataques e calunias, festejando a morte dos nossos m\u00e1rtires e rebaixando-se \u00e0 rapinagem ideologizada. Por uma quest\u00e3o de princ\u00edpios, por cima da mesquinhes, o Partido Comunista do M\u00e9xico n\u00e3o s\u00f3 reivindica seus presos e mortos, sen\u00e3o que considera seu dever tamb\u00e9m demandar a liberdade de todos os presos pol\u00edticos e condenar o assassinato de qualquer lutador, independentemente da organiza\u00e7\u00e3o a que perten\u00e7a, basta que fa\u00e7a parte da torrente de for\u00e7as que aspiram um M\u00e9xico sem explora\u00e7\u00e3o do homem pelo homem.<\/p>\n<p>O Pacto pelo M\u00e9xico (coaliza\u00e7\u00e3o governamental do PRI, PAN e PRD) seguramente por orienta\u00e7\u00e3o do colombiano Oscar Naranjo, empreendeu essa opera\u00e7\u00e3o, sobre a qual alertamos, de aberto terrorismo de Estado para assassinar quadros do movimento revolucion\u00e1rio do nosso pa\u00eds.<\/p>\n<p>Chamamos a aten\u00e7\u00e3o sobre o fato de que antes das amea\u00e7as de morte que se cumpriram contra os camaradas Luis Olivares e Ana Lilia Gatica, o ex\u00e9rcito, a marinha e a pol\u00edcia haviam entrado com extrema viol\u00eancia na comunidade dos companheiros para prender arbitrariamente 4 jovens da OPPCG, que depois de detidos foram submetidos a tortura e indiciados como culpados do assassinato do nosso camarada Raymundo Vel\u00e1zquez. Isto claramente \u00e9 uma forma de ocultar a responsabilidade criminal dos paramilitares e de seus chefes no governo, al\u00e9m de jogar uma contra as outras, as diversas organiza\u00e7\u00f5es que lutam em Guerrero.<\/p>\n<p>Recha\u00e7amos abertamente essa montagem. O PCM se pronuncia em total solidariedade com a OPPCG e suas organiza\u00e7\u00f5es fraternas, assinala como respons\u00e1vel os aparatos paramilitares que atuam em Guerrero e o governo de Aguirre Rivero que os promove e financia.<\/p>\n<p>N\u00e3o esperamos a mais m\u00ednima justi\u00e7a por parte deste governo que realiza montagens e baseia seus expedientes em declara\u00e7\u00f5es for\u00e7adas sob tortura. Aos familiares, amigos e companheiros de luta de todos os que tombaram pelas balas do inimigo, o Partido Comunista lhes estende o mais forte do seus abra\u00e7os, e os chama a gravar com a tinta indel\u00e9vel da mem\u00f3ria coletiva o nome e a raz\u00e3o dos respons\u00e1veis por estes crimes, em primeiro lugar chamamos a n\u00e3o perder de vista o atual governador, que mais cedo ou mais tarde dever\u00e1 pagar por sua sangrenta atua\u00e7\u00e3o como chacal do Pacto pelo M\u00e9xico. Redobraremos nossos esfor\u00e7os, assim como as demais organiza\u00e7\u00f5es revolucion\u00e1rias que sofrem este embate, para derrotar o poder dos monop\u00f3lios, e para fazer com que os respons\u00e1veis materiais e intelectuais respondam perante os \u00f3rg\u00e3os de justi\u00e7a de um novo poder.<\/p>\n<p>Prolet\u00e1rios de todos os pa\u00edses, uni-vos!<\/p>\n<p>Bir\u00f3 Pol\u00edtico do Comit\u00ea Central do PCM<\/p>\n<p>Tradu\u00e7\u00e3o: PCB partido Comunista Brasileiro<\/p>\n","protected":false},"excerpt":{"rendered":"\n<a class=\"moretag\" href=\"https:\/\/pcb.org.br\/portal2\/5658\"> <\/a>","protected":false},"author":1,"featured_media":0,"comment_status":"open","ping_status":"open","sticky":false,"template":"","format":"standard","meta":{"jetpack_post_was_ever_published":false,"_jetpack_newsletter_access":"","_jetpack_dont_email_post_to_subs":false,"_jetpack_newsletter_tier_id":0,"_jetpack_memberships_contains_paywalled_content":false,"_jetpack_memberships_contains_paid_content":false,"footnotes":"","jetpack_publicize_message":"","jetpack_publicize_feature_enabled":true,"jetpack_social_post_already_shared":false,"jetpack_social_options":{"image_generator_settings":{"template":"highway","default_image_id":0,"font":"","enabled":false},"version":2}},"categories":[90],"tags":[],"class_list":["post-5658","post","type-post","status-publish","format-standard","hentry","category-c103-mexico"],"jetpack_publicize_connections":[],"jetpack_featured_media_url":"","jetpack_shortlink":"https:\/\/wp.me\/p659gw-1tg","jetpack-related-posts":[],"jetpack_likes_enabled":true,"jetpack_sharing_enabled":true,"_links":{"self":[{"href":"https:\/\/pcb.org.br\/portal2\/wp-json\/wp\/v2\/posts\/5658","targetHints":{"allow":["GET"]}}],"collection":[{"href":"https:\/\/pcb.org.br\/portal2\/wp-json\/wp\/v2\/posts"}],"about":[{"href":"https:\/\/pcb.org.br\/portal2\/wp-json\/wp\/v2\/types\/post"}],"author":[{"embeddable":true,"href":"https:\/\/pcb.org.br\/portal2\/wp-json\/wp\/v2\/users\/1"}],"replies":[{"embeddable":true,"href":"https:\/\/pcb.org.br\/portal2\/wp-json\/wp\/v2\/comments?post=5658"}],"version-history":[{"count":0,"href":"https:\/\/pcb.org.br\/portal2\/wp-json\/wp\/v2\/posts\/5658\/revisions"}],"wp:attachment":[{"href":"https:\/\/pcb.org.br\/portal2\/wp-json\/wp\/v2\/media?parent=5658"}],"wp:term":[{"taxonomy":"category","embeddable":true,"href":"https:\/\/pcb.org.br\/portal2\/wp-json\/wp\/v2\/categories?post=5658"},{"taxonomy":"post_tag","embeddable":true,"href":"https:\/\/pcb.org.br\/portal2\/wp-json\/wp\/v2\/tags?post=5658"}],"curies":[{"name":"wp","href":"https:\/\/api.w.org\/{rel}","templated":true}]}}