{"id":5707,"date":"2013-12-06T23:26:01","date_gmt":"2013-12-07T02:26:01","guid":{"rendered":"http:\/\/pcb.org.br\/portal2\/?p=5707"},"modified":"2017-11-09T13:23:13","modified_gmt":"2017-11-09T16:23:13","slug":"defender-os-principios-nao-significa-ineficiencia-na-politica-real","status":"publish","type":"post","link":"https:\/\/pcb.org.br\/portal2\/5707","title":{"rendered":"Defender os princ\u00edpios n\u00e3o significa inefici\u00eancia na pol\u00edtica real!"},"content":{"rendered":"\n<p><strong>Pronunciamento de Kemal Okuyan (Partido Comunista da Turquia &#8211; TKP), Encontro Internacional dos Partidos Comunistas e Oper\u00e1rios, 2013, Portugal.<\/strong><\/p>\n<p><strong>DEFENDER OS PRINC\u00cdPIOS N\u00c3O SIGNIFICA INEFICI\u00caNCIA NA POL\u00cdTICA REAL!<\/strong><\/p>\n<p>Caros camaradas,<\/p>\n<p>A Turquia testemunhou um hist\u00f3rico movimento popular massivo no fim de maio deste ano. Mesmo os registros policiais falavam em cerca de 11 milh\u00f5es de pessoas tomando parte nas manifesta\u00e7\u00f5es de 31 de maio espalhadas por todo o pa\u00eds \u00e0 exce\u00e7\u00e3o de poucas cidades.<\/p>\n<p>N\u00f3s buscamos dividir as avalia\u00e7\u00f5es de nosso partido sobre a \u201cresist\u00eancia de junho\u201d com partidos irm\u00e3os, bem como informar regularmente sobre os desdobramentos na Turquia.<\/p>\n<p>Gra\u00e7as a este material, tentarei agora ir mais longe e explicar brevemente algumas conclus\u00f5es pol\u00edticas e te\u00f3ricas \u00e0s quais o TKP chegou a partir dos eventos hist\u00f3ricos, enquanto as lutas sociais na Turquia entram agora em nova fase.<\/p>\n<p>Como voc\u00eas sabem, a \u201cResist\u00eancia de Junho\u201d foi um movimento de massas sem uma vanguarda pol\u00edtica, no qual as pessoas se insurgiram contra o poder Isl\u00e2mico-Fascista institu\u00eddo por liberdade, prote\u00e7\u00e3o do espa\u00e7o p\u00fablico, secularismo e independ\u00eancia. O fato de que certos atores pol\u00edticos como o TKP tenham tomado parte no movimento e chegado a dirig\u00ed-lo e afet\u00e1-lo profundamente em certos momentos e em certas localidades n\u00e3o muda a realidade referida.<\/p>\n<p>Quanto a isso, a qualidade da rela\u00e7\u00e3o das massas com nosso partido demonstrou uma experi\u00eancia \u00fanica, nos permitindo sentir o pulso de como as rea\u00e7\u00f5es que estiveram na base da constitui\u00e7\u00e3o deste movimento poderiam estar em sintonia com a luta pelo socialismo. A linha pol\u00edtica de nosso partido foi desenvolvida sem fazer nenhuma concess\u00e3o do ponto de vista da perspectiva de uma revolu\u00e7\u00e3o socialista, considerando a pol\u00edtica de alian\u00e7as como um fen\u00f4meno interno aos setores da classe trabalhadora, e identificando qualquer parte das classes exploradoras n\u00e3o como amigos, mas como inimigos em qualquer inst\u00e2ncia. A opini\u00e3o muito presente de que esta linha pol\u00edtica teria f\u00f4lego curto recebeu um duro golpe durante o movimento popular deste ano.<\/p>\n<p>\u00c9 fato que a esquerda na Turquia, incluindo o TKP, geralmente recebe vota\u00e7\u00e3o muito pouco expressiva nas elei\u00e7\u00f5es. Isto se deve a um conjunto de raz\u00f5es: estrutura peculiar do cen\u00e1rio pol\u00edtico em nosso pa\u00eds; gatilho eleitoral de 10%; la\u00e7os fracos entre as for\u00e7as progressivas e o povo, j\u00e1 que aquelas t\u00eam de gastar boa parte de sua energia focadas em sobreviver aos ataques perpetrados pelo Estado.<\/p>\n<p>Entretanto, a \u201cResist\u00eancia de Junho\u201d mostrou que a din\u00e2mica social pode amadurecer muito rapidamente. Ela p\u00f4s de volta na Turquia, que era considerada um \u201cpa\u00eds est\u00e1vel\u201d pela ordem capitalista, a batalha pol\u00edtica. E isto nos revelou alguns tesouros mais valiosos do que qualquer experi\u00eancia pr\u00e1tica eleitoral.<\/p>\n<p>Milh\u00f5es de pessoas se levantaram contra as tentativas do governo do AKP de impor o modo de vida isl\u00e2mico. Desde o princ\u00edpio, o TKP trabalhou na linha de resist\u00eancia a estas imposi\u00e7\u00f5es, criticando e mesmo se isolando de uma posi\u00e7\u00e3o irracional de \u201cesquerda\u201d que considerava que \u201ceste assunto n\u00e3o nos diz respeito\u201d. Lutar contra a islamiza\u00e7\u00e3o da estrutura pol\u00edtica \u201csecular\u201d \u00e9 v\u00e1lido e correto mesmo em casos onde o secularismo est\u00e1 associado \u00e0 hipocrisia da classe burguesa, como acontece na Turquia.<\/p>\n<p>Como partido patri\u00f3tico e secular da classe trabalhadora, o Partido Comunista da Turquia n\u00e3o ficou surpreso quando milh\u00f5es se levantaram, nem preocupado com a complexidade ideol\u00f3gica do movimento. N\u00f3s sequer cogitamos a possibilidade de dourar a p\u00edlula quanto \u00e0 raiva dirigida ao partido governante da Turquia e a Erdo\u011fan e estimulamos a paix\u00e3o das pessoas pela liberdade e a independ\u00eancia atrav\u00e9s da refer\u00eancia socialista. Buscamos manter e afiar estes sentimentos e as demandas que v\u00eam deles.<\/p>\n<p>Buscamos um caminho no interior das lutas para trazer o debate sobre o socialismo enquanto alternativa \u00e0s contradi\u00e7\u00f5es de classe, e mostrar que a burguesia foi a respons\u00e1vel direta pelo que estava acontecendo.<\/p>\n<p>E se configurou uma situa\u00e7\u00e3o em que mesmo massas desejosas de uma solu\u00e7\u00e3o r\u00e1pida perceberam e defenderam de maneira muito comprometida que liberdade e independ\u00eancia s\u00e3o imposs\u00edveis sem socialismo. Tocados pelo fato de que o TKP persistentemente e sinceramente espalhava a verdade sobre o que est\u00e1 acontecendo na Turquia, alguns dentre os mais en\u00e9rgicos e decididos militantes pediram o ingresso em nosso partido, enquanto outros se aproximaram como amigos permanentes. Ainda mais: grandes massas come\u00e7aram a discutir a necessidade de um partido, o que seria inconceb\u00edvel h\u00e1 poucos anos.<\/p>\n<p>Este m\u00e9todo de lutas \u00e9 \u00fatil apenas porque h\u00e1 bom embasamento ideol\u00f3gico e pol\u00edtico. Sabemos que, no passado, o movimento da classe trabalhadora sofreu muito na Turquia e em outros pa\u00edses por ter escolhido se limitar \u00e0s demandas imediatas das massas e ter desistido do socialismo enquanto meta.<\/p>\n<p>Em nosso caso, o TKP prefere atuar de acordo com algumas diretrizes vermelhas.<\/p>\n<p>Primeira e mais importante: n\u00e3o buscar alian\u00e7as ou contatos com qualquer setor da classe burguesa exceto estratos pequeno-burgueses que vivem de seu pr\u00f3prio trabalho, e n\u00e3o colaborar com c\u00edrculos pol\u00edticos burgueses. Este \u00e9 o modo de se distanciar de nacionalismo e liberalismo, que consideramos g\u00eameos.<\/p>\n<p>A segunda diretriz vermelha: n\u00e3o mencionar qualquer termo ou express\u00e3o em nossos documentos, atividades ou discursos que jogue sombra sobre nosso compromisso com a \u201crevolu\u00e7\u00e3o socialista\u201d, marcada em nosso programa partid\u00e1rio.<\/p>\n<p>Podemos falar de mais \u201clinhas vermelhas\u201d que foram desenhadas por desenvolvimentos concretos no mundo e em nossa regi\u00e3o. O TKP n\u00e3o vai tolerar nenhum tipo de fundamentalismo religioso e se op\u00f5e ao uso de refer\u00eancias religiosas na vida pol\u00edtica. O TKP faz parte da luta carregando o princ\u00edpio absoluto da luta anti-imperialista, contra projetos, organiza\u00e7\u00f5es e agress\u00f5es imperialistas e sabendo que n\u00e3o h\u00e1 algo como um imperialismo menos pior ou prefer\u00edvel!<\/p>\n<p>Gra\u00e7as a estas linhas vermelhas, nosso partido avaliou o governo do AKP corretamente, e n\u00e3o cedeu \u00e0 posi\u00e7\u00e3o tragic\u00f4mica de outras for\u00e7as pol\u00edticas; mais importante, consideramos nossos princ\u00edpios n\u00e3o como algo sagrado no campo da pol\u00edtica, mas como armas confi\u00e1veis que fortalecem a luta pelo socialismo.<\/p>\n<p>Assim o TKP conseguiu organizar uma grande manifesta\u00e7\u00e3o p\u00fablica em Istambul no 90\u00ba anivers\u00e1rio de funda\u00e7\u00e3o da Rep\u00fablica da Turquia. Afirmamos que \u201ca funda\u00e7\u00e3o da rep\u00fablica foi um progresso hist\u00f3rico\u201d e explicamos \u201co que se tornou a ideia de rep\u00fablica nas m\u00e3os da burguesia\u201d para as pessoas que se somavam \u00e0 manifesta\u00e7\u00e3o, que ouviam os comunistas pela primeira vez e n\u00e3o conheciam as posi\u00e7\u00f5es sobre o conte\u00fado de classe nas demandas por laicidade e independ\u00eancia. Nossas palavras eram simples: \u201cse voc\u00eas querem um pa\u00eds independente e secular, t\u00eam que libertar o pa\u00eds deste sistema capitalista explorador\u201d! Dezenas de milhares de pessoas carregaram a bandeira da \u201cRep\u00fablica Socialista\u201d contra o AKP e nos ouviram por horas.<\/p>\n<p>N\u00f3s sabemos que este \u00e9 apenas um in\u00edcio. Mas tamb\u00e9m aprendemos algo: quando se segue uma linha pol\u00edtica corajosa e efetiva, n\u00e3o se deve afrouxar, mas sim encontrar os caminhos para fortalecer os princ\u00edpios, o programa pol\u00edtico e o rumo. E \u00e9 isso que estamos fazendo. Lutar pelo socialismo significa lidar com quest\u00f5es ideol\u00f3gicas e pol\u00edticas complexas, que t\u00eam liga\u00e7\u00e3o aberta ou velada com contradi\u00e7\u00f5es de classes. Subestimar estas quest\u00f5es em nome da contradi\u00e7\u00e3o de classes n\u00e3 funciona. O mesmo ocorre quando se perde a ess\u00eancia da pol\u00edtica revolucion\u00e1ria: a tomada do poder pol\u00edtico.<\/p>\n<p>O levante popular na Turquia esse ano mostrou claramente que um partido que n\u00e3o tenha um car\u00e1ter secular e patri\u00f3tico n\u00e3o ter\u00e1 lugar entre o povo. H\u00e1 ainda uma conclus\u00e3o adicional que n\u00e3o \u00e9 menos importante: sem a mira claramente apontada para o socialismo, n\u00e3o h\u00e1 necessidade de um partido comunista. H\u00e1 outras for\u00e7as, entretanto, que se sentem bastante \u00e0 vontade de jogar por dentro o jogo do sistema pol\u00edtico burgu\u00eas.<\/p>\n<p>N\u00f3s pensamos que o movimento comunista mundial, em todo caso, deveria evitar abordagens mec\u00e2nicas e sect\u00e1rias, defender a atualidade e a necessidade do socialismo e experimentar uma ruptura radical com as for\u00e7as imperialistas, burguesas e reacion\u00e1rias n\u00e3o apenas em palavras, mas na pr\u00e1tica.<\/p>\n<p><strong>Morte ao capitalismo!<\/strong><\/p>\n<p><strong>Vida longa ao socialismo!<\/strong><\/p>\n<p><strong>Tradu\u00e7\u00e3o: Partido Comunista Brasileiro (PCB)<\/strong><\/p>\n","protected":false},"excerpt":{"rendered":"\nPartido Comunista da Turquia (TKP)\n<a class=\"moretag\" href=\"https:\/\/pcb.org.br\/portal2\/5707\"> <\/a>","protected":false},"author":1,"featured_media":0,"comment_status":"closed","ping_status":"closed","sticky":false,"template":"","format":"standard","meta":{"jetpack_post_was_ever_published":false,"_jetpack_newsletter_access":"","_jetpack_dont_email_post_to_subs":false,"_jetpack_newsletter_tier_id":0,"_jetpack_memberships_contains_paywalled_content":false,"_jetpack_memberships_contains_paid_content":false,"footnotes":"","jetpack_publicize_message":"","jetpack_publicize_feature_enabled":true,"jetpack_social_post_already_shared":false,"jetpack_social_options":{"image_generator_settings":{"template":"highway","default_image_id":0,"font":"","enabled":false},"version":2}},"categories":[36],"tags":[],"class_list":["post-5707","post","type-post","status-publish","format-standard","hentry","category-c41-unidade-comunista"],"jetpack_publicize_connections":[],"jetpack_featured_media_url":"","jetpack_shortlink":"https:\/\/wp.me\/p659gw-1u3","jetpack-related-posts":[],"jetpack_likes_enabled":true,"jetpack_sharing_enabled":true,"_links":{"self":[{"href":"https:\/\/pcb.org.br\/portal2\/wp-json\/wp\/v2\/posts\/5707","targetHints":{"allow":["GET"]}}],"collection":[{"href":"https:\/\/pcb.org.br\/portal2\/wp-json\/wp\/v2\/posts"}],"about":[{"href":"https:\/\/pcb.org.br\/portal2\/wp-json\/wp\/v2\/types\/post"}],"author":[{"embeddable":true,"href":"https:\/\/pcb.org.br\/portal2\/wp-json\/wp\/v2\/users\/1"}],"replies":[{"embeddable":true,"href":"https:\/\/pcb.org.br\/portal2\/wp-json\/wp\/v2\/comments?post=5707"}],"version-history":[{"count":0,"href":"https:\/\/pcb.org.br\/portal2\/wp-json\/wp\/v2\/posts\/5707\/revisions"}],"wp:attachment":[{"href":"https:\/\/pcb.org.br\/portal2\/wp-json\/wp\/v2\/media?parent=5707"}],"wp:term":[{"taxonomy":"category","embeddable":true,"href":"https:\/\/pcb.org.br\/portal2\/wp-json\/wp\/v2\/categories?post=5707"},{"taxonomy":"post_tag","embeddable":true,"href":"https:\/\/pcb.org.br\/portal2\/wp-json\/wp\/v2\/tags?post=5707"}],"curies":[{"name":"wp","href":"https:\/\/api.w.org\/{rel}","templated":true}]}}