{"id":5731,"date":"2013-12-15T14:16:05","date_gmt":"2013-12-15T14:16:05","guid":{"rendered":"http:\/\/pcb.org.br\/portal2\/?p=5731"},"modified":"2013-12-15T14:16:05","modified_gmt":"2013-12-15T14:16:05","slug":"guarani-e-kaiowa-do-yvy-katu-resistem-a-ordem-de-despejo","status":"publish","type":"post","link":"https:\/\/pcb.org.br\/portal2\/5731","title":{"rendered":"Guarani e Kaiow\u00e1, do Yvy Katu, resistem \u00e0 ordem de despejo"},"content":{"rendered":"\n<p>&#8220;Decidimos resistir \u00e0 a\u00e7\u00e3o de despejo e seremos mortos pela arma de fogo dos homens brancos ou policiais. N\u00e3o h\u00e1 d\u00favida. N\u00e3o iremos recuar nem um passo para traz, vamos resistir por quest\u00e3o de honra e profundo respeito aos nossos ancestrais&#8221;, diz a carta<\/p>\n<p>13\/12\/2013<\/p>\n<p>Da Reda\u00e7\u00e3o (Brasil de Fato)<\/p>\n<p>Diante de cincos ordem de despejo judicial contra os Guarani e Kaiow\u00e1,\u00a0no Mato Grosso do Sul (MS),\u00a0o\u00a0Aty Guasu divulgou uma carta direcionada ao Governo Federal,\u00a0Justi\u00e7a Federal e para todas as sociedades nacionais e internacionais do mundo,\u00a0em que os cerca de 5 mil \u00edndios reafirmam que n\u00e3o sair\u00e3o de suas terras.<\/p>\n<p>Prevendo que o pior pode acontecer com a resist\u00eancia, para eles, ficar em suas terras \u00e9 quest\u00e3o de honra.\u00a0&#8220;Decidimos resistir \u00e0 a\u00e7\u00e3o de despejo e seremos mortos pela arma de fogo dos homens brancos ou policiais. N\u00e3o h\u00e1 d\u00favida. N\u00e3o iremos recuar nem um passo para traz, vamos resistir por quest\u00e3o de honra e profundo respeito aos nossos ancestrais&#8221;, diz a carta.<\/p>\n<p>Os \u00edndios ainda solicitam\u00a0\u00e0 presidenta Dilma e \u00e0 Justi\u00e7a Federal &#8211; que decretou a nossa expuls\u00e3o &#8211; para &#8220;assumir a responsabilidade de amparar e ajudar as crian\u00e7as, mulheres e idosos (as) sobreviventes aqui no YVY KATU que certamente v\u00e3o ficar sem pai e sem m\u00e3e ap\u00f3s a execu\u00e7\u00e3o do despejo pela for\u00e7a policial&#8221;, diz a carta.<\/p>\n<p>Veja a carta na \u00edntegra:<\/p>\n<p>*Decis\u00e3o definitiva de 5.000 ind\u00edgenas Guarani e Kaiow\u00e1 para Governo,<\/p>\n<p>Hoje no dia 12 de dezembro de 2013, n\u00f3s 5.000 mil ind\u00edgenas Guarani e Kaiow\u00e1 do TEKOHA YVY KATU recebemos not\u00edcia de mais uma amea\u00e7a de morte coletiva, \u00e9 a ordem de viol\u00eancia contra n\u00f3s e despejo expedida pela Justi\u00e7a Federal do Tribunal Regional de S\u00e3o Paulo-S.P.<\/p>\n<p>Assim, claramente a justi\u00e7a brasileira vai matar todos n\u00f3s Guarani e Kaiow\u00e1. Mais uma ordem de despejo da Justi\u00e7a Federal deixa evidente para n\u00f3s que a Justi\u00e7a do Brasil est\u00e1 autorizando o exterm\u00ednio Guarani e Kaiow\u00e1, as viol\u00eancias, morte coletiva, sobretudo extin\u00e7\u00e3o e dizima\u00e7\u00e3o Guarani e Kaiow\u00e1 do Brasil.<\/p>\n<p>Entendemos que em 10 anos, a Justi\u00e7a Federal do Brasil j\u00e1 decretou v\u00e1rias vezes a nossa expuls\u00e3o de nossa terra YVY KATU que significa que a Justi\u00e7a do Brasil est\u00e1 mandando matar todos n\u00f3s \u00edndios aqui no Yvy Katu. J\u00e1 faz dois meses que retornamos comunicar \u00e0 Justi\u00e7a Federal e ao Governo Federal que n\u00f3s comunidades voltamos a reocupar o nosso tekoha YVY KATU e recome\u00e7amos morar no peda\u00e7o de nossa terra.<\/p>\n<p>Avisamos tamb\u00e9m que n\u00e3o vamos sair mais de nossa terra YVY KATU, aqui morreremos todos juntos, aqui queremos ser enterrados todos. Essa \u00e9 a nossa decis\u00e3o definitiva que n\u00e3o mudamos nossa decis\u00e3o. J\u00e1 enviamos e reenviamos v\u00e1rias vezes ao Governo Federal e ao Ministro da Justi\u00e7a, \u00e0 Presidenta Dilma, ao Minist\u00e9rio P\u00fablico Federal, ao Presidente do Supremo Tribunal Federal.<\/p>\n<p>Hoje 12\/12\/2013, mais uma vez, encaminhamos a nossa decis\u00e3o definitiva \u00e0 Presidenta Dilma e ao Presidente do Conselho Nacional da Justi\u00e7a e do Supremo Tribunal Federal para entender e atender os nossos \u00faltimos pedidos. Demandamos \u00e0s autoridades federais supremas do Brasil as seguintes. Estamos reunidos 4.000 mil Guarani e Kaiow\u00e1 aqui no tekoha YVY KATU para resistir \u00e0 ordem de despejo, a nossa decis\u00e3o \u00e9 lutar at\u00e9 morte pela nossa terra YVY KATU, nem depois de nossa morte n\u00e3o vamos sair daqui do YVY KATU.<\/p>\n<p>Pedimos ao Governo Dilma e Presidente do Supremo Tribunal Federal Joaquim Barbosa para mandar somente enterrar coletivamente todos n\u00f3s aqui no tekoha YVY KATU. Nem vivos e nem morto iremos sair daqui de nossa terra antiga. Com vida ainda, antecipamos os nossos pedimos \u00e0 Justi\u00e7a, esse nosso direito de ser sepultado ou enterrado aqui no YVY KATU, esse pedido exigimos \u00e0 Justi\u00e7a do Brasil.<\/p>\n<p>Solicitamos ainda \u00e0 presidenta Dilma, \u00e0 Justi\u00e7a Federal que decretou a nossa expuls\u00e3o e a morte coletiva para assumir a responsabilidade de amparar e ajudar as crian\u00e7as, mulheres e idosos (as) sobreviventes aqui no YVY KATU que certamente v\u00e3o ficar sem pai e sem m\u00e3e ap\u00f3s a execu\u00e7\u00e3o do despejo pela for\u00e7a policial.<\/p>\n<p>Uma vez que a Justi\u00e7a Federal de Navirai-MS em novembro, j\u00e1 determinou o uso da for\u00e7a policial contra nossa vidas e luta, diante disso comunicamos \u00e0 ju\u00edza federal que n\u00f3s vamos resistir at\u00e9 morte \u00e0 ordem de despejo, temos absoluta certeza que morreremos pela nossa terra YVY KATU, a ju\u00edza j\u00e1 est\u00e1 ciente de nossa decis\u00e3o. Todas as autoridades tamb\u00e9m j\u00e1 est\u00e3o cientes de nossa decis\u00e3o que como povo nativo Guarani vamos lutar at\u00e9 a morte pela terra YVY KATU.<\/p>\n<p>Hoje 12\/12\/2013, mais uma vez passamos comunicar ao juiz federal do Tribunal Federal de S\u00e3o Paulo que n\u00e3o vamos sair do tekoha YVY KATU, aqui vamos resistir e morrer todos lutando. De forma igual, comunicamos \u00e0 presidenta Dilma. Pela \u00faltima vez, avisamos a todos (as) que a partir de hoje 12\/12\/2013, come\u00e7amos a realizar um raro ritual religioso nosso de despedida da vida da terra, essa \u00e9 a nossa cren\u00e7a, um ato consciente de prepara\u00e7\u00e3o da vida para a morte for\u00e7ada pelas armas de fogo dos homens brancos, ou melhor, come\u00e7amos a participar da cerim\u00f4nia de aceita\u00e7\u00e3o e confirma\u00e7\u00e3o da sa\u00edda for\u00e7ada da alma do corpo e sua volta ao cosmo Guarani em fun\u00e7\u00e3o da morte for\u00e7ada no campo da luta.<\/p>\n<p>Esse \u00e9 um dos rituais de despedidas da vida que raramente se realiza, mas hoje come\u00e7amos a praticar. Come\u00e7amos a participar desse ritual de aceita\u00e7\u00e3o da morte for\u00e7ada e despedida da vida, das fam\u00edlias e dos amigos (as), pois sabemos bem que a Justi\u00e7a Federal est\u00e1 autorizando os homens brancos armados para atacar e matar n\u00f3s aqui no tekoha YVY KATU.<\/p>\n<p>Comunicamos a todos (as), pois n\u00f3s Guarani e Kaiow\u00e1 do YVY KATU decidimos a resistir \u00e0 a\u00e7\u00e3o de despejo e seremos mortos pela arma de fogo dos homens brancos ou policiais. N\u00e3o h\u00e1 d\u00favida. N\u00e3o iremos recuar nem um passo para traz, vamos resistir por quest\u00e3o de honra e profundo respeito aos nossos ancestrais mortos no YVY KATU, decididos, vamos lutar e morrer pela nossa terra onde est\u00e3o enterrados os nossos antepassados. Por essa raz\u00e3o, pedimos ao Governo e a Justi\u00e7a para mandar enterrar n\u00f3s todos aqui no tekoha YVY KATU, porque nem vivo e nem morto n\u00e3o vamos sair do tekoha YVY KATU.<\/p>\n<p>Essa \u00e9 a nossa decis\u00e3o definitiva. Mais uma vez, convidamos a todas as sociedades nacionais e internacionais para acompanhar e assistir ao genoc\u00eddio e a dizima\u00e7\u00e3o de 4.000 povo nativo Guarani e Kaiow\u00e1 do YVY KATU pela justi\u00e7a do Brasil por meio dos homens \u201cbrancos\u201d POLICIAIS armados brasileiros aqui no Mato Grosso do Sul\/BRASIL.<\/p>\n<p>Tekoha Yvy Katu, 12 de dezembro de 2013<\/p>\n<p>Comunidades Guarani e Kaiow\u00e1 do tekoha YVY KATU-Japor\u00e3-MS-BRASIL<\/p>\n<p>Foto: Reprodu\u00e7\u00e3o\/Facebook<\/p>\n<p>http:\/\/www.brasildefato.com.br\/node\/26890<\/p>\n","protected":false},"excerpt":{"rendered":"\n<a class=\"moretag\" href=\"https:\/\/pcb.org.br\/portal2\/5731\"> <\/a>","protected":false},"author":1,"featured_media":0,"comment_status":"open","ping_status":"open","sticky":false,"template":"","format":"standard","meta":{"jetpack_post_was_ever_published":false,"_jetpack_newsletter_access":"","_jetpack_dont_email_post_to_subs":false,"_jetpack_newsletter_tier_id":0,"_jetpack_memberships_contains_paywalled_content":false,"_jetpack_memberships_contains_paid_content":false,"footnotes":"","jetpack_publicize_message":"","jetpack_publicize_feature_enabled":true,"jetpack_social_post_already_shared":false,"jetpack_social_options":{"image_generator_settings":{"template":"highway","default_image_id":0,"font":"","enabled":false},"version":2}},"categories":[20],"tags":[],"class_list":["post-5731","post","type-post","status-publish","format-standard","hentry","category-c1-popular"],"jetpack_publicize_connections":[],"jetpack_featured_media_url":"","jetpack_shortlink":"https:\/\/wp.me\/p659gw-1ur","jetpack-related-posts":[],"jetpack_likes_enabled":true,"jetpack_sharing_enabled":true,"_links":{"self":[{"href":"https:\/\/pcb.org.br\/portal2\/wp-json\/wp\/v2\/posts\/5731","targetHints":{"allow":["GET"]}}],"collection":[{"href":"https:\/\/pcb.org.br\/portal2\/wp-json\/wp\/v2\/posts"}],"about":[{"href":"https:\/\/pcb.org.br\/portal2\/wp-json\/wp\/v2\/types\/post"}],"author":[{"embeddable":true,"href":"https:\/\/pcb.org.br\/portal2\/wp-json\/wp\/v2\/users\/1"}],"replies":[{"embeddable":true,"href":"https:\/\/pcb.org.br\/portal2\/wp-json\/wp\/v2\/comments?post=5731"}],"version-history":[{"count":0,"href":"https:\/\/pcb.org.br\/portal2\/wp-json\/wp\/v2\/posts\/5731\/revisions"}],"wp:attachment":[{"href":"https:\/\/pcb.org.br\/portal2\/wp-json\/wp\/v2\/media?parent=5731"}],"wp:term":[{"taxonomy":"category","embeddable":true,"href":"https:\/\/pcb.org.br\/portal2\/wp-json\/wp\/v2\/categories?post=5731"},{"taxonomy":"post_tag","embeddable":true,"href":"https:\/\/pcb.org.br\/portal2\/wp-json\/wp\/v2\/tags?post=5731"}],"curies":[{"name":"wp","href":"https:\/\/api.w.org\/{rel}","templated":true}]}}