{"id":5756,"date":"2013-12-24T11:39:03","date_gmt":"2013-12-24T11:39:03","guid":{"rendered":"http:\/\/pcb.org.br\/portal2\/?p=5756"},"modified":"2013-12-24T11:39:03","modified_gmt":"2013-12-24T11:39:03","slug":"a-mesa-de-negociacoes-nao-pode-ser-convertida-em-instrumento-de-propaganda-eleitoral","status":"publish","type":"post","link":"https:\/\/pcb.org.br\/portal2\/5756","title":{"rendered":"A mesa de negocia\u00e7\u00f5es n\u00e3o pode ser convertida em instrumento de propaganda eleitoral"},"content":{"rendered":"\n<p>Havana, Cuba, sede dos di\u00e1logos de paz, 17 de dezembro de 2013, pelos 183 anos da morte d\u2019O Libertador.<\/p>\n<p style=\"text-align: right;\"><em>\u201cQueria ter uma fortuna material para dar a cada colombiano,<\/em><\/p>\n<p style=\"text-align: right;\"><em>por\u00e9m n\u00e3o tenho nada.<\/em><\/p>\n<p style=\"text-align: right;\"><em>N\u00e3o tenho nada mais que um cora\u00e7\u00e3o para am\u00e1-los<\/em><\/p>\n<p style=\"text-align: right;\"><em>e uma espada para defend\u00ea-los\u201d.<\/em><\/p>\n<p style=\"text-align: right;\">(Sim\u00f3n Bol\u00edvar)<\/p>\n<p>Ao iniciar uma nova rodada de conversa\u00e7\u00f5es, queremos manifestar nossa profunda estranheza pela maneira como o Presidente Juan Manuel Santos<\/p>\n<p>vem menosprezando a import\u00e2ncia do\u00a0Acordo Geral para o fim do conflito e a constru\u00e7\u00e3o de uma paz est\u00e1vel e duradoura, firmado por seus representantes e os das FARC-EP, em 26 de agosto de 2012.<\/p>\n<p>Al\u00e9m disso, o Procurador Geral da Na\u00e7\u00e3o, senhor Alejandro Ord\u00f3\u00f1ez, com sua atitude autorit\u00e1ria frente \u00e0 sorte do prefeito da Capital da Rep\u00fablica, pretende dinamitar antecipadamente o esp\u00edrito e os alcances do ponto 2 sobre Participa\u00e7\u00e3o Pol\u00edtica, acordado, em princ\u00edpio e de maneira parcial, a aparente complac\u00eancia do Chefe de Estado com tal decis\u00e3o do anacr\u00f4nico chefe do Minist\u00e9rio P\u00fablico, manda sinais equ\u00edvocos que apresentam os duplos discursos, em momentos em que se inicia um processo eleitoral.<\/p>\n<p>Sem d\u00favida, causa mal-estar o zigue-zague de Santos frente aos mais significativos e importantes temas que se discutem em Havana, quando se trata de alcan\u00e7ar uma paz s\u00e9ria, est\u00e1vel e duradoura, buscando solu\u00e7\u00f5es aos problemas e injusti\u00e7as que fazem da p\u00e1tria colombiana um campo de batalha. Pelo menos em nosso caso assim temos entendido e tal \u00e9 nosso compromisso e nossa meta.<\/p>\n<p>No s\u00e1bado, 14 de dezembro, em sua interven\u00e7\u00e3o ante a Conven\u00e7\u00e3o Nacional do Partido Cambio Radical, Santos afirmou: \u201cOs inimigos da paz est\u00e3o dizendo que l\u00e1 [na mesa de Havana], est\u00e1 sendo negociado nosso Ex\u00e9rcito, que l\u00e1 est\u00e1 sendo negociado nosso sistema pol\u00edtico, que l\u00e1 est\u00e1 sendo negociado nosso sistema econ\u00f4mico: mentiras, mentiras. A \u00fanica coisa que est\u00e1 sendo negociada l\u00e1 \u00e9 uma transi\u00e7\u00e3o para que essa gente deixe as balas, deixe as armas e as substitua em votos, por argumentos e coloque fim ao conflito\u201d.<\/p>\n<p>Dissemos na v\u00e9spera da retomada do di\u00e1logo que n\u00e3o nos encontramos em Havana negociando uma transi\u00e7\u00e3o para deixar as armas em troca de votos. Sessenta anos de luta armada social e verdadeira participa\u00e7\u00e3o pol\u00edtica v\u00e3o muito al\u00e9m disso.<\/p>\n<p>Solicitamos do governo e seus porta-vozes na mesa, clareza e unidade de prop\u00f3sitos com o firmado no acordo geral. E exigimos total responsabilidade para com o pa\u00eds e para com seu igual em Havana, \u00e0 luz do acordo subscrito. N\u00e3o estamos fazendo presen\u00e7a aqui por nos sentirmos vencidos. Participamos destes di\u00e1logos porque desde a VIII Confer\u00eancia das FARC, denominada \u201cComandante Jacobo Arenas, estamos cumprindo\u201d, realizada em 1993, tra\u00e7ou-se a\u00a0Plataforma de dez pontos para a reconstru\u00e7\u00e3o e reconcilia\u00e7\u00e3o nacional com a qual nos sentimos comprometidos. Desde ent\u00e3o, o primeiro ponto afirma:\u00a0Solu\u00e7\u00e3o pol\u00edtica ao grave conflito armado.<\/p>\n<p>O grave conflito segue vigente e sua solu\u00e7\u00e3o pol\u00edtica n\u00e3o pode ser confundida, nem vamos confundi-la com uma negocia\u00e7\u00e3o que conduza a uma \u201ctransi\u00e7\u00e3o para que essa gente [n\u00f3s] deixe as balas\u201d.<\/p>\n<p>Talvez esse mesmo esp\u00edrito superficial e de af\u00e3 eleitoreiro tenha levado diversos porta-vozes do governo a referirem-se de maneira p\u00fablica e totalmente leviana \u00e0 tem\u00e1tica dos cultivos declarados de uso il\u00edcito, ao consumo de drogas e suas consequ\u00eancias na sa\u00fade p\u00fablica, e ao fen\u00f4meno do narcotr\u00e1fico em geral, que s\u00e3o os assuntos que trata precisamente o aparte do Acordo Geral denominado\u00a0\u201cSolu\u00e7\u00e3o ao problema das drogas il\u00edcitas\u201d. As iniciativas que propagandeia e coloca em pr\u00e1tica o governo simplesmente impulsionam o prop\u00f3sito e os mecanismos da erradica\u00e7\u00e3o e consolida\u00e7\u00e3o militar nas zonas que, segundo esta vis\u00e3o, seriam expulsas comunidades inteiras.<\/p>\n<p>A difundida posi\u00e7\u00e3o governamental, nunca apresentou proposta alguma de solu\u00e7\u00e3o verdadeira aos problemas sociais do pa\u00eds que subjazem no fen\u00f4meno dos cultivos declarados il\u00edcitos. Para o governo, o assunto se limita a envenenar e varrer umas zonas empobrecidas e abandonadas, aludindo a falaciosos planos \u201calternativos\u201d para as comunidades rurais, o qual serve apenas para alistar o despojo legal das terras preparado pelo bloco de poder dominante. No fundo da quest\u00e3o o que existe \u00e9 um marcado prop\u00f3sito de dom\u00ednio territorial e o desumano af\u00e3 de retirar do local as comunidades rurais.<\/p>\n<p>Nada se fala sobre o neg\u00f3cio do narcotr\u00e1fico. Muito menos se mostra preocupa\u00e7\u00e3o pela demanda da droga e pelos grandes locais de consumo localizados mais al\u00e9m das fronteiras p\u00e1trias. Como se o neg\u00f3cio nascesse na Col\u00f4mbia e morresse na Col\u00f4mbia, e seus lucros se reduzissem ao que percebem as camadas pobres, que s\u00e3o os menos favorecidos. Entretanto, a grande lavagem de dinheiro e a criminalidade financeira com todas as suas sequelas no \u00e2mbito nacional e internacional s\u00e3o intoc\u00e1veis.<\/p>\n<p>N\u00e3o\u00a0\u00e9\u00a0correto, como pretendem fazer crer algumas inst\u00e2ncias da institucionalidade, subordinar e condicionar os planos de desenvolvimento e as medidas de reforma rural e agr\u00e1ria, a a\u00e7\u00f5es de erradica\u00e7\u00e3o ou de consolida\u00e7\u00e3o territorial contrainsurgente, ditadas por Washington para abrir caminho \u00e0s transnacionais. Isto equivale a retroceder a respeito dos poucos avan\u00e7os obtidos no primeiro ponto e at\u00e9 os avan\u00e7os do segundo ponto ficam debilitados com este tipo de iniciativas governamentais em marcha.<\/p>\n<p>As FARC-EP reiteram sua posi\u00e7\u00e3o, defendida h\u00e1 20 anos, de que: \u201cA Solu\u00e7\u00e3o do fen\u00f4meno de produ\u00e7\u00e3o, comercializa\u00e7\u00e3o e consumo de narc\u00f3ticos e alucin\u00f3genos, deve ser entendida ante tudo como um grave problema social que n\u00e3o pode ser tratado pela via militar, que requer acordos com a participa\u00e7\u00e3o da comunidade nacional\u00a0 internacional e o compromisso das grandes pot\u00eancias como principais fontes da demanda mundial das drogas\u201d.<\/p>\n<p>Neste sentido, nossa Delega\u00e7\u00e3o convida todos a lerem e analisarem de perto os desenvolvimentos obtidos por nossa proposta intitulada Pol\u00edtica Antidrogas para a soberania e o bem viver dos pobres do campo (dez propostas m\u00ednimas \u2013 ver <a href=\"http:\/\/j.mp\/1bf599l\" target=\"_blank\">http:\/\/j.mp\/1bf599l<\/a>).<\/p>\n<p>Fique claro que a mesa de negocia\u00e7\u00f5es n\u00e3o pode ser convertida em instrumento de propaganda eleitoral para ningu\u00e9m. Em Havana e em nossa p\u00e1tria colombiana, o que vem acontecendo \u00e9 que a hist\u00f3ria e os estudiosos da hist\u00f3ria e do direito social denominam um processo constituinte. Sim, estamos num processo de tal natureza, estudando centenas de documentos e iniciativas enviadas de todos os lugares da p\u00e1tria pelos mais variados grupos de opini\u00e3o, intelectuais, acad\u00eamicos e cidad\u00e3os comuns. Estamos construindo o futuro. Hoje, al\u00e9m disso, nos encontramos contagiados, igual a milh\u00f5es de compatriotas, por esse grito de protesto sa\u00eddo de milhares de trabalhadores agr\u00e1rios e dos desordenados cidad\u00e3os de Catatumbo e do sudoeste, em cujas recentes marchas de indigna\u00e7\u00e3o o Estado rompeu, atrav\u00e9s da for\u00e7a brutal do ESMAD, o que para a oligarquia \u00e9 democracia e participa\u00e7\u00e3o cidad\u00e3, assassinando e mutilando de maneira terr\u00edvel dezenas de compatriotas.<\/p>\n<p>Finalmente, devemos dizer que de nossas gargantas tamb\u00e9m sai o grito coletivo e nacional que vai mais al\u00e9m de um n\u00e3o \u00e0 berrante destitui\u00e7\u00e3o do prefeito da cidade, porque se trata do grito que expressa o ressurgimento do esp\u00edrito de um processo constituinte no que dever\u00e1 sentir-se a plenitude o protagonismo do soberano que \u00e9 o povo.<\/p>\n<p>*DELEGA\u00c7\u00c3O DE PAZ DAS FARC-EP*<\/p>\n<p>Tradu\u00e7\u00e3o: Partido Comunista Brasileiro (PCB)<\/p>\n","protected":false},"excerpt":{"rendered":"\n<a class=\"moretag\" href=\"https:\/\/pcb.org.br\/portal2\/5756\"> <\/a>","protected":false},"author":1,"featured_media":0,"comment_status":"open","ping_status":"open","sticky":false,"template":"","format":"standard","meta":{"jetpack_post_was_ever_published":false,"_jetpack_newsletter_access":"","_jetpack_dont_email_post_to_subs":false,"_jetpack_newsletter_tier_id":0,"_jetpack_memberships_contains_paywalled_content":false,"_jetpack_memberships_contains_paid_content":false,"footnotes":"","jetpack_publicize_message":"","jetpack_publicize_feature_enabled":true,"jetpack_social_post_already_shared":false,"jetpack_social_options":{"image_generator_settings":{"template":"highway","default_image_id":0,"font":"","enabled":false},"version":2}},"categories":[34],"tags":[],"class_list":["post-5756","post","type-post","status-publish","format-standard","hentry","category-c39-colombia"],"jetpack_publicize_connections":[],"jetpack_featured_media_url":"","jetpack_shortlink":"https:\/\/wp.me\/p659gw-1uQ","jetpack-related-posts":[],"jetpack_likes_enabled":true,"jetpack_sharing_enabled":true,"_links":{"self":[{"href":"https:\/\/pcb.org.br\/portal2\/wp-json\/wp\/v2\/posts\/5756","targetHints":{"allow":["GET"]}}],"collection":[{"href":"https:\/\/pcb.org.br\/portal2\/wp-json\/wp\/v2\/posts"}],"about":[{"href":"https:\/\/pcb.org.br\/portal2\/wp-json\/wp\/v2\/types\/post"}],"author":[{"embeddable":true,"href":"https:\/\/pcb.org.br\/portal2\/wp-json\/wp\/v2\/users\/1"}],"replies":[{"embeddable":true,"href":"https:\/\/pcb.org.br\/portal2\/wp-json\/wp\/v2\/comments?post=5756"}],"version-history":[{"count":0,"href":"https:\/\/pcb.org.br\/portal2\/wp-json\/wp\/v2\/posts\/5756\/revisions"}],"wp:attachment":[{"href":"https:\/\/pcb.org.br\/portal2\/wp-json\/wp\/v2\/media?parent=5756"}],"wp:term":[{"taxonomy":"category","embeddable":true,"href":"https:\/\/pcb.org.br\/portal2\/wp-json\/wp\/v2\/categories?post=5756"},{"taxonomy":"post_tag","embeddable":true,"href":"https:\/\/pcb.org.br\/portal2\/wp-json\/wp\/v2\/tags?post=5756"}],"curies":[{"name":"wp","href":"https:\/\/api.w.org\/{rel}","templated":true}]}}