{"id":5817,"date":"2014-01-14T21:55:53","date_gmt":"2014-01-14T21:55:53","guid":{"rendered":"http:\/\/pcb.org.br\/portal2\/?p=5817"},"modified":"2014-01-14T21:55:53","modified_gmt":"2014-01-14T21:55:53","slug":"dossie-de-jfneres-cassado-em-sabara-por-ser-um-vereador-comunista","status":"publish","type":"post","link":"https:\/\/pcb.org.br\/portal2\/5817","title":{"rendered":"Dossi\u00ea de J.F.Neres &#8211; Cassado em Sabar\u00e1 por ser um vereador comunista"},"content":{"rendered":"\n<p>Jos\u00e9 Francisco Neres, conhecido durante a clandestinidade na ditadura de 64\/85 como Pinheiro, ou, para todos n\u00f3s, simplesmente o camarada Neres, foi o \u00faltimo preso pol\u00edtico a ser posto em liberdade em Minas Gerais.<\/p>\n<p>Neres foi vereador em Sabar\u00e1, e foi cassado n\u00e3o pelo governo federal ditatorial, mas pela pr\u00f3pria c\u00e2mara municipal de Sabar\u00e1, que se aproveitou do golpe para tirar o mandato conseguido nas urnas.<\/p>\n<p>Em 2012, d\u00e9cadas depois da covardia legislativa, a c\u00e2mara em sess\u00e3o solene devolveu simbolicamente o seu mandato.<\/p>\n<p>Neres est\u00e1 produzindo um documento sobre suas vida e sua luta. Abaixo, reproduzimos trecho dessa obra. Sabar\u00e1 tamb\u00e9m tem seus her\u00f3is, abnegados na resist\u00eancia \u00e0 ditadura empresarial\/militar. Boa leitura!<\/p>\n<p>Interrompe-se bruscamente o sol; das flores s\u00f3 o cheiro cada vez mais distante. Da m\u00fasica os acordes mais dissonantes, depois estridentes at\u00e9 desaparecerem os acordes; a melodia foi vencida.<\/p>\n<p>Resta o barulho ensurdecedor tentando ofuscar a lembran\u00e7a, as vozes de crian\u00e7as, as vozes do povo, as vozes do novo, o barulho contra o grito.<\/p>\n<p>Gritos, urros, homem contra m\u00e1quina de dor, a m\u00e1quina contendo refinada tecnologia, manejada com arte sinistra.<\/p>\n<p>Homem no escuro, o ar cada vez mais fragmentado. Sombra da noite, enfim a noite. As asas do p\u00e1ssaro o carregam para a noite.<\/p>\n<p>Mas n\u00e3o&#8230; \u00e9 proibido anoitecer. Aqui tamb\u00e9m a medicina tem seu lugar, encobre a noite mas refor\u00e7a a escurid\u00e3o.<\/p>\n<p>Nos raros intervalos em que se pode lembrar, explode o canto novo. \u00c9 preciso ocupar todas as horas do dia, todos os dias da noite. Som, barulho, dan\u00e7a macabra, onde o velho e o filho bastardo descarregam sua ira como que vingando sua decad\u00eancia.<\/p>\n<p>Como pode o passado se atirar com tanta for\u00e7a contra o presente e o futuro? O velho foi ferido de morte em 1917. De l\u00e1 para c\u00e1 sobrevive sugando for\u00e7a de sua filha bastarda &#8211; a classe m\u00e9dia &#8211; e se alimentando da bestialidade, do obscurantismo que tamb\u00e9m s\u00e3o subprodutos do velho.<\/p>\n<p>Agora a dan\u00e7a \u00e9 mais feroz; n\u00e3o conta horas. O dia se perdeu, o ar ficou mais escasso, os combust\u00edveis para vida foram cortados. Em lugar o seu terror, o del\u00edrio, as alucina\u00e7\u00f5es; o encontro com a noite se faz urgente antes que se apague da mente as cores, as lembran\u00e7as e a for\u00e7a do novo.<\/p>\n<p>At\u00e9 a noite foi acorrentada, passou a ser jogada contra a escurid\u00e3o. A for\u00e7a nova se mant\u00e9m por um fio, comprida, reprimida. Momentos de refluxo: momentos em que o velho se imp\u00f5e e festeja a vit\u00f3ria que antev\u00ea.<\/p>\n<p>Mas, um rasgo de sopro passa pelo fio e arromba a janela. Imp\u00f5e de novo o novo, a lembran\u00e7a, de novo a heran\u00e7a, e l\u00e1 fora se distingue a cor vermelha, a tocha de luz que avan\u00e7a nas m\u00e3os da classe oper\u00e1ria.<\/p>\n<p>\u201cPensamento passado para fora da pris\u00e3o por Neres clandestinamente, no m\u00eas de Junho de 1976.\u201d<\/p>\n<p>VEJA O V\u00cdDEO DA SESS\u00c3O DE RESTITUI\u00c7\u00c3O SIMB\u00d3LICA DO MANDATO DE JF NERES<\/p>\n<p><a href=\"http:\/\/www.youtube.com\/watch?v=4mlf0nyId4M\" target=\"_blank\">http:\/\/www.youtube.com\/watch?v=4mlf0nyId4M<\/a><\/p>\n<p>Fonte: <a href=\"http:\/\/pcbsabara.blogspot.com.br\/2014\/01\/dossie-de-jfneres-cassado-em-sabara-por.html\" target=\"_blank\">http:\/\/pcbsabara.blogspot.com.br\/2014\/01\/dossie-de-jfneres-cassado-em-sabara-por.html<\/a><\/p>\n<p> <object class=\"imagem100\"><param name=\"movie\" value=\"http:\/\/www.youtube.com\/v\/4mlf0nyId4M\" \/><param name=\"allowFullScreen\" value=\"true\" \/><param name=\"allowscriptaccess\" value=\"always\" \/><\/object> <\/p>\n","protected":false},"excerpt":{"rendered":"\n<a class=\"moretag\" href=\"https:\/\/pcb.org.br\/portal2\/5817\"> <\/a>","protected":false},"author":1,"featured_media":0,"comment_status":"open","ping_status":"open","sticky":false,"template":"","format":"standard","meta":{"jetpack_post_was_ever_published":false,"_jetpack_newsletter_access":"","_jetpack_dont_email_post_to_subs":false,"_jetpack_newsletter_tier_id":0,"_jetpack_memberships_contains_paywalled_content":false,"_jetpack_memberships_contains_paid_content":false,"footnotes":"","jetpack_publicize_message":"","jetpack_publicize_feature_enabled":true,"jetpack_social_post_already_shared":false,"jetpack_social_options":{"image_generator_settings":{"template":"highway","default_image_id":0,"font":"","enabled":false},"version":2}},"categories":[46],"tags":[],"class_list":["post-5817","post","type-post","status-publish","format-standard","hentry","category-c56-memoria"],"jetpack_publicize_connections":[],"jetpack_featured_media_url":"","jetpack_shortlink":"https:\/\/wp.me\/p659gw-1vP","jetpack-related-posts":[],"jetpack_likes_enabled":true,"jetpack_sharing_enabled":true,"_links":{"self":[{"href":"https:\/\/pcb.org.br\/portal2\/wp-json\/wp\/v2\/posts\/5817","targetHints":{"allow":["GET"]}}],"collection":[{"href":"https:\/\/pcb.org.br\/portal2\/wp-json\/wp\/v2\/posts"}],"about":[{"href":"https:\/\/pcb.org.br\/portal2\/wp-json\/wp\/v2\/types\/post"}],"author":[{"embeddable":true,"href":"https:\/\/pcb.org.br\/portal2\/wp-json\/wp\/v2\/users\/1"}],"replies":[{"embeddable":true,"href":"https:\/\/pcb.org.br\/portal2\/wp-json\/wp\/v2\/comments?post=5817"}],"version-history":[{"count":0,"href":"https:\/\/pcb.org.br\/portal2\/wp-json\/wp\/v2\/posts\/5817\/revisions"}],"wp:attachment":[{"href":"https:\/\/pcb.org.br\/portal2\/wp-json\/wp\/v2\/media?parent=5817"}],"wp:term":[{"taxonomy":"category","embeddable":true,"href":"https:\/\/pcb.org.br\/portal2\/wp-json\/wp\/v2\/categories?post=5817"},{"taxonomy":"post_tag","embeddable":true,"href":"https:\/\/pcb.org.br\/portal2\/wp-json\/wp\/v2\/tags?post=5817"}],"curies":[{"name":"wp","href":"https:\/\/api.w.org\/{rel}","templated":true}]}}