{"id":5836,"date":"2014-01-23T12:45:17","date_gmt":"2014-01-23T12:45:17","guid":{"rendered":"http:\/\/pcb.org.br\/portal2\/?p=5836"},"modified":"2014-01-23T12:45:17","modified_gmt":"2014-01-23T12:45:17","slug":"ujc-se-fortalece-no-rio-grande-do-sul","status":"publish","type":"post","link":"https:\/\/pcb.org.br\/portal2\/5836","title":{"rendered":"UJC se fortalece no Rio Grande do Sul"},"content":{"rendered":"\n<p>Ocorreu, nos dias 18 e 19 de Janeiro, a Confer\u00eancia de Organiza\u00e7\u00e3o da UJC no Rio Grande do Sul.<\/p>\n<p>A Confer\u00eancia permitiu a socializa\u00e7\u00e3o do ac\u00famulo de experi\u00eancias adquiridas nos diversos locais espec\u00edficos de atua\u00e7\u00e3o de cada n\u00facleo.<\/p>\n<p>Al\u00e9m da troca de experi\u00eancias e aprofundamento do debate pol\u00edtico, a UJC no Rio Grande do Sul tamb\u00e9m elaborou o planejamento para o ano de 2014.<\/p>\n<p>Os resultados foram excelentes. Foram emblem\u00e1ticas a firmeza e a empolga\u00e7\u00e3o dxs militantes da UJC, cada vez mais determinadxs a debater e lutar por uma sociedade socialista.<\/p>\n<p>O encontro teve a presen\u00e7a das cidades de Santana do Livramento, S\u00e3o Gabriel, Porto Alegre, Pelotas e Santa Maria.<\/p>\n<p>Este ser\u00e1 um ano de intensa mobiliza\u00e7\u00e3o na luta de massas, tanto no pa\u00eds como no Estado, e a UJC est\u00e1 preparada para atuar de forma comprometida com a luta da classe trabalhadora.<\/p>\n<p>UJC, Ousar Lutar, Ousar Vencer!!<\/p>\n<p>Construindo o Poder Popular!!<\/p>\n<p>*Bruna Mendon\u00e7a \u2013 \u00e9 integrante da Coordena\u00e7\u00e3o Regional da UJC \u2013 RS.<\/p>\n<blockquote data-secret=\"OZV1UR6Phf\" class=\"wp-embedded-content\"><p><a href=\"https:\/\/pcb.org.br\/portal2\/1126\">40 ANOS DO VOO DA LIBERDADE<\/a><\/p><\/blockquote>\n<p><iframe loading=\"lazy\" class=\"wp-embedded-content\" sandbox=\"allow-scripts\" security=\"restricted\" style=\"position: absolute; clip: rect(1px, 1px, 1px, 1px);\" src=\"https:\/\/pcb.org.br\/portal2\/1126\/embed#?secret=OZV1UR6Phf\" data-secret=\"OZV1UR6Phf\" width=\"600\" height=\"338\" title=\"&#8220;40 ANOS DO VOO DA LIBERDADE&#8221; &#8212; PCB - Partido Comunista Brasileiro\" frameborder=\"0\" marginwidth=\"0\" marginheight=\"0\" scrolling=\"no\"><\/iframe><\/p>\n","protected":false},"excerpt":{"rendered":"\nBruna Mendon\u00e7a*\n<a class=\"moretag\" href=\"https:\/\/pcb.org.br\/portal2\/5836\"> <\/a>","protected":false},"author":1,"featured_media":0,"comment_status":"open","ping_status":"open","sticky":false,"template":"","format":"standard","meta":{"jetpack_post_was_ever_published":false,"_jetpack_newsletter_access":"","_jetpack_dont_email_post_to_subs":false,"_jetpack_newsletter_tier_id":0,"_jetpack_memberships_contains_paywalled_content":false,"_jetpack_memberships_contains_paid_content":false,"footnotes":"","jetpack_publicize_message":"","jetpack_publicize_feature_enabled":true,"jetpack_social_post_already_shared":false,"jetpack_social_options":{"image_generator_settings":{"template":"highway","default_image_id":0,"font":"","enabled":false},"version":2}},"categories":[27],"tags":[],"class_list":["post-5836","post","type-post","status-publish","format-standard","hentry","category-c27-ujc"],"jetpack_publicize_connections":[],"jetpack_featured_media_url":"","jetpack_shortlink":"https:\/\/wp.me\/p659gw-1w8","jetpack-related-posts":[],"jetpack_likes_enabled":true,"jetpack_sharing_enabled":true,"_links":{"self":[{"href":"https:\/\/pcb.org.br\/portal2\/wp-json\/wp\/v2\/posts\/5836","targetHints":{"allow":["GET"]}}],"collection":[{"href":"https:\/\/pcb.org.br\/portal2\/wp-json\/wp\/v2\/posts"}],"about":[{"href":"https:\/\/pcb.org.br\/portal2\/wp-json\/wp\/v2\/types\/post"}],"author":[{"embeddable":true,"href":"https:\/\/pcb.org.br\/portal2\/wp-json\/wp\/v2\/users\/1"}],"replies":[{"embeddable":true,"href":"https:\/\/pcb.org.br\/portal2\/wp-json\/wp\/v2\/comments?post=5836"}],"version-history":[{"count":0,"href":"https:\/\/pcb.org.br\/portal2\/wp-json\/wp\/v2\/posts\/5836\/revisions"}],"wp:attachment":[{"href":"https:\/\/pcb.org.br\/portal2\/wp-json\/wp\/v2\/media?parent=5836"}],"wp:term":[{"taxonomy":"category","embeddable":true,"href":"https:\/\/pcb.org.br\/portal2\/wp-json\/wp\/v2\/categories?post=5836"},{"taxonomy":"post_tag","embeddable":true,"href":"https:\/\/pcb.org.br\/portal2\/wp-json\/wp\/v2\/tags?post=5836"}],"curies":[{"name":"wp","href":"https:\/\/api.w.org\/{rel}","templated":true}]}}