{"id":584,"date":"2010-06-21T17:26:39","date_gmt":"2010-06-21T17:26:39","guid":{"rendered":"http:\/\/pcb.org.br\/portal2\/?p=584"},"modified":"2010-06-21T17:26:39","modified_gmt":"2010-06-21T17:26:39","slug":"a-contenda-inevitavel","status":"publish","type":"post","link":"https:\/\/pcb.org.br\/portal2\/584","title":{"rendered":"A contenda inevit\u00e1vel"},"content":{"rendered":"\n<p>Recentemente afirmei que o mundo esqueceria, em breve, a trag\u00e9dia que estava prestes a produzir-se, como resultado da pol\u00edtica aplicada, durante mais de dois s\u00e9culos, pela superpot\u00eancia vizinha: os Estados Unidos.<\/p>\n<p>Temos conhecido sua forma sinuosa e ardilosa de agir; o impetuoso crescimento econ\u00f4mico atingido a partir do desenvolvimento t\u00e9cnico e cient\u00edfico; as enormes riquezas acumuladas a custa da imensa maioria do seu povo trabalhador e do resto do mundo por uma ex\u00edgua minoria que, nesse pa\u00eds e nos demais, disp\u00f5e e desfruta de riquezas sem limite.<\/p>\n<p>Quem \u00e9 que se queixa cada vez mais sen\u00e3o os trabalhadores, os profissionais, os que prestam servi\u00e7os \u00e0 popula\u00e7\u00e3o, os aposentados, os que carecem de emprego, as crian\u00e7as de rua, as pessoas desprovidas de conhecimentos elementares, que constituem a imensa maioria dos quase sete bilh\u00f5es de habitantes do planeta, cujos recursos vitais se esgotam visivelmente?<\/p>\n<p>Como s\u00e3o tratados pelas chamadas for\u00e7as da ordem que deveriam \u00e9 proteg\u00ea-los?<\/p>\n<p>A quem golpeiam os pol\u00edcias, armados com todos os instrumentos de repress\u00e3o poss\u00edvel?<\/p>\n<p>N\u00e3o preciso descrever fatos que os povos em todas as partes, inclu\u00eddo os dos Estados Unidos, percebem atrav\u00e9s dos televisores, dos computadores e outros meios de informa\u00e7\u00e3o em massa.<\/p>\n<p>Um bocado mais dif\u00edcil \u00e9 desvendar os projetos sinistros daqueles que t\u00eam em suas m\u00e3os o destino da humanidade, pensando absurdamente que se pode imp\u00f4r semelhante ordem mundial.<\/p>\n<p>O que escrevi nas \u00faltimas cinco Reflex\u00f5es com as quais ocupei o espa\u00e7o do jornal Granma e do site CubaDebate, entre 30 de maio e 10 de junho de 2010?<\/p>\n<p>Os elementos b\u00e1sicos de um futuro muito pr\u00f3ximo foram expostos com clareza e n\u00e3o t\u00eam recuo poss\u00edvel.<\/p>\n<p>Na esfera pol\u00edtica, o caminho est\u00e1 prenhe de enormes riscos.<\/p>\n<p>Um assunto a que me referi antes, entre os elementos b\u00e1sicos de um futuro muito pr\u00f3ximo expostos por mim, que n\u00e3o t\u00eam mais recuo poss\u00edvel, \u00e9 o afundamento do Cheonan, navio ins\u00edgnia da marinha sul-coreana, que naufragou em 26 de mar\u00e7o, em quest\u00e3o de minutos, matando 46 marinheiros e deixando dezenas de feridos.<\/p>\n<p>O governo da Coreia do Sul ordenou uma investiga\u00e7\u00e3o para saber se o fato foi em consequ\u00eancia de uma explos\u00e3o interna ou externa. Ao comprovar que vinha do exterior, acusou o governo de Pyongyang pelo afundamento do navio. A Coreia do Norte apenas dispunha de um velho modelo de torpedo de fabrica\u00e7\u00e3o sovi\u00e9tica. Carecia de qualquer outro elemento, exceto a l\u00f3gica mais simples. N\u00e3o podia sequer imaginar outra causa.<\/p>\n<p>No passado m\u00eas de mar\u00e7o, como primeiro passo, o governo da Coreia do Sul ordenou a ativa\u00e7\u00e3o dos alto-falantes de propaganda em 11 pontos da fronteira comum desmilitarizada que separa as duas Coreias.<\/p>\n<p>O alto comando das for\u00e7as armadas da Rep\u00fablica Popular Democr\u00e1tica da Coreia, de sua parte, declarou que destruiria os alto-falantes t\u00e3o logo fosse reatada essa medida, que tinha sido suspensa no ano de 2004. A Rep\u00fablica Popular Democr\u00e1tica da Coreia declarou textualmente que converteria Se\u00fal em um &#8220;mar de fogo&#8221;.<\/p>\n<p>Sexta-feira passada, o ex\u00e9rcito da Coreia do Sul anunciou que a iniciaria t\u00e3o logo o Conselho de Seguran\u00e7a anunciasse suas medidas, pelo afundamento do navio sul-coreano Cheonan. Ambas as rep\u00fablicas coreanas j\u00e1 est\u00e3o com o dedo no gatilho.<\/p>\n<p>O governo da Coreia do Sul nem sequer podia imaginar que seu estreito aliado, os Estados Unidos, tinha colocado uma mina no fundo do Cheonan, como relata em um artigo o jornalista investigador Wayne Madsen, publicado pelo Global Research, em 1\u00ba de junho de 2010, com uma explica\u00e7\u00e3o coerente do acontecido. Fundamenta-se no fato de que a Coreia do Norte n\u00e3o possui nenhum tipo de missil ou instrumento algum para afundar o Cheonan, que n\u00e3o pudesse ter sido detectado pelos sofisticados equipamentos do ca\u00e7a-submarinos.<\/p>\n<p>A Coreia do Norte tinha sido acusada de uma coisa que n\u00e3o fez, o que determinou a viagem urgente de Kim Jong Il \u00e0 China, num trem blindado.<\/p>\n<p>Quando estes fatos se produzem de s\u00fabito, na mente do governo da Coreia do Sul n\u00e3o havia, nem h\u00e1 espa\u00e7o, para outra causa poss\u00edvel.<\/p>\n<p>Em meio do ambiente esportivo e alegre, o c\u00e9u escurece-se cada vez mais.<\/p>\n<p>As inten\u00e7\u00f5es dos Estados Unidos s\u00e3o \u00f3bvias desde h\u00e1 algum tempo, na medida em que seu governo age obrigado por seus pr\u00f3prios des\u00edgnios sem alternativas poss\u00edveis.<\/p>\n<p>Seu prop\u00f3sito \u2014acostumados \u00e0 imposi\u00e7\u00e3o de seus des\u00edgnios pela for\u00e7a\u2014, \u00e9 que Israel ataque as instala\u00e7\u00f5es produtoras de ur\u00e2nio enriquecido no Ir\u00e3, utilizando os mais modernos avi\u00f5es e o armamento sofisticado que, irresponsavelmente, a grande pot\u00eancia lhe fornece. Os Estados Unidos sugeriram a Israel, que n\u00e3o tem fronteiras com o Ir\u00e3, que solicitasse \u00e0 Ar\u00e1bia Saudita permiss\u00e3o para sobrevoar o pa\u00eds por um longo e estreito corredor a\u00e9reo, encurtando consideravelmente a dist\u00e2ncia entre o ponto de partida dos avi\u00f5es atacantes e os objetivos a destruir.<\/p>\n<p>Segundo o plano, que em suas partes essenciais foi divulgado pelos \u00f3rg\u00e3os de intelig\u00eancia de Israel, esquadrilhas de avi\u00f5es atacar\u00e3o uma e outra vez, at\u00e9 esmagar os objetivos.<\/p>\n<p>Em 12 de junho passado, importantes \u00f3rg\u00e3os da m\u00eddia ocidental publicaram a not\u00edcia acerca de um corredor a\u00e9reo concedido pela Ar\u00e1bia Saudita a Israel, ap\u00f3s acordo com o Departamento de Estado norte-americano, com o objetivo de fazer testes de voo com os ca\u00e7a-bombardeiros israelenses para atacar de surpresa o Ir\u00e3, que estes j\u00e1 tinham realizado no espa\u00e7o a\u00e9reo saudita.<\/p>\n<p>Porta-vozes de Israel nada negaram, declarando apenas que os mencionados pa\u00edses tinham mais medo do desenvolvimento nuclear iraniano que o pr\u00f3prio Israel.<\/p>\n<p>Em 13 de junho, quando o Times de Londres publicou uma informa\u00e7\u00e3o extra\u00edda de fontes de intelig\u00eancia, assegurando que a Ar\u00e1bia Saudita divulgara um acordo que concede permiss\u00e3o a Israel para a passagem por um corredor a\u00e9reo sobre seu territ\u00f3rio para o ataque a Ir\u00e3, o presidente Ahmadinejad declarou &#8211; ao receber as cartas credenciais do novo embaixador saudita em Teer\u00e3, Mohamad ibn Abbas al Kalabi &#8211; que havia muitos inimigos que n\u00e3o desejavam rela\u00e7\u00f5es estreitas entre ambos os pa\u00edses.&#8221;&#8230;Mas se o Ir\u00e3 e a Ar\u00e1bia Saudita permanecem um ao lado do outro, esses inimigos abrir\u00e3o m\u00e3o de continuarem com a agress\u00e3o\u2026 &#8220;.<\/p>\n<p>Do ponto de vista iraniano, segundo a minha opini\u00e3o, essas declara\u00e7\u00f5es eram justificadas, quaisquer que fossem as suas raz\u00f5es para o fazer. Possivelmente n\u00e3o desejava ferir no m\u00ednimo poss\u00edvel seus vizinhos \u00e1rabes.<\/p>\n<p>Os ianques n\u00e3o disseram uma \u00fanica palavra, o que reflete mais do que nunca seu desejo fervente de varrerem o governo nacionalista que dirige o Ir\u00e3.<\/p>\n<p>\u00c9 preciso perguntar agora quando o Conselho de Seguran\u00e7a examinar\u00e1 o tema do afundamento do Cheonan, outrora navio ins\u00edgnia da armada sul-coreana; que conduta seguir\u00e1 depois que os dedos nos gatilhos das armas na pen\u00ednsula coreana as fa\u00e7am disparar; se \u00e9 verdade ou n\u00e3o que a Ar\u00e1bia Saudita, de acordo com o Departamento de Estado, autorizou um corredor a\u00e9reo para que as esquadrilhas de modernos bombardeiros israelenses ataquem as instala\u00e7\u00f5es iranianas, o que possibilita, inclusive, o emprego das armas nucleares fornecidas pelos Estados Unidos.<\/p>\n<p>Fidel Castro Ruz (resumo)<\/p>\n<p>Junho 16 de 2010<\/p>\n","protected":false},"excerpt":{"rendered":"\n\n\nCr\u00e9dito: Granma\n\n\n\n\n\n\n\n\nPor Fidel Castro\n<a class=\"moretag\" href=\"https:\/\/pcb.org.br\/portal2\/584\"> <\/a>","protected":false},"author":1,"featured_media":0,"comment_status":"open","ping_status":"open","sticky":false,"template":"","format":"standard","meta":{"jetpack_post_was_ever_published":false,"_jetpack_newsletter_access":"","_jetpack_dont_email_post_to_subs":false,"_jetpack_newsletter_tier_id":0,"_jetpack_memberships_contains_paywalled_content":false,"_jetpack_memberships_contains_paid_content":false,"footnotes":"","jetpack_publicize_message":"","jetpack_publicize_feature_enabled":true,"jetpack_social_post_already_shared":false,"jetpack_social_options":{"image_generator_settings":{"template":"highway","default_image_id":0,"font":"","enabled":false},"version":2}},"categories":[38],"tags":[],"class_list":["post-584","post","type-post","status-publish","format-standard","hentry","category-c43-imperialismo"],"jetpack_publicize_connections":[],"jetpack_featured_media_url":"","jetpack_shortlink":"https:\/\/wp.me\/p659gw-9q","jetpack-related-posts":[],"jetpack_likes_enabled":true,"jetpack_sharing_enabled":true,"_links":{"self":[{"href":"https:\/\/pcb.org.br\/portal2\/wp-json\/wp\/v2\/posts\/584","targetHints":{"allow":["GET"]}}],"collection":[{"href":"https:\/\/pcb.org.br\/portal2\/wp-json\/wp\/v2\/posts"}],"about":[{"href":"https:\/\/pcb.org.br\/portal2\/wp-json\/wp\/v2\/types\/post"}],"author":[{"embeddable":true,"href":"https:\/\/pcb.org.br\/portal2\/wp-json\/wp\/v2\/users\/1"}],"replies":[{"embeddable":true,"href":"https:\/\/pcb.org.br\/portal2\/wp-json\/wp\/v2\/comments?post=584"}],"version-history":[{"count":0,"href":"https:\/\/pcb.org.br\/portal2\/wp-json\/wp\/v2\/posts\/584\/revisions"}],"wp:attachment":[{"href":"https:\/\/pcb.org.br\/portal2\/wp-json\/wp\/v2\/media?parent=584"}],"wp:term":[{"taxonomy":"category","embeddable":true,"href":"https:\/\/pcb.org.br\/portal2\/wp-json\/wp\/v2\/categories?post=584"},{"taxonomy":"post_tag","embeddable":true,"href":"https:\/\/pcb.org.br\/portal2\/wp-json\/wp\/v2\/tags?post=584"}],"curies":[{"name":"wp","href":"https:\/\/api.w.org\/{rel}","templated":true}]}}