{"id":5870,"date":"2014-02-10T01:50:25","date_gmt":"2014-02-10T01:50:25","guid":{"rendered":"http:\/\/pcb.org.br\/portal2\/?p=5870"},"modified":"2014-02-10T01:50:25","modified_gmt":"2014-02-10T01:50:25","slug":"o-que-nao-te-contam-sobre-os-qrebeldesq-que-estao-aterrorizando-o-povo-sirio","status":"publish","type":"post","link":"https:\/\/pcb.org.br\/portal2\/5870","title":{"rendered":"O que n\u00e3o te contam sobre os &#8220;rebeldes&#8221; que est\u00e3o aterrorizando o povo s\u00edrio"},"content":{"rendered":"\n<p>O v\u00eddeo mostra \u00a0como homens-bomba na Ar\u00e1bia Saudita s\u00e3o leiloados por 300.000 euros, e o perd\u00e3o concedido aos \u00a0condenados que concordem ir para lutar na S\u00edria. Al\u00e9m de subornos a alguns cidad\u00e3os s\u00edrios dentro do pa\u00eds e a entrada de arma.<\/p>\n<p>Da mesma forma, o \u00a0Qatar recruta secretamente em v\u00e1rios pa\u00edses como \u00a0 o Afeganist\u00e3o, Paquist\u00e3o, I\u00eamen e Chech\u00eania, atrav\u00e9s de organiza\u00e7\u00f5es de fachada como os locais de trabalho para estrangeiros , onde se d\u00e1 os treinamentos militares \u00a0e a doutrina\u00e7\u00e3o ideol\u00f3gica antes de serem enviados para a S\u00edria em aeronaves militares da Turquia. No Egito ,na Tun\u00edsia e naTurquia tamb\u00e9m h\u00e1 recrutamentos terroristas atrav\u00e9s da Irmandade Mu\u00e7ulmana. Brigadas inteiras de mercen\u00e1rios, que foram usadas na L\u00edbia, foram integradas ao Ex\u00e9rcito S\u00edrio Livre . Eles s\u00e3o apresentados com fotos, nomes e curr\u00edculos.<\/p>\n<p>Hoje, os terroristas mercen\u00e1rios v\u00eam de mais de 83 pa\u00edses em 5 continentes . Recebem \u00a0armas, incluindo m\u00edsseis ar sofisticados, de fabrica\u00e7\u00e3o ocidental , principalmente, \u00a0da Turquia , com a cumplicidade da NATO.<\/p>\n<p>Eles recebem treinamentos de assessoria militar de pa\u00edses ocidentais. \u00a0Lembremo-nos do caso dos oficiais franceses em Baba Arm, capturados pelo Ex\u00e9rcito \u00c1rabe da S\u00edria.<\/p>\n<p>Apesar das tentativas de suborno, houve muito poucas deser\u00e7\u00f5es no Ex\u00e9rcito \u00c1rabe da S\u00edria. Enquanto a m\u00eddia as amplificava falsamente, \u00a0ocultava as deser\u00e7\u00f5es do mercen\u00e1rio exerc\u00edcio livre, como ficou mais claro atualmente.<\/p>\n<p>O v\u00eddeo prova que o Ex\u00e9rcito S\u00edrio Livre n\u00e3o \u00e9 nem um ex\u00e9rcito, nem livre , nem \u00e9 s\u00edrio. Sem os \u00a0mercen\u00e1rios estrangeiros n\u00e3o existe o Ex\u00e9rcito S\u00edrio Livre. Mostra sua atual decomposi\u00e7\u00e3o e o verdadeiro caos entre \u00a0seus distintos grup\u00f3s.<\/p>\n<p>O v\u00eddeo tamb\u00e9m \u00a0mostra que a diferen\u00e7a entre os grupos terroristas e a &#8220;oposi\u00e7\u00e3o moderada&#8221;, patrocinada pelos EUA, \u00a0n\u00e3o existe , nunca existiu .<\/p>\n<p>Todos s\u00e3o alimentados com dinheiro, armas e assessoramento militar \u00a0dos EUA, Israel e da OTAN. Usados \u200b\u200bpara desestabilizar a S\u00edria como foi feito no Afeganist\u00e3o , na Chech\u00eania , na Yugosl\u00e1via e na L\u00edbia .<\/p>\n<p>Estes mercen\u00e1rios , que s\u00e3o os mais baratos do mercado , foram enganados. N\u00e3o s\u00f3 \u00a0est\u00e3o condenados a servir de bucha de canh\u00e3o das pot\u00eancias ocidentais que cr\u00eaem combater (EUA e Israel). Destes, cerca de 10 mil j\u00e1 foram mortos, outros destes foram\/s\u00e3o roubado seus \u00f3rg\u00e3os, como j\u00e1 aconteceu na Turquia.<\/p>\n<p>Mas outros desses mercen\u00e1rios, \u00a0j\u00e1 perceberam que por tr\u00e1s da Jihad est\u00e3o os servi\u00e7os de intelig\u00eancia estrangeiros. Por outro lado a mesma coisa que aconteceu no Ex\u00e9rcito dos EUA , onde muitos soldados se recusam a ir para lutar ao lado da Al-Qaeda . As mentiras s\u00e3o cada vez mais evidente para todos, especialmente para o povo s\u00edrio que continua sofrendo suas consequ\u00eancias.<\/p>\n<p>38min<\/p>\n<p>Direcci\u00f3n: Alfredo Embid<\/p>\n<p>Realizacion y narracion: Ernesto Feilberg<\/p>\n<p>Musica: Aphodite&#8217;s Child y Celta Cortos<\/p>\n<p><span class=\"embed-youtube\" style=\"text-align:center; display: block;\"><iframe loading=\"lazy\" class=\"youtube-player\" width=\"747\" height=\"421\" src=\"https:\/\/www.youtube.com\/embed\/GcmzV2mX8yA?version=3&#038;rel=1&#038;showsearch=0&#038;showinfo=1&#038;iv_load_policy=1&#038;fs=1&#038;hl=pt-BR&#038;autohide=2&#038;wmode=transparent\" allowfullscreen=\"true\" style=\"border:0;\" sandbox=\"allow-scripts allow-same-origin allow-popups allow-presentation allow-popups-to-escape-sandbox\"><\/iframe><\/span><\/p>\n<p>http:\/\/somostodospalestinos.blogspot.com.br\/2014\/02\/o-que-nao-te-contam-sobre-os-rebeldes.html<\/p>\n","protected":false},"excerpt":{"rendered":"  \n<a class=\"moretag\" href=\"https:\/\/pcb.org.br\/portal2\/5870\"> <\/a>","protected":false},"author":1,"featured_media":0,"comment_status":"open","ping_status":"open","sticky":false,"template":"","format":"standard","meta":{"jetpack_post_was_ever_published":false,"_jetpack_newsletter_access":"","_jetpack_dont_email_post_to_subs":false,"_jetpack_newsletter_tier_id":0,"_jetpack_memberships_contains_paywalled_content":false,"_jetpack_memberships_contains_paid_content":false,"footnotes":"","jetpack_publicize_message":"","jetpack_publicize_feature_enabled":true,"jetpack_social_post_already_shared":false,"jetpack_social_options":{"image_generator_settings":{"template":"highway","default_image_id":0,"font":"","enabled":false},"version":2}},"categories":[38],"tags":[],"class_list":["post-5870","post","type-post","status-publish","format-standard","hentry","category-c43-imperialismo"],"jetpack_publicize_connections":[],"jetpack_featured_media_url":"","jetpack_shortlink":"https:\/\/wp.me\/p659gw-1wG","jetpack-related-posts":[],"jetpack_likes_enabled":true,"jetpack_sharing_enabled":true,"_links":{"self":[{"href":"https:\/\/pcb.org.br\/portal2\/wp-json\/wp\/v2\/posts\/5870","targetHints":{"allow":["GET"]}}],"collection":[{"href":"https:\/\/pcb.org.br\/portal2\/wp-json\/wp\/v2\/posts"}],"about":[{"href":"https:\/\/pcb.org.br\/portal2\/wp-json\/wp\/v2\/types\/post"}],"author":[{"embeddable":true,"href":"https:\/\/pcb.org.br\/portal2\/wp-json\/wp\/v2\/users\/1"}],"replies":[{"embeddable":true,"href":"https:\/\/pcb.org.br\/portal2\/wp-json\/wp\/v2\/comments?post=5870"}],"version-history":[{"count":0,"href":"https:\/\/pcb.org.br\/portal2\/wp-json\/wp\/v2\/posts\/5870\/revisions"}],"wp:attachment":[{"href":"https:\/\/pcb.org.br\/portal2\/wp-json\/wp\/v2\/media?parent=5870"}],"wp:term":[{"taxonomy":"category","embeddable":true,"href":"https:\/\/pcb.org.br\/portal2\/wp-json\/wp\/v2\/categories?post=5870"},{"taxonomy":"post_tag","embeddable":true,"href":"https:\/\/pcb.org.br\/portal2\/wp-json\/wp\/v2\/tags?post=5870"}],"curies":[{"name":"wp","href":"https:\/\/api.w.org\/{rel}","templated":true}]}}