{"id":5877,"date":"2014-02-14T16:40:56","date_gmt":"2014-02-14T16:40:56","guid":{"rendered":"http:\/\/pcb.org.br\/portal2\/?p=5877"},"modified":"2014-02-14T16:40:56","modified_gmt":"2014-02-14T16:40:56","slug":"as-classes-dominantes-querem-tirar-o-povo-da-rua","status":"publish","type":"post","link":"https:\/\/pcb.org.br\/portal2\/5877","title":{"rendered":"As classes dominantes querem tirar o povo da rua!"},"content":{"rendered":"\n<p>12 de fevereiro de 2014<\/p>\n<p>O PCB lamenta profundamente a morte de mais um trabalhador brasileiro, desta vez a do jornalista Santiago Andrade. Essa morte engrossa a estat\u00edstica de milhares de trabalhadores, v\u00edtimas da barb\u00e1rie capitalista que assalta nosso pa\u00eds.<\/p>\n<p>As circunst\u00e2ncias em que ocorreram a morte do cinegrafista Santiago Andrade est\u00e3o sendo exploradas da forma mais c\u00ednica pela m\u00eddia dominante, m\u00eddia esta que faz quest\u00e3o de esquecer as mortes de alguns outros trabalhadores como C\u00edcero Guedes, l\u00edder do MST, em Campos, ou mesmo de seres humanos marginalizados desta sociedade como o pedreiro Amarildo, ou aqueles que s\u00e3o v\u00edtimas da viol\u00eancia da pol\u00edcia de Beltrame, no Juramento, na Vila Cruzeiro, na Pedreira.<\/p>\n<p>Sentimos um enorme pesar pelo falecimento do cinegrafista, por\u00e9m s\u00e3o muitas as m\u00e3os que est\u00e3o sujas de sangue neste momento. A responsabilidade n\u00e3o \u00e9 apenas de quem acendeu o pavio, seja quem for.<\/p>\n<p>A chama que acendeu o pavio, na verdade, j\u00e1 estava por a\u00ed h\u00e1 muito tempo. O aumento das passagens, inviabilizando o deslocamento da maioria da popula\u00e7\u00e3o pela cidade e o seu entorno; a carestia dos alimentos; as obras superfaturadas, financiadas pelo dinheiro p\u00fablico, que nos passam diariamente pela cara; a prec\u00e1ria e assustadora situa\u00e7\u00e3o da sa\u00fade p\u00fablica que, privatizada, transformou-se em mercadoria; as constantes chacinas perpetradas pela pol\u00edcia (na \u00faltima delas, no Morro do Juramento, no dia 05\/02\/2014, seis pessoas foram executadas por policiais); as remo\u00e7\u00f5es de dezenas de comunidades para dar espa\u00e7o para a Copa do Mundo e Olimp\u00edadas; e tantos outros exemplos de injusti\u00e7as e abusos que simplesmente n\u00e3o cabem no pequeno espa\u00e7o dessa nota, alimentaram essa chama e a transformaram numa imensa labareda.<\/p>\n<p>O ac\u00famulo, portanto, de toda essa situa\u00e7\u00e3o de explora\u00e7\u00e3o e esgotamento da classe trabalhadora, do povo brasileiro, levou milh\u00f5es de pessoas \u00e0s ruas para protestar. Os protestos e todas as entidades, movimentos, partidos e grupos que ganharam as ruas n\u00e3o s\u00e3o a causa da viol\u00eancia. Eles s\u00e3o a consequ\u00eancia e a resposta a uma viol\u00eancia ainda maior: a fome, a mis\u00e9ria, o desemprego e o descaso com que s\u00e3o vistos e tratados aqueles que pertencem \u00e0 classe trabalhadora. E \u00e9 isso que a m\u00eddia, com seu poder de persuas\u00e3o, tenta esconder da popula\u00e7\u00e3o, buscando de forma ardilosa jogar a maior parte das pessoas contra os manifestantes. E eles n\u00e3o t\u00eam limites para isso! Est\u00e3o usando a morte do cinegrafista como um grande \u00e1libi para desmobilizar as manifesta\u00e7\u00f5es e criminalizar aqueles que est\u00e3o nas ruas. Isentam, por exemplo, de qualquer responsabilidade, a emissora de TV Bandeirantes diante do ocorrido. Como pode um profissional ser enviado para uma zona de conflitos sem que lhe seja fornecido qualquer equipamento b\u00e1sico de seguran\u00e7a? Se o cinegrafista estivesse com um mero capacete, por exemplo, isso teria salvado sua vida. Mas, mais uma vez, como estamos falando da vida de um trabalhador, isso n\u00e3o tem a menor import\u00e2ncia para essa elite dominante. O que importa para eles \u00e9 que acabaram por ganhar uma \u201cexcelente\u201d oportunidade de deslegitimar e criminalizar as manifesta\u00e7\u00f5es.<\/p>\n<p>Cabe lembrar que foram muitos os casos de jornalistas feridos nas manifesta\u00e7\u00f5es, a grande maioria pela pol\u00edcia e suas bombas e balas de borracha, quando deveriam estar devidamente protegidos pelas suas emissoras. Com repress\u00e3o, coer\u00e7\u00e3o e muita trucul\u00eancia, os governantes t\u00eam utilizado o aparato do Estado para barrar os interesses da popula\u00e7\u00e3o e defender os interesses dos setores privados. Essa \u00e9 a resposta que esse regime, chamado de democr\u00e1tico, tem nos oferecido. Para garantir a manuten\u00e7\u00e3o dos privil\u00e9gios de poucos, a maioria das pessoas s\u00e3o coagidas a abrir m\u00e3o de suas vidas e dos seus sonhos. S\u00e3o levadas, portanto, a levar uma vida insuficiente e desgra\u00e7ada para satisfazer a gan\u00e2ncia de uma minoria. E n\u00e3o tenham d\u00favida. A grande m\u00eddia tem um papel central nessa tarefa de transformar esses interesses particulares em interesses universais. Neste momento, o movimento social consequente se v\u00ea sob ataque de uma imprensa dominada no pa\u00eds por cinco ou seis fam\u00edlias. A pretexto de lamentar a morte do cinegrafista monta-se uma farsa tipicamente de regimes totalit\u00e1rios, numa tentativa de criminalizar quem denuncia as mazelas e os podres poderes da sociedade brasileira.<\/p>\n<p>Portanto, n\u00e3o h\u00e1 mais espa\u00e7o para respostas individuais e voluntaristas dos que resistem. O n\u00edvel de conscientiza\u00e7\u00e3o dos manifestantes cresce em fun\u00e7\u00e3o da sofistica\u00e7\u00e3o dos ataques vindos dos poderosos, e com ele cresce tamb\u00e9m a necessidade de maior organiza\u00e7\u00e3o e unidade para que erros n\u00e3o se repitam. Ao contr\u00e1rio do que nos querem fazer crer, quanto mais desorganizadas e espontane\u00edstas forem as manifesta\u00e7\u00f5es, mais sujeitas a infiltra\u00e7\u00f5es e ataques elas ser\u00e3o.<\/p>\n<p>Por isso, esse circo montado e patrocinado pela grande m\u00eddia, em suas coberturas das manifesta\u00e7\u00f5es, est\u00e1 longe de ser o leg\u00edtimo direito de informar. O que eles desejam \u00e9 a desinforma\u00e7\u00e3o e a invers\u00e3o dos fatos para esconder suas verdadeiras inten\u00e7\u00f5es e responsabilidades em todas essas trag\u00e9dias. O que eles desejam e tentam conseguir a qualquer custo \u00e9 amorda\u00e7ar o povo e imobiliz\u00e1-lo para a luta. N\u00e3o por outro motivo, querem acabar com os protestos e tirar a popula\u00e7\u00e3o das ruas! N\u00e3o conseguir\u00e3o! Como dizia Che Guevara: &#8220;Os poderosos podem matar uma, duas, tr\u00eas flores, mas jamais conseguir\u00e3o deter a primavera&#8221;. Se a Copa \u00e9 comprovadamente dos ricos, as ruas jamais deixar\u00e3o de ser nossas!<\/p>\n","protected":false},"excerpt":{"rendered":"\nPela Comiss\u00e3o Pol\u00edtica Regional\n<a class=\"moretag\" href=\"https:\/\/pcb.org.br\/portal2\/5877\"> <\/a>","protected":false},"author":1,"featured_media":0,"comment_status":"open","ping_status":"open","sticky":false,"template":"","format":"standard","meta":{"jetpack_post_was_ever_published":false,"_jetpack_newsletter_access":"","_jetpack_dont_email_post_to_subs":false,"_jetpack_newsletter_tier_id":0,"_jetpack_memberships_contains_paywalled_content":false,"_jetpack_memberships_contains_paid_content":false,"footnotes":"","jetpack_publicize_message":"","jetpack_publicize_feature_enabled":true,"jetpack_social_post_already_shared":false,"jetpack_social_options":{"image_generator_settings":{"template":"highway","default_image_id":0,"font":"","enabled":false},"version":2}},"categories":[88],"tags":[],"class_list":["post-5877","post","type-post","status-publish","format-standard","hentry","category-c101-criminalizacao"],"jetpack_publicize_connections":[],"jetpack_featured_media_url":"","jetpack_shortlink":"https:\/\/wp.me\/p659gw-1wN","jetpack-related-posts":[],"jetpack_likes_enabled":true,"jetpack_sharing_enabled":true,"_links":{"self":[{"href":"https:\/\/pcb.org.br\/portal2\/wp-json\/wp\/v2\/posts\/5877","targetHints":{"allow":["GET"]}}],"collection":[{"href":"https:\/\/pcb.org.br\/portal2\/wp-json\/wp\/v2\/posts"}],"about":[{"href":"https:\/\/pcb.org.br\/portal2\/wp-json\/wp\/v2\/types\/post"}],"author":[{"embeddable":true,"href":"https:\/\/pcb.org.br\/portal2\/wp-json\/wp\/v2\/users\/1"}],"replies":[{"embeddable":true,"href":"https:\/\/pcb.org.br\/portal2\/wp-json\/wp\/v2\/comments?post=5877"}],"version-history":[{"count":0,"href":"https:\/\/pcb.org.br\/portal2\/wp-json\/wp\/v2\/posts\/5877\/revisions"}],"wp:attachment":[{"href":"https:\/\/pcb.org.br\/portal2\/wp-json\/wp\/v2\/media?parent=5877"}],"wp:term":[{"taxonomy":"category","embeddable":true,"href":"https:\/\/pcb.org.br\/portal2\/wp-json\/wp\/v2\/categories?post=5877"},{"taxonomy":"post_tag","embeddable":true,"href":"https:\/\/pcb.org.br\/portal2\/wp-json\/wp\/v2\/tags?post=5877"}],"curies":[{"name":"wp","href":"https:\/\/api.w.org\/{rel}","templated":true}]}}