{"id":5914,"date":"2014-02-25T02:35:36","date_gmt":"2014-02-25T02:35:36","guid":{"rendered":"http:\/\/pcb.org.br\/portal2\/?p=5914"},"modified":"2014-02-25T02:35:36","modified_gmt":"2014-02-25T02:35:36","slug":"qterra-trabalho-e-tetoq","status":"publish","type":"post","link":"https:\/\/pcb.org.br\/portal2\/5914","title":{"rendered":"&#8220;Terra, Trabalho e Teto!&#8221;"},"content":{"rendered":"\n<p>O Secret\u00e1rio Geral do PCB, Ivan Pinheiro, visitou na semana passada a Ocupa\u00e7\u00e3o Amarildo de Souza, em Florian\u00f3polis, para registrar a solidariedade e o apoio militante do Partido a mais esta importante luta da classe trabalhadora contra a opress\u00e3o do capital e por melhores condi\u00e7\u00f5es de vida.<\/p>\n<p>Em dois dias de atividades, o camarada se reuniu com a milit\u00e2ncia do Partido e com a Coordena\u00e7\u00e3o da Ocupa\u00e7\u00e3o Amarildo \u2013 que conta com a participa\u00e7\u00e3o ativa de militantes do PCB e da UJC -, para conhecer com detalhes a situa\u00e7\u00e3o da ocupa\u00e7\u00e3o, seus desafios e possibilidades, aprendendo e procurando contribuir no debate dos desdobramentos t\u00e1ticos e estrat\u00e9gicos da iniciativa.<\/p>\n<p>A proposta da Ocupa\u00e7\u00e3o Amarildo \u00e9 de se constituir como um assentamento que se paute pela organiza\u00e7\u00e3o dos trabalhadores, com a produ\u00e7\u00e3o coletiva de alimentos e outros produtos. A bandeira do movimento expressa com clareza suas principais reivindica\u00e7\u00f5es: &#8220;Terra, Trabalho e Teto!&#8221;<\/p>\n<p>Ivan Pinheiro valorizou a forma de organiza\u00e7\u00e3o e de luta direta da ocupa\u00e7\u00e3o, como um bom exemplo da for\u00e7a do Poder Popular. Por outro lado, o camarada orientou a milit\u00e2ncia do PCB e da UJC a jogar todas as energias ao seu alcance para a vit\u00f3ria do movimento, mas sempre levando em conta a necessidade de manter a unidade com outras for\u00e7as de esquerda e progressistas, ampliar a solidariedade popular \u00e0 ocupa\u00e7\u00e3o e dar um exemplo militante de que o mais importante \u00e9 a organiza\u00e7\u00e3o e a democracia do movimento, ou seja, que o PCB est\u00e1 l\u00e1 porque \u00e9 uma organiza\u00e7\u00e3o revolucion\u00e1ria e n\u00e3o para aparecer, aparelhar ou por qualquer tipo de oportunismo.<\/p>\n<p>(Na foto, militantes do PCB e da UJC que acompanharam a visita de Ivan Pinheiro \u00e0 ocupa\u00e7\u00e3o, em frente \u00e0 barraca que mant\u00eam no local)<\/p>\n","protected":false},"excerpt":{"rendered":"\n(Secret\u00e1rio Geral do PCB visita a Ocupa\u00e7\u00e3o Amarildo de Souza, em Florian\u00f3polis)\n<a class=\"moretag\" href=\"https:\/\/pcb.org.br\/portal2\/5914\"> <\/a>","protected":false},"author":1,"featured_media":0,"comment_status":"open","ping_status":"open","sticky":false,"template":"","format":"standard","meta":{"jetpack_post_was_ever_published":false,"_jetpack_newsletter_access":"","_jetpack_dont_email_post_to_subs":false,"_jetpack_newsletter_tier_id":0,"_jetpack_memberships_contains_paywalled_content":false,"_jetpack_memberships_contains_paid_content":false,"footnotes":"","jetpack_publicize_message":"","jetpack_publicize_feature_enabled":true,"jetpack_social_post_already_shared":false,"jetpack_social_options":{"image_generator_settings":{"template":"highway","default_image_id":0,"font":"","enabled":false},"version":2}},"categories":[23],"tags":[],"class_list":["post-5914","post","type-post","status-publish","format-standard","hentry","category-c29-organizacao"],"jetpack_publicize_connections":[],"jetpack_featured_media_url":"","jetpack_shortlink":"https:\/\/wp.me\/p659gw-1xo","jetpack-related-posts":[],"jetpack_likes_enabled":true,"jetpack_sharing_enabled":true,"_links":{"self":[{"href":"https:\/\/pcb.org.br\/portal2\/wp-json\/wp\/v2\/posts\/5914","targetHints":{"allow":["GET"]}}],"collection":[{"href":"https:\/\/pcb.org.br\/portal2\/wp-json\/wp\/v2\/posts"}],"about":[{"href":"https:\/\/pcb.org.br\/portal2\/wp-json\/wp\/v2\/types\/post"}],"author":[{"embeddable":true,"href":"https:\/\/pcb.org.br\/portal2\/wp-json\/wp\/v2\/users\/1"}],"replies":[{"embeddable":true,"href":"https:\/\/pcb.org.br\/portal2\/wp-json\/wp\/v2\/comments?post=5914"}],"version-history":[{"count":0,"href":"https:\/\/pcb.org.br\/portal2\/wp-json\/wp\/v2\/posts\/5914\/revisions"}],"wp:attachment":[{"href":"https:\/\/pcb.org.br\/portal2\/wp-json\/wp\/v2\/media?parent=5914"}],"wp:term":[{"taxonomy":"category","embeddable":true,"href":"https:\/\/pcb.org.br\/portal2\/wp-json\/wp\/v2\/categories?post=5914"},{"taxonomy":"post_tag","embeddable":true,"href":"https:\/\/pcb.org.br\/portal2\/wp-json\/wp\/v2\/tags?post=5914"}],"curies":[{"name":"wp","href":"https:\/\/api.w.org\/{rel}","templated":true}]}}