{"id":5920,"date":"2014-02-27T18:07:39","date_gmt":"2014-02-27T18:07:39","guid":{"rendered":"http:\/\/pcb.org.br\/portal2\/?p=5920"},"modified":"2014-02-27T18:07:39","modified_gmt":"2014-02-27T18:07:39","slug":"partido-comunista-da-ucrania-anuncia-criacao-de-milicias-populares-antifascistas","status":"publish","type":"post","link":"https:\/\/pcb.org.br\/portal2\/5920","title":{"rendered":"Partido Comunista da Ucr\u00e2nia anuncia cria\u00e7\u00e3o de mil\u00edcias populares antifascistas"},"content":{"rendered":"\n<p>Ucr\u00e2nia &#8211; <a href=\"http:\/\/histoireetsociete.wordpress.com\/\" target=\"_blank\">Histoire et Societe<\/a> &#8211; [Tradu\u00e7\u00e3o do Di\u00e1rio Liberdade] Os comit\u00eas locais do Partido Comunista da Ucr\u00e2nia (PCU) criaram, nas regi\u00f5es do este do pa\u00eds, mil\u00edcias populares para lutar contra os neonazis apoiados pela Union Europeia, o conhecido como Euromaidan.<\/p>\n<p>Depois de em Odessa, Stakhanov, Simferopol e Dnipropetrovsk, o PCU j\u00e1 criou organizou mil\u00edcias em Louhansk e Zaporizhia.<\/p>\n<p>A cria\u00e7\u00e3o da mil\u00edcia comunista de Zaporizhia foi anunciada pelo Secret\u00e1rio Geral do PCU da regi\u00e3o, Vitaly Misha. A iniciativa partiu dos pr\u00f3prios cidad\u00e3os e das organiza\u00e7\u00f5es p\u00fablicas, alarmados pela amea\u00e7a fascista. O objetivo destas mil\u00edcias \u00e9 a manuten\u00e7\u00e3o da ordem p\u00fablica, para impedir a desestabiliza\u00e7\u00e3o do oblast de Zaporizhia e bloquear todos os ataques do &#8220;banderismo&#8221; e resto de grupos de ultradireita.<\/p>\n<p>A deputada comunista do Conselho Regional, Elena Semenenko, pediu a proibi\u00e7\u00e3o do partido &#8220;Svoboda&#8221; no territ\u00f3rio de Zaporizhia.<\/p>\n<p>Tamb\u00e9m em Louhansk os comunistas criaram mil\u00edcias para responder aos fascistas. Os comunistas formaram uma mil\u00edcia com umas 200 pessoas, que se preparam para responder, visto o abandono e a permissividade da policia, aos terroristas do euromaidan.<\/p>\n<p>&#8220;A fun\u00e7\u00e3o destas mil\u00edcias \u00e9 a de proteger os cidad\u00e3os e os edif\u00edcios p\u00fablicos. O objetivo \u00e9 prevenir os conflitos e as provoca\u00e7\u00f5es&#8221;, segundo o Secret\u00e1rio Geral do PCU de Louhansk.<\/p>\n<p>No pr\u00f3ximo dia 8 de fevereiro est\u00e1 convocada uma grande marcha antifascista em Kiev e as mil\u00edcias aceitam pessoas volunt\u00e1rias para participar nela.<\/p>\n<p>Estas mil\u00edcias s\u00e3o compostas por membros de:<\/p>\n<p>&#8211; Os komsomols de Zaporizhia.<\/p>\n<p>&#8211; Os VSZHT &#8220;A juventude do futuro da Ucr\u00e2nia&#8221;.<\/p>\n<p>&#8211; A Guarda Eslava.<\/p>\n<p>&#8211; A Uni\u00e3o de Cidad\u00e3os da Ucr\u00e2nia.<\/p>\n<p>&#8211; O sindicato de servidores p\u00fablicos sovi\u00e9ticos.<\/p>\n<p>&#8211; A Organiza\u00e7\u00e3o de Veteranos Combatentes da Ucr\u00e2nia.<\/p>\n<p>&#8211; Os servidores p\u00fablicos.<\/p>\n<p>&#8211; Associa\u00e7\u00e3o de veteranos de Chernobyl.<\/p>\n<p>Os principais objetivos da mil\u00edcia s\u00e3o controlar a ordem p\u00fablica nas cidades, criar equipes de interven\u00e7\u00e3o antifascista, impedir a ocupa\u00e7\u00e3o de edif\u00edcios administrativos, lutar contra o vandalismo, proteger os monumentos em honra do glorioso passado sovi\u00e9tico da Ucr\u00e2nia e opor-se com todas suas for\u00e7as ao fascismo e \u00e0 pretensa reabilita\u00e7\u00e3o dos criminosos da UPA (o fascista Ex\u00e9rcito Insurreto Ucraniano).<\/p>\n","protected":false},"excerpt":{"rendered":"\n<a class=\"moretag\" href=\"https:\/\/pcb.org.br\/portal2\/5920\"> <\/a>","protected":false},"author":1,"featured_media":0,"comment_status":"open","ping_status":"open","sticky":false,"template":"","format":"standard","meta":{"jetpack_post_was_ever_published":false,"_jetpack_newsletter_access":"","_jetpack_dont_email_post_to_subs":false,"_jetpack_newsletter_tier_id":0,"_jetpack_memberships_contains_paywalled_content":false,"_jetpack_memberships_contains_paid_content":false,"footnotes":"","jetpack_publicize_message":"","jetpack_publicize_feature_enabled":true,"jetpack_social_post_already_shared":false,"jetpack_social_options":{"image_generator_settings":{"template":"highway","default_image_id":0,"font":"","enabled":false},"version":2}},"categories":[37],"tags":[],"class_list":["post-5920","post","type-post","status-publish","format-standard","hentry","category-c42-comunistas"],"jetpack_publicize_connections":[],"jetpack_featured_media_url":"","jetpack_shortlink":"https:\/\/wp.me\/p659gw-1xu","jetpack-related-posts":[],"jetpack_likes_enabled":true,"jetpack_sharing_enabled":true,"_links":{"self":[{"href":"https:\/\/pcb.org.br\/portal2\/wp-json\/wp\/v2\/posts\/5920","targetHints":{"allow":["GET"]}}],"collection":[{"href":"https:\/\/pcb.org.br\/portal2\/wp-json\/wp\/v2\/posts"}],"about":[{"href":"https:\/\/pcb.org.br\/portal2\/wp-json\/wp\/v2\/types\/post"}],"author":[{"embeddable":true,"href":"https:\/\/pcb.org.br\/portal2\/wp-json\/wp\/v2\/users\/1"}],"replies":[{"embeddable":true,"href":"https:\/\/pcb.org.br\/portal2\/wp-json\/wp\/v2\/comments?post=5920"}],"version-history":[{"count":0,"href":"https:\/\/pcb.org.br\/portal2\/wp-json\/wp\/v2\/posts\/5920\/revisions"}],"wp:attachment":[{"href":"https:\/\/pcb.org.br\/portal2\/wp-json\/wp\/v2\/media?parent=5920"}],"wp:term":[{"taxonomy":"category","embeddable":true,"href":"https:\/\/pcb.org.br\/portal2\/wp-json\/wp\/v2\/categories?post=5920"},{"taxonomy":"post_tag","embeddable":true,"href":"https:\/\/pcb.org.br\/portal2\/wp-json\/wp\/v2\/tags?post=5920"}],"curies":[{"name":"wp","href":"https:\/\/api.w.org\/{rel}","templated":true}]}}