{"id":5921,"date":"2014-02-27T18:10:32","date_gmt":"2014-02-27T18:10:32","guid":{"rendered":"http:\/\/pcb.org.br\/portal2\/?p=5921"},"modified":"2014-02-27T18:10:32","modified_gmt":"2014-02-27T18:10:32","slug":"nota-de-esclarecimento","status":"publish","type":"post","link":"https:\/\/pcb.org.br\/portal2\/5921","title":{"rendered":"NOTA DE ESCLARECIMENTO"},"content":{"rendered":"\n<p>O Partido Comunista Brasileiro no Amap\u00e1 (PCB\/AP) vem esclarecer que n\u00e3o integra as administra\u00e7\u00f5es p\u00fablicas do Munic\u00edpio de Macap\u00e1 e nem do Governo do Estado, embora tenha participado da alian\u00e7a que elegeu o atual prefeito da capital (Cl\u00e9cio Luiz, do Psol), em 2012.<\/p>\n<p>O PCB esclarece ainda que, por cordialidade, participou recentemente de um encontro a convite do Partido do Socialismo e Liberdade (Psol) e outras legendas pol\u00edticas.<\/p>\n<p>Por\u00e9m, n\u00e3o procede a not\u00edcia de que o PCB celebrou ou v\u00e1 celebrar coliga\u00e7\u00e3o com o Psol e outros partidos, pois nosso Partido ter\u00e1 candidaturas pr\u00f3prias, inclusive ao governo do Estado do Amap\u00e1 e ao Senado da Rep\u00fablica nas elei\u00e7\u00f5es de outubro pr\u00f3ximo, apresentando e defendendo as propostas e programas do PCB e est\u00e1 comprometido com entusiasmo para a pr\u00e9-candidatura do camarada Mauro Iasi \u00e0 Presid\u00eancia da Rep\u00fablica.<\/p>\n<p>Francione Dantas &#8211; Secretaria Pol\u00edtica do CR\/AP do PCB<\/p>\n<p>Macap\u00e1-AP, 24 de fevereiro de 2014.<\/p>\n","protected":false},"excerpt":{"rendered":"\nCOMIT\u00ca REGIONAL DO AMAP\u00c1\n<a class=\"moretag\" href=\"https:\/\/pcb.org.br\/portal2\/5921\"> <\/a>","protected":false},"author":1,"featured_media":0,"comment_status":"open","ping_status":"open","sticky":false,"template":"","format":"standard","meta":{"jetpack_post_was_ever_published":false,"_jetpack_newsletter_access":"","_jetpack_dont_email_post_to_subs":false,"_jetpack_newsletter_tier_id":0,"_jetpack_memberships_contains_paywalled_content":false,"_jetpack_memberships_contains_paid_content":false,"footnotes":"","jetpack_publicize_message":"","jetpack_publicize_feature_enabled":true,"jetpack_social_post_already_shared":false,"jetpack_social_options":{"image_generator_settings":{"template":"highway","default_image_id":0,"font":"","enabled":false},"version":2}},"categories":[26],"tags":[],"class_list":["post-5921","post","type-post","status-publish","format-standard","hentry","category-c25-notas-politicas-do-pcb"],"jetpack_publicize_connections":[],"jetpack_featured_media_url":"","jetpack_shortlink":"https:\/\/wp.me\/p659gw-1xv","jetpack-related-posts":[],"jetpack_likes_enabled":true,"jetpack_sharing_enabled":true,"_links":{"self":[{"href":"https:\/\/pcb.org.br\/portal2\/wp-json\/wp\/v2\/posts\/5921","targetHints":{"allow":["GET"]}}],"collection":[{"href":"https:\/\/pcb.org.br\/portal2\/wp-json\/wp\/v2\/posts"}],"about":[{"href":"https:\/\/pcb.org.br\/portal2\/wp-json\/wp\/v2\/types\/post"}],"author":[{"embeddable":true,"href":"https:\/\/pcb.org.br\/portal2\/wp-json\/wp\/v2\/users\/1"}],"replies":[{"embeddable":true,"href":"https:\/\/pcb.org.br\/portal2\/wp-json\/wp\/v2\/comments?post=5921"}],"version-history":[{"count":0,"href":"https:\/\/pcb.org.br\/portal2\/wp-json\/wp\/v2\/posts\/5921\/revisions"}],"wp:attachment":[{"href":"https:\/\/pcb.org.br\/portal2\/wp-json\/wp\/v2\/media?parent=5921"}],"wp:term":[{"taxonomy":"category","embeddable":true,"href":"https:\/\/pcb.org.br\/portal2\/wp-json\/wp\/v2\/categories?post=5921"},{"taxonomy":"post_tag","embeddable":true,"href":"https:\/\/pcb.org.br\/portal2\/wp-json\/wp\/v2\/tags?post=5921"}],"curies":[{"name":"wp","href":"https:\/\/api.w.org\/{rel}","templated":true}]}}