{"id":5926,"date":"2014-02-27T18:35:13","date_gmt":"2014-02-27T18:35:13","guid":{"rendered":"http:\/\/pcb.org.br\/portal2\/?p=5926"},"modified":"2014-02-27T18:35:13","modified_gmt":"2014-02-27T18:35:13","slug":"venezuela-fascismo-ou-revolucao-radical","status":"publish","type":"post","link":"https:\/\/pcb.org.br\/portal2\/5926","title":{"rendered":"VENEZUELA: FASCISMO OU REVOLU\u00c7\u00c3O RADICAL"},"content":{"rendered":"\n<p>Assim me escreveu, nestes dias, um camarada muito apreciado por sua sapi\u00eancia, sua trajet\u00f3ria e sua integridade revolucion\u00e1ria:<\/p>\n<p><em>&#8220;Respeitado e estimado camarada: O que voc\u00ea est\u00e1 vendo pela TV sobre a Venezuela, \u00e9 uma pequena parte do TSUNAMI QUE A ULTRA DIREITA EST\u00c1 CAUSANDO. Arrancam \u00e1rvores e sem\u00e1foros, e os atiram na via p\u00fablica. Destr\u00f3em parques, centros e institui\u00e7\u00f5es p\u00fablicas (mensagem subliminar e semi\u00f3tica que vai carregando de raiva e f\u00faria da oposi\u00e7\u00e3o)&#8221;.<\/em><\/p>\n<p><em>&#8220;Est\u00e3o trabalhando a raiva e a insatisfa\u00e7\u00e3o, isto, \u00e9 manipulando o descontentamento COM OS PROBLEMAS N\u00c3O RESOLVIDOS E APRESENTADOS NAS CAMPANHAS ELEITORAIS. E l\u00e1 se v\u00e3o uns quantos mortos, uns quantos feridos. Muito ve\u00edculos p\u00fablicos muito caros queimados. Ruas completamente destru\u00eddas. Para chegar em casa \u00e9 preciso dar voltas, voltas e mais voltas, pois as ruas est\u00e3o tomadas&#8221;.<\/em><\/p>\n<p><em>&#8220;NOS BAIRROS EXISTE ABSOLUTA CALMA. O ABSOLUTO \u00c9 QUE O GOVERNO NOS DIZ CALMA, CALMA, CALMA, CALMA, N\u00c3O CAIAMOS EM PROVOCA\u00c7\u00c3O. \u00c0s favas: &#8220;P\u00c1TRIA OU MORTE&#8221;. GUARIMBAS [a tradu\u00e7\u00e3o aproximada \u00e9 ocupa\u00e7\u00f5es] NOITE E DIA. POR\u00c9M, O MELHOR, O EXTRAORDIN\u00c1RIO, O NUNCA IMAGINADO, O QUE SUPERA TODA A TEORIA POL\u00cdTICA E, EM ESPECIAL, SUPERA COMPLETAMENTE O MARXISMO, \u00c9 QUE OS POSTOS CHAVES DE DIRE\u00c7\u00c3O ORIENTAM IR \u00c0S LOCALIDADES MAIS ELEGANTES DE CARACAS, ONDE VIVE A ALTA BURGUESIA A P\u00c1TRIDA, ESCUTE BEM, PARA FALAR COM ELES PARA QUE VOLTE A PAZ E O SOSSEGO NO PA\u00cdS, POR QUE &#8220;TODOS SOMOS FILHOS DE DEUS, SOMOS IRM\u00c3OS E PODEMOS NOS ENTENDER&#8221;.<\/em><\/p>\n<p><em>&#8220;EXTRAORDIN\u00c1RIO&#8230; FAREMOS O SOCIALISMO&#8230; COM A ALTA BURGUESIA&#8230; COM CISNEROS, BOULTON, MENDOZA, ETC, ETC. MARAVILHOSO&#8230; VIVA O SOCIALISMO-BURGUESISMO-IMPERIALISMO. Ent\u00e3o, n\u00e3o existe LUTA DE CLASSES. TODOS SOMOS IGUAIS E TRATAM-SE DE PEQUENOS EQU\u00cdVOCOS. O FASCISMO N\u00c3O \u00c9 UM PRODUTO HIST\u00d3RICO, MAS UM SIMPLES MAL ENTENDIDO DE ALGUNS QUE EST\u00c3O COM DOR DE CABE\u00c7A&#8230; FALANDO COM ELES&#8230; SE RESOLVE O PROBLEMA. Os paramilitares de Uribe, espreitam, o imperialismo se move. Santos e o de Panam\u00e1 nos encurralam e, todavia, estamos falando de DIALOGAR COM A ALTA BURGUESIA e, INCLUSIVE, COM OBAMA&#8230;&#8221;.<\/em><\/p>\n<p>Palavras comoventes, sobretudo por sua proced\u00eancia.<\/p>\n<p>Creio com este camarada que na Venezuela tem-se fabricado, com muita meticulosidade e h\u00e1 muito tempo, uma corrente fascista que conseguiu instalar-se num grupo n\u00e3o majorit\u00e1rio, por\u00e9m importante da sociedade: as fac\u00e7\u00f5es mais poderosas da grande burguesia e seus tent\u00e1culos, camadas m\u00e9dias racistas, estudantes filhos\/as da alta e m\u00e9dia burguesia, jovens fan\u00e1ticos, lumpensinato, delinquentes de diversas matizes sociais e paramilitarismo colombiano&#8230;<\/p>\n<p>Esta \u00e9 a consequ\u00eancia da intelig\u00eancia pol\u00edtico-militar e dos &#8220;tanques pensantes&#8221; estrangeiros, israelenses, colombianos e venezuelanos, que conseguiram potencializar ideias racistas, estimular o \u00f3dio contra as for\u00e7as do campo popular, as quais estigmatizam como &#8220;esc\u00f3ria&#8221; indevidamente e sem ser oportunamente contestada.<\/p>\n<p>\u00d3dio de uma burguesia parasit\u00e1ria, fren\u00e9tica por reconquistar de qualquer maneira a proveitosa renda petroleira deles arrebatada pelo processo de mudan\u00e7as sociais; \u00f3dio contra a camada pobre negra mulata, samba e ind\u00edgena, que esse projeto reivindicou. \u00d3dio \u00e0 Ch\u00e1vez e ao chavismo que, politicamente, a representa.<\/p>\n<p>Raiva violenta que une-se ao descontentamento e \u00e0 incerteza que a guerra econ\u00f4mica e midi\u00e1tica, promovida por eles mesmos, gera nos setores populares e intermedi\u00e1rios menos politizados ou menos conscientes da sociedade. Que tamb\u00e9m se une ao descontentamento de que no chavismo popular gerou-se erros pr\u00f3prios e deforma\u00e7\u00f5es do processo bolivariano (burocratiza\u00e7\u00e3o, corrup\u00e7\u00e3o, privil\u00e9gios, inefici\u00eancia, explora\u00e7\u00e3o do petr\u00f3leo a qualquer custo, toler\u00e2ncias excessivas e vacila\u00e7\u00f5es quando se torna imperiosa sua radicaliza\u00e7\u00e3o&#8230;).<\/p>\n<p>\u00d3dio de um imperialismo senil (com Bush ou com Obama), belicista, destrutivo, fascist\u00f3ide&#8230; afetado pela pior crise de sua hist\u00f3ria, sedento de petr\u00f3leo, l\u00edtio, ur\u00e2nio, ouro, n\u00edquel, alum\u00ednio, biodiversidade, territ\u00f3rios estrat\u00e9gicos. Incubado, gerado, inculcado e transmitido, com esmero especial, \u00e0s novas gera\u00e7\u00f5es formadas em col\u00e9gios e universidades pr\u00f3prias e de seus aliados, e atrav\u00e9s de seus poderosos meios massivos e os da grande burguesia local.<\/p>\n<p>Escola societal burguesa de raiva neofascista alimentada pelo medo da revolu\u00e7\u00e3o socialista, do poder popular e comunal, do poder do pobretariado crioulo&#8230; que a cada minuto aflora e decai, que amea\u00e7a, mas n\u00e3o com a devida contund\u00eancia.<\/p>\n<p><strong>Revolu\u00e7\u00e3o e amor.<\/strong><\/p>\n<p>As revolu\u00e7\u00f5es devem construir amor, paz, conviv\u00eancia, conc\u00f3rdia. Por\u00e9m, o fascismo n\u00e3o entende disso, n\u00e3o aceita di\u00e1logos, distens\u00e3o, acordos, n\u00e3o entende de igualdade, justi\u00e7a, irmandade e abra\u00e7os.<\/p>\n<p>Isso ocorre com Leopoldo L\u00f3pez, com Henrique Capriles e comparsa. Ocorre com a c\u00fapula do FEDECAMARAS.<\/p>\n<p>Ocorre, inclusive, com os l\u00edderes estudantis ganhos pelo fascismo e alimentados pelo imp\u00e9rio. N\u00e3o s\u00e3o instrumentos resgat\u00e1veis. S\u00e3o atores fascistas.<\/p>\n<p>Qualquer pacto pacificador com eles \u00e9 ilus\u00f3rio; qualquer chamado \u00e0 conc\u00f3rdia e \u00e0 paz, resultar\u00e1 in\u00fatil.<\/p>\n<p>Qualquer recesso temporal de sua parte ser\u00e1 para recobrar brios e voltar \u00e0 carga com brutalidade renovada.<\/p>\n<p>Na Venezuela, estamos diante de um choque crucial, diante de ponto elevad\u00edssimo da luta de classe e da confronta\u00e7\u00e3o capital-trabalho, das liberta\u00e7\u00f5es e opress\u00f5es; um choque inevit\u00e1vel &#8211; salvo em caso de rendi\u00e7\u00e3o mais ou menos vergonhosa &#8211; em que uma das partes ter\u00e1 de ser derrotada e outra ter\u00e1 de impor-se.<\/p>\n<p>A confronta\u00e7\u00e3o \u00e9 inevit\u00e1vel para que reine a paz, uma das duas paz: a dos cemit\u00e9rios e da morte da liberdade, ou a do poder prolet\u00e1rio-popular-comunal emancipacionista.<\/p>\n<p>N\u00f3s, os\/as revolucion\u00e1rios\/as socialistas, devemos apostar na derrota do fascismo, que j\u00e1 seduz todas as direitas e, inclusive, inibe a centro-direita e o centro pol\u00edtico venezuelano; apostar em sua derrota pol\u00edtica com um grande contragolpe do povo civil e do povo uniformizado, que o isole, tire-lhe o sustento e o dissolva. Poss\u00edvel caso se articule as for\u00e7as de vanguarda com esse objetivo.<\/p>\n<p>Isso \u00e9 impens\u00e1vel sem tirar as for\u00e7as fascistas dos territ\u00f3rios tomados, sem opor-se a sua insol\u00eancia, sem tirar-lhes suas fontes materiais e comunicacionais, sem confiscar-lhes seus capitais, empresas, influ\u00eancias e poderes que os nutrem, sem aplicar-lhes todo o peso do poder popular, come\u00e7ando por faz\u00ea-lo contra os elementos mais vinculados \u00e0 promo\u00e7\u00e3o do nazifascismo, \u00e0 guerra econ\u00f4mica e \u00e0 guerra midi\u00e1tica; decantando o pior para dar-lhes duro.<\/p>\n<p>Isso tem riscos, por\u00e9m \u00e9 melhor corr\u00ea-los antes que fazer as vezes de bobos\/as, permitindo que cres\u00e7a o caminho para a ingovernabilidade, sem respostas contundentes e renovadoras de esperan\u00e7as populares.<\/p>\n<p>Nunca na hist\u00f3ria a raiva destrutiva foi vencida com beijos, fraternidades e posi\u00e7\u00f5es compassivas. Outra coisa seria a Venezuela se a raiz daquele derrotado golpe de abril, n\u00e3o vencido precisamente com amores e discursos persuasivos, seus autores e seus poderes econ\u00f4micos e ideol\u00f3gicos tivessem recebido, em lugar do perd\u00e3o, o merecido. J\u00e1, desde ent\u00e3o, estava sendo incubando este engendro s\u00f3cio-pol\u00edtico-cultural que precisava ser cortado pela raiz.<\/p>\n<p><strong>25-02-2014, Santo Domingo, RD.<\/strong><\/p>\n<p>Tradu\u00e7\u00e3o: Partido Comunista Brasileiro (PCB)<\/p>\n","protected":false},"excerpt":{"rendered":"\nNarciso Isa Conde\n<a class=\"moretag\" href=\"https:\/\/pcb.org.br\/portal2\/5926\"> <\/a>","protected":false},"author":1,"featured_media":0,"comment_status":"open","ping_status":"open","sticky":false,"template":"","format":"standard","meta":{"jetpack_post_was_ever_published":false,"_jetpack_newsletter_access":"","_jetpack_dont_email_post_to_subs":false,"_jetpack_newsletter_tier_id":0,"_jetpack_memberships_contains_paywalled_content":false,"_jetpack_memberships_contains_paid_content":false,"footnotes":"","jetpack_publicize_message":"","jetpack_publicize_feature_enabled":true,"jetpack_social_post_already_shared":false,"jetpack_social_options":{"image_generator_settings":{"template":"highway","default_image_id":0,"font":"","enabled":false},"version":2}},"categories":[45],"tags":[],"class_list":["post-5926","post","type-post","status-publish","format-standard","hentry","category-c54-venezuela"],"jetpack_publicize_connections":[],"jetpack_featured_media_url":"","jetpack_shortlink":"https:\/\/wp.me\/p659gw-1xA","jetpack-related-posts":[],"jetpack_likes_enabled":true,"jetpack_sharing_enabled":true,"_links":{"self":[{"href":"https:\/\/pcb.org.br\/portal2\/wp-json\/wp\/v2\/posts\/5926","targetHints":{"allow":["GET"]}}],"collection":[{"href":"https:\/\/pcb.org.br\/portal2\/wp-json\/wp\/v2\/posts"}],"about":[{"href":"https:\/\/pcb.org.br\/portal2\/wp-json\/wp\/v2\/types\/post"}],"author":[{"embeddable":true,"href":"https:\/\/pcb.org.br\/portal2\/wp-json\/wp\/v2\/users\/1"}],"replies":[{"embeddable":true,"href":"https:\/\/pcb.org.br\/portal2\/wp-json\/wp\/v2\/comments?post=5926"}],"version-history":[{"count":0,"href":"https:\/\/pcb.org.br\/portal2\/wp-json\/wp\/v2\/posts\/5926\/revisions"}],"wp:attachment":[{"href":"https:\/\/pcb.org.br\/portal2\/wp-json\/wp\/v2\/media?parent=5926"}],"wp:term":[{"taxonomy":"category","embeddable":true,"href":"https:\/\/pcb.org.br\/portal2\/wp-json\/wp\/v2\/categories?post=5926"},{"taxonomy":"post_tag","embeddable":true,"href":"https:\/\/pcb.org.br\/portal2\/wp-json\/wp\/v2\/tags?post=5926"}],"curies":[{"name":"wp","href":"https:\/\/api.w.org\/{rel}","templated":true}]}}