{"id":5927,"date":"2014-02-27T18:46:11","date_gmt":"2014-02-27T18:46:11","guid":{"rendered":"http:\/\/pcb.org.br\/portal2\/?p=5927"},"modified":"2014-02-27T18:46:11","modified_gmt":"2014-02-27T18:46:11","slug":"estados-unidos-reduzirao-suas-forcas-militares-mas-manterao-seu-imenso-poder-de-intervencao-no-mundo","status":"publish","type":"post","link":"https:\/\/pcb.org.br\/portal2\/5927","title":{"rendered":"Estados Unidos reduzir\u00e3o suas for\u00e7as militares, mas manter\u00e3o seu imenso poder de interven\u00e7\u00e3o no mundo"},"content":{"rendered":"\n<p>Al\u00e9m da grande press\u00e3o interna pela redu\u00e7\u00e3o de gastos e do desgaste da popula\u00e7\u00e3o estadunidense com as guerras recentes ( s\u00e3o 13 anos de interven\u00e7\u00e3o no Afeganist\u00e3o), a medida reflete, tamb\u00e9m , a redu\u00e7\u00e3o das necessidades militares , iniciada com o fim da chamada \u201c Guerra Fria \u201d. Mas n\u00e3o tenhamos ilus\u00f5es . Como pr\u00f3prio Secret\u00e1rio afirmou, a\u00a0\u00a0 mudan\u00e7a vai resultar em um Ex\u00e9rcito menor , que manter\u00e1\u00a0 as tropas \u201c bem treinadas e superiores em armas e equipamentos \u201d.<\/p>\n<p>Os EUA n\u00e3o ter\u00e3o mais condi\u00e7\u00f5es de participar simultaneamente de duas guerras de grande porte . Mas continuar\u00e1 a ser a maior for\u00e7a militar do mundo , e se voltar\u00e1, agora , para o desenvolvimento de novas armas , com tecnologias cada vez mais sofisticadas, e em a\u00e7\u00f5es de intelig\u00eancia , para seguir com a pol\u00edtica imperialista, intervindo no exterior , com novas t\u00e1ticas , em defesa de seus interesses .<\/p>\n","protected":false},"excerpt":{"rendered":"O governo norteamericano anunciou, nesta segunda-feira , dia 24, atrav\u00e9s do Secret\u00e1rio da Defesa Chuck Hagel, que pretende reduzir a quantidade de soldados no ex\u00e9rcito ao n\u00edvel do per\u00edodo anterior \u00e0 Segunda Guerra , de 520.000 a 440.000. O Secret\u00e1rio afirmou que , depois das campanhas do Iraque e do Afeganist\u00e3o, os Estados Unidos n\u00e3o planejam ter um ex\u00e9rcito para &#8216; opera\u00e7\u00f5es de estabiliza\u00e7\u00e3o amplas e longas&#8217;. A medida seria conclu\u00edda at\u00e9 2017, segundo a France Presse, e a proposta final de or\u00e7amento\u00a0\u00a0\u00a0 ser\u00e1 apresentada em 4 de mar\u00e7o .\n<a class=\"moretag\" href=\"https:\/\/pcb.org.br\/portal2\/5927\"> <\/a>","protected":false},"author":1,"featured_media":0,"comment_status":"open","ping_status":"open","sticky":false,"template":"","format":"standard","meta":{"jetpack_post_was_ever_published":false,"_jetpack_newsletter_access":"","_jetpack_dont_email_post_to_subs":false,"_jetpack_newsletter_tier_id":0,"_jetpack_memberships_contains_paywalled_content":false,"_jetpack_memberships_contains_paid_content":false,"footnotes":"","jetpack_publicize_message":"","jetpack_publicize_feature_enabled":true,"jetpack_social_post_already_shared":false,"jetpack_social_options":{"image_generator_settings":{"template":"highway","default_image_id":0,"font":"","enabled":false},"version":2}},"categories":[100],"tags":[],"class_list":["post-5927","post","type-post","status-publish","format-standard","hentry","category-c113-a-semana-no-olhar-comunista"],"jetpack_publicize_connections":[],"jetpack_featured_media_url":"","jetpack_shortlink":"https:\/\/wp.me\/p659gw-1xB","jetpack-related-posts":[],"jetpack_likes_enabled":true,"jetpack_sharing_enabled":true,"_links":{"self":[{"href":"https:\/\/pcb.org.br\/portal2\/wp-json\/wp\/v2\/posts\/5927","targetHints":{"allow":["GET"]}}],"collection":[{"href":"https:\/\/pcb.org.br\/portal2\/wp-json\/wp\/v2\/posts"}],"about":[{"href":"https:\/\/pcb.org.br\/portal2\/wp-json\/wp\/v2\/types\/post"}],"author":[{"embeddable":true,"href":"https:\/\/pcb.org.br\/portal2\/wp-json\/wp\/v2\/users\/1"}],"replies":[{"embeddable":true,"href":"https:\/\/pcb.org.br\/portal2\/wp-json\/wp\/v2\/comments?post=5927"}],"version-history":[{"count":0,"href":"https:\/\/pcb.org.br\/portal2\/wp-json\/wp\/v2\/posts\/5927\/revisions"}],"wp:attachment":[{"href":"https:\/\/pcb.org.br\/portal2\/wp-json\/wp\/v2\/media?parent=5927"}],"wp:term":[{"taxonomy":"category","embeddable":true,"href":"https:\/\/pcb.org.br\/portal2\/wp-json\/wp\/v2\/categories?post=5927"},{"taxonomy":"post_tag","embeddable":true,"href":"https:\/\/pcb.org.br\/portal2\/wp-json\/wp\/v2\/tags?post=5927"}],"curies":[{"name":"wp","href":"https:\/\/api.w.org\/{rel}","templated":true}]}}