{"id":5999,"date":"2014-03-22T22:50:03","date_gmt":"2014-03-22T22:50:03","guid":{"rendered":"http:\/\/pcb.org.br\/portal2\/?p=5999"},"modified":"2014-03-22T22:50:03","modified_gmt":"2014-03-22T22:50:03","slug":"20-de-marco-mais-um-dia-de-tensao-no-comperj","status":"publish","type":"post","link":"https:\/\/pcb.org.br\/portal2\/5999","title":{"rendered":"20 de mar\u00e7o: mais um dia de tens\u00e3o no Comperj"},"content":{"rendered":"\n<p>Preocupada com a situa\u00e7\u00e3o dos trabalhadores, dire\u00e7\u00e3o do Sindipetro-RJ envia carta \u00e0 presidente da Petrobr\u00e1s, Gra\u00e7a Foster.<\/p>\n<p>Os trabalhadores do Comperj, insatisfeitos com os termos do acordo firmado entre o Sindicato da Constru\u00e7\u00e3o Civil e as empresas, retomaram as mobiliza\u00e7\u00f5es desde o dia 19. Nesta quinta-feira, 20 de mar\u00e7o, houve uma s\u00e9rie de a\u00e7\u00f5es violentas e confronto com policiais. \u00d4nibus foram queimados. O registro fotogr\u00e1fico foi encaminhado por trabalhadores que estavam no canteiro de obras ao diretor Brayer, do Sindicato dos Petroleiros do Rio de Janeiro (Sindipetro-RJ). O sindicato v\u00ea com preocupa\u00e7\u00e3o o desenrolar dos fatos e pediu, em carta dirigida a Maria das Gra\u00e7as Foster, que a Petrobr\u00e1s se posicione.<\/p>\n<p><img data-recalc-dims=\"1\" decoding=\"async\" class=\"imagem100\" src=\"https:\/\/i0.wp.com\/www.apn.org.br\/w3\/images\/2014\/03\/cartasindipetro-rj060-2014.jpg?w=747\" border=\"0\" \/><\/p>\n","protected":false},"excerpt":{"rendered":"\n<a class=\"moretag\" href=\"https:\/\/pcb.org.br\/portal2\/5999\"> <\/a>","protected":false},"author":1,"featured_media":0,"comment_status":"open","ping_status":"open","sticky":false,"template":"","format":"standard","meta":{"jetpack_post_was_ever_published":false,"_jetpack_newsletter_access":"","_jetpack_dont_email_post_to_subs":false,"_jetpack_newsletter_tier_id":0,"_jetpack_memberships_contains_paywalled_content":false,"_jetpack_memberships_contains_paid_content":false,"footnotes":"","jetpack_publicize_message":"","jetpack_publicize_feature_enabled":true,"jetpack_social_post_already_shared":false,"jetpack_social_options":{"image_generator_settings":{"template":"highway","default_image_id":0,"font":"","enabled":false},"version":2}},"categories":[56],"tags":[],"class_list":["post-5999","post","type-post","status-publish","format-standard","hentry","category-c67-greve"],"jetpack_publicize_connections":[],"jetpack_featured_media_url":"","jetpack_shortlink":"https:\/\/wp.me\/p659gw-1yL","jetpack-related-posts":[],"jetpack_likes_enabled":true,"jetpack_sharing_enabled":true,"_links":{"self":[{"href":"https:\/\/pcb.org.br\/portal2\/wp-json\/wp\/v2\/posts\/5999","targetHints":{"allow":["GET"]}}],"collection":[{"href":"https:\/\/pcb.org.br\/portal2\/wp-json\/wp\/v2\/posts"}],"about":[{"href":"https:\/\/pcb.org.br\/portal2\/wp-json\/wp\/v2\/types\/post"}],"author":[{"embeddable":true,"href":"https:\/\/pcb.org.br\/portal2\/wp-json\/wp\/v2\/users\/1"}],"replies":[{"embeddable":true,"href":"https:\/\/pcb.org.br\/portal2\/wp-json\/wp\/v2\/comments?post=5999"}],"version-history":[{"count":0,"href":"https:\/\/pcb.org.br\/portal2\/wp-json\/wp\/v2\/posts\/5999\/revisions"}],"wp:attachment":[{"href":"https:\/\/pcb.org.br\/portal2\/wp-json\/wp\/v2\/media?parent=5999"}],"wp:term":[{"taxonomy":"category","embeddable":true,"href":"https:\/\/pcb.org.br\/portal2\/wp-json\/wp\/v2\/categories?post=5999"},{"taxonomy":"post_tag","embeddable":true,"href":"https:\/\/pcb.org.br\/portal2\/wp-json\/wp\/v2\/tags?post=5999"}],"curies":[{"name":"wp","href":"https:\/\/api.w.org\/{rel}","templated":true}]}}