{"id":6,"date":"2009-11-19T05:09:17","date_gmt":"2009-11-19T05:09:17","guid":{"rendered":"http:\/\/pcb.org.br\/portal2\/?p=6"},"modified":"2017-08-25T00:54:03","modified_gmt":"2017-08-25T03:54:03","slug":"tristeza-indignacao-e-sei-la-mais-o-que-por-luiz-rodolfo-viveiros-de-castro-gaiola-e-com-muita-tristeza-mas-tanta-tanta-que-suplanta-a-indignacao-que-quase-me-paralisa-e-para-tentar-nao-ficar-parado","status":"publish","type":"post","link":"https:\/\/pcb.org.br\/portal2\/6","title":{"rendered":"Tristeza, indigna\u00e7\u00e3o e sei l\u00e1 mais o que!"},"content":{"rendered":"\n<\/p>\n<p>Antes de ir para a parte de esportes me deparei com uma chamada para a mat\u00e9ria sobre o encontro do Lula com o l\u00edder da oposi\u00e7\u00e3o na It\u00e1lia, o representante da esquerda (?) moderna (?), Massimo D&#8217;Alema, que pediu pela extradi\u00e7\u00e3o do Cesare Battisti.<\/p>\n<p>N\u00e3o quero nem comentar a mat\u00e9ria toda, d\u00e1 nojo. Mas a\u00ed vai somente um trecho: Lula, ao saber que Battisti estava fazendo greve de fome, brincou: &#8220;Eu diria a ele para n\u00e3o fazer greve de fome, eu j\u00e1 fiz e \u00e9 ruim&#8221;.<\/p>\n<p>N\u00e3o sei o que fazer, n\u00e3o sei o que propor, mas quero pedir pra todos &#8211; sobretudo para os que estivemos presos &#8211; temos que fazer alguma coisa.<\/p>\n<p>Battisti teve a mesma milit\u00e2ncia que n\u00f3s, na mesma \u00e9poca. Vivemos num mundo em que o R\u00e9gis Debray &#8211; que caiu na guerrilha do Che na Bol\u00edvia &#8211; foi ministro da Cultura na Fran\u00e7a, em que o Franklin Martins, o nosso Franklin, participou do sequestro do embaixador norteamericano: se n\u00e3o contam as motiva\u00e7\u00f5es pol\u00edticas, sequestro seria crime hediondo, N\u00e3o \u00e9? Pois \u00e9, querem &#8211; o governo fascista da It\u00e1lia &#8211; pegar o Battisti como bode expiat\u00f3rio.<\/p>\n<p>Acho que todos conhecem o caso e o processo, mas nunca \u00e9 demais lembrar que ele foi julgado \u00e0 revelia, defendido por um advogado a quem nunca deu procura\u00e7\u00e3o para tal (e que ficou comprovada a falsifica\u00e7\u00e3o de sua assinatura na constitui\u00e7\u00e3o deste r\u00e1bula) e as \u00fanicas &#8220;provas&#8221; s\u00e3o as acusa\u00e7\u00f5es de um ex-militante que aceitou a dela\u00e7\u00e3o premiada, provavelmente at\u00e9 pensando, naquela \u00e9poca, que pelo fato de Battisti estar fora do pa\u00eds podia jogar a culpa nele.<\/p>\n<p>O ministro relator do caso disse que o Brasil devia extradit\u00e1-lo mas sem aceitar a pris\u00e3o perp\u00e9tua que n\u00e3o existe aqui; temos que exigir da It\u00e1lia que a pena seja reduzida para 30 anos. Ora, o Battisti tem 65 anos, qual \u00e9 a diferen\u00e7a? Vai sair com 95?<\/p>\n<p>Sei l\u00e1, s\u00f3 sei que se n\u00e3o fizermos nada, nem que seja chorarmos juntos, seremos c\u00famplices diretos. Pois neste caso a injusti\u00e7a, no meio de tantas, a perda de uma vida, no meio de tantas perdas, est\u00e1 ocorrendo pert\u00edssimo de n\u00f3s, com um dos nossos.<\/p>\n<p>Em tempo: os suic\u00eddios recentes de presos pol\u00edticos nos c\u00e1rceres italianos, acho que foram 14 nos \u00faltimos tempos.<\/p>\n<p>Despe\u00e7o-me dizendo que concordo com a declara\u00e7\u00e3o de Battisti &#8211; que o Lula deve ou deveria ter lido, sobre a greve de fome &#8211; dizendo que prefere morrer fazendo greve de fome do que nas m\u00e3os de seus algozes italianos fascistas.<\/p>\n<p>Sauda\u00e7\u00f5es tristes, revoltadas e sei l\u00e1 mais o que!<\/p>\n<p>Gaiola<\/p><\/p>\n","protected":false},"excerpt":{"rendered":"Por: Luiz Rodolfo Viveiros de Castro (Gaiola)\n\u00c9 com muita tristeza, mas tanta, tanta, que suplanta a indigna\u00e7\u00e3o, que quase me paralisa &#8211; e para tentar n\u00e3o ficar parado tento escrever para voc\u00eas.\nAcabei de entrar agora no globo.com, pensando em ver os resultados do futebol. J\u00e1 sabia que meu time tinha perdido para o Barueri e que o Flamengo tinha ganho do N\u00e1utico; queria saber como foi para o Flu e para os advers\u00e1rios diretos na luta contra o rebaixamento do meu Botafogo. Mas que futebol, que nada. O que importa estar na primeira ou na segunda divis\u00e3o?\n<a class=\"moretag\" href=\"https:\/\/pcb.org.br\/portal2\/6\"> <\/a>","protected":false},"author":1,"featured_media":0,"comment_status":"open","ping_status":"open","sticky":false,"template":"","format":"standard","meta":{"jetpack_post_was_ever_published":false,"_jetpack_newsletter_access":"","_jetpack_dont_email_post_to_subs":false,"_jetpack_newsletter_tier_id":0,"_jetpack_memberships_contains_paywalled_content":false,"_jetpack_memberships_contains_paid_content":false,"footnotes":"","jetpack_publicize_message":"","jetpack_publicize_feature_enabled":true,"jetpack_social_post_already_shared":false,"jetpack_social_options":{"image_generator_settings":{"template":"highway","default_image_id":0,"font":"","enabled":false},"version":2}},"categories":[7],"tags":[],"class_list":["post-6","post","type-post","status-publish","format-standard","hentry","category-s8-brasil"],"jetpack_publicize_connections":[],"jetpack_featured_media_url":"","jetpack_shortlink":"https:\/\/wp.me\/p659gw-6","jetpack-related-posts":[],"jetpack_likes_enabled":true,"jetpack_sharing_enabled":true,"_links":{"self":[{"href":"https:\/\/pcb.org.br\/portal2\/wp-json\/wp\/v2\/posts\/6","targetHints":{"allow":["GET"]}}],"collection":[{"href":"https:\/\/pcb.org.br\/portal2\/wp-json\/wp\/v2\/posts"}],"about":[{"href":"https:\/\/pcb.org.br\/portal2\/wp-json\/wp\/v2\/types\/post"}],"author":[{"embeddable":true,"href":"https:\/\/pcb.org.br\/portal2\/wp-json\/wp\/v2\/users\/1"}],"replies":[{"embeddable":true,"href":"https:\/\/pcb.org.br\/portal2\/wp-json\/wp\/v2\/comments?post=6"}],"version-history":[{"count":0,"href":"https:\/\/pcb.org.br\/portal2\/wp-json\/wp\/v2\/posts\/6\/revisions"}],"wp:attachment":[{"href":"https:\/\/pcb.org.br\/portal2\/wp-json\/wp\/v2\/media?parent=6"}],"wp:term":[{"taxonomy":"category","embeddable":true,"href":"https:\/\/pcb.org.br\/portal2\/wp-json\/wp\/v2\/categories?post=6"},{"taxonomy":"post_tag","embeddable":true,"href":"https:\/\/pcb.org.br\/portal2\/wp-json\/wp\/v2\/tags?post=6"}],"curies":[{"name":"wp","href":"https:\/\/api.w.org\/{rel}","templated":true}]}}