{"id":60,"date":"2010-01-06T04:39:45","date_gmt":"2010-01-06T04:39:45","guid":{"rendered":"http:\/\/pcb.org.br\/portal2\/?p=60"},"modified":"2010-01-06T04:39:45","modified_gmt":"2010-01-06T04:39:45","slug":"ucrania-duas-decadas-apos-a-desintegracao-da-urss","status":"publish","type":"post","link":"https:\/\/pcb.org.br\/portal2\/60","title":{"rendered":"Ucr\u00e2nia. Duas d\u00e9cadas ap\u00f3s a desintegra\u00e7\u00e3o da URSS"},"content":{"rendered":"\n<p>No momento da criminosa desintegra\u00e7\u00e3o da URSS, consumada em 1991, a Ucr\u00e2nia estava entre os dez pa\u00edses mais desenvolvidos do mundo. Isto, ali\u00e1s, \u00e9 reconhecido at\u00e9 pelos pr\u00f3prios nacionalistas burgueses.<\/p>\n<p>As presta\u00e7\u00f5es sociais eram extraordin\u00e1rias, mas por vezes as pessoas n\u00e3o as valorizavam. A Educa\u00e7\u00e3o era gratuita e havia um sistema de sa\u00fade p\u00fablica de qualidade e, sobretudo, integralmente gratuito. Segundo os objectivos tra\u00e7ados pelo Partido, no ano 2000 todos deveriam receber gratuitamente uma habita\u00e7\u00e3o independente.<\/p>\n<p>Os pre\u00e7os dos principais produtos alimentares, as rendas de casa, os transportes, entre outros, n\u00e3o sofriam altera\u00e7\u00e3o h\u00e1 mais de 50 anos. Os servi\u00e7os comunais, as tarifas do g\u00e1s e da electricidade custavam kopeques [c\u00eantimos de rublo]. As pessoas consumiam produtos naturais. S\u00f3 quem vivia fora da URSS sabia o que era o desemprego, a infla\u00e7\u00e3o, os sem-abrigo, os despedimentos compulsivos, as fal\u00eancias de bancos e a perda das poupan\u00e7as, os cr\u00e9ditos a juros de 30 por cento, etc..<\/p>\n<p>Para a gera\u00e7\u00e3o actual isto \u00e9 pura fic\u00e7\u00e3o cient\u00edfica. Em 2009 n\u00e3o conseguem sequer imaginar que tal possa ser poss\u00edvel.<\/p>\n<p><strong>Retrocesso inaudito<\/strong><\/p>\n<p>\u00c9ramos 52 milh\u00f5es de habitantes. T\u00ednhamos n\u00e3o s\u00f3 armamento nuclear (o terceiro maior arsenal do mundo depois da R\u00fassia e dos EUA), mas tamb\u00e9m um ex\u00e9rcito com um milh\u00e3o de efectivos, capaz de defender a popula\u00e7\u00e3o e destruir qualquer inimigo. O pa\u00eds desenvolvia-se. N\u00f3s orgulh\u00e1vamo-nos do nosso Estado. Mas, de modo inconceb\u00edvel, em apenas 20 anos, o equivalente a quatro planos quinquenais sovi\u00e9ticos, transformaram-nos num dos pa\u00edses mais atrasados n\u00e3o s\u00f3 da Europa como do mundo. Um dos mais atrasados e desamparados segundo todos os indicadores. Parece irreal, mas a trai\u00e7\u00e3o e o capitalismo fizeram a sua obra.<\/p>\n<p>Tudo come\u00e7ou com a realiza\u00e7\u00e3o das reformas de mercado e a substitui\u00e7\u00e3o do regime socialista pelo capitalismo. Este processo foi iniciado por Gorbatchov. Depois da dissolu\u00e7\u00e3o da URSS, o capitalismo selvagem come\u00e7ou a ser implantado em cada pa\u00eds que a integrava pelos antigos ide\u00f3logos do comunismo, que, entretanto, trocaram a foice e o martelo pelo d\u00f3lar. No nosso pa\u00eds isto foi feito por Kravtchuk, na R\u00fassia foi I\u00e9ltsine, na Ge\u00f3rgia, Chevardn\u00e1dze, etc..<\/p>\n<p><strong>Confian\u00e7a defraudada<\/strong><\/p>\n<p>A verdade \u00e9 que na altura, em in\u00edcios dos anos 90, as pessoas ainda confiavam nos governantes. Cada cidad\u00e3o sabia que os dirigentes do pa\u00eds, os deputados, o Partido, os funcion\u00e1rios deviam por defini\u00e7\u00e3o trabalhar e trabalhavam em prol do bem-estar do povo e do Estado. Todavia, infelizmente, n\u00e3o tiveram em conta um pormenor importante: no poder tinham-se instalado os chamados democratas-patriotas da fornada europe\u00edsta, cujo \u00fanico objectivo era o lucro e a obten\u00e7\u00e3o de dinheiro \u00e0 custa dos simples mortais.<\/p>\n<p>Todas as reformas de mercado conflu\u00edram para o mesmo fim: a privatiza\u00e7\u00e3o da propriedade social, a destrui\u00e7\u00e3o das explora\u00e7\u00f5es colectivas e a implanta\u00e7\u00e3o sucessiva de um regime liberal ao servi\u00e7o dos grandes propriet\u00e1rios. Infelizmente tudo foi feito para proporcionar a prosperidade de uma minoria e a pauperiza\u00e7\u00e3o da maioria.<\/p>\n<p>Todas as desgra\u00e7as do nosso pa\u00eds s\u00e3o obra de Kravtchuk, de Kutchma, Iuchenko e de todos aqueles que estiveram no poder nos \u00faltimos 20 anos. \u00c9 preciso compreender que ningu\u00e9m perguntou ao povo se queria ou n\u00e3o mudar para a via capitalista. Tudo foi feito \u00e0s escondidas, sob a capa de um pretenso amor pela Ucr\u00e2nia e pela na\u00e7\u00e3o, sob o pretexto da democracia e do humanismo europeu.<\/p>\n<p><strong>Os ricos, mais ricos\u2026<\/strong><\/p>\n<p>Em resultado da contra-revolu\u00e7\u00e3o capitalista, o povo ucraniano perdeu o poder e o controlo sobre tudo o que se passa no pa\u00eds. Hoje, a minoria governa a maioria. Cinquenta pessoas det\u00eam um ter\u00e7o do Produto Interno Bruto. Os ricos tornam-se mais ricos, os pobres mais pobres.<\/p>\n<p>Pela frente temos a crise econ\u00f3mica-financeira. Os capitalistas tentam sair dela \u00e0 custa da gente simples. O governo de Timochenko endividou todo o povo. O poder \u00ablaranja\u00bb continua a dedicar-se unicamente \u00e0 venda de empresas e \u00e0 contrac\u00e7\u00e3o de novos cr\u00e9ditos. Ainda por cima faz de tal pol\u00edtica um m\u00e9rito seu.<\/p>\n<p>O actual presidente sublinha constantemente que se dirige a uma \u00fanica nacionalidade da Ucr\u00e2nia. Poderia parecer que isto \u00e9 reflexo do grande amor de Iuchenko pelos ucranianos. Com ele faz coro no mesmo sentido outra \u00abobreira\u00bb que se muniu da ideologia pr\u00f3-fascista para atrair o eleitorado.<\/p>\n<p>Mas a verdade \u00e9 que, em cada dia que passa, com esta equipa de \u00abpseudo-patriotas\u00bb no poder, os dirigidos est\u00e3o a tornar-se cada vez menos. Isto aplica-se tamb\u00e9m \u00e0s pessoas que pertencem \u00e0s chamadas \u00abnacionalidades estrangeiras\u00bb\u2026 Em geral, todos est\u00e3o a morrer e a sofrer na Ucr\u00e2nia.<\/p>\n<p><strong>N\u00fameros da vergonha <\/strong><\/p>\n<p>Por mais triste que seja temos de constatar que a composi\u00e7\u00e3o da \u00abna\u00e7\u00e3o\u00bb de que eles falam \u00e9 a seguinte. Restam ao todo na Ucr\u00e2nia cerca de 46 milh\u00f5es de pessoas, dos quais:<\/p>\n<p>\u2022\tcerca de dez milh\u00f5es de ucranianos vivem abaixo do limiar da pobreza;<\/p>\n<p>\u2022\tmais de tr\u00eas milh\u00f5es est\u00e3o desempregados;<\/p>\n<p>\u2022\tcerca de 1,5 milh\u00f5es passam fome;<\/p>\n<p>\u2022\tcerca de dez milh\u00f5es de reformados recebem a pens\u00e3o m\u00ednima;<\/p>\n<p>\u2022\tcerca de 190 mil ucranianos adoecem anualmente de cancro, morrendo 900 em cada 1500 pacientes;<\/p>\n<p>\u2022\tcerca de 700 mil pessoas sofrem de tuberculose, segundo dados estat\u00edsticos do Minist\u00e9rio da Sa\u00fade da Ucr\u00e2nia;<\/p>\n<p>\u2022\t440 mil pessoas est\u00e3o infectadas com o v\u00edrus da SIDA;<\/p>\n<p>\u2022\tcerca de 150 mil pessoas est\u00e3o na pris\u00e3o;<\/p>\n<p>\u2022\tcerca de 900 mil pessoas sofrem de alcoolismo cr\u00f3nico;<\/p>\n<p>\u2022\tcerca de 500 mil toxicodependentes est\u00e3o registados oficialmente, segundo dados do Minist\u00e9rio do Interior;<\/p>\n<p>\u2022\tquase 200 mil crian\u00e7as vivem na rua;<\/p>\n<p>\u2022\tcerca de um milh\u00e3o de pessoas n\u00e3o t\u00eam abrigo;<\/p>\n<p>\u2022\t19 milh\u00f5es s\u00e3o fumadores, 66 por cento dos homens e 20 por cento mulheres.<\/p>\n<p>Se a isto acrescentarmos ainda o ressurgimento do analfabetismo e a degrada\u00e7\u00e3o moral da juventude, o quadro torna-se muito triste.<\/p>\n<p>\u00c9 preciso sublinhar que aqueles que conduziram e continuam a conduzir as reformas de mercado capitalistas devem ser responsabilizados por todas estas desgra\u00e7as. S\u00e3o os partidos de direita, s\u00e3o os pol\u00edticos liberais. Eles est\u00e3o hoje no poder. N\u00e3o existem diferen\u00e7as entre eles. Os capitalistas s\u00e3o os mesmos independentemente da m\u00e1scara. Tendo em conta tudo o que atr\u00e1s foi dito, cada cidad\u00e3o deve colocar a si pr\u00f3prio as correspondentes perguntas e, sobretudo, esfor\u00e7ar-se por encontrar as respostas l\u00f3gicas, designadamente \u00e0 seguinte quest\u00e3o: por que \u00e9 que em dada altura votou a favor dos milion\u00e1rios e continuar\u00e1 a faz\u00ea-lo no futuro?<\/p>\n<p>Publicado no jornal Komunist (06.11), \u00f3rg\u00e3o do Partido Comunista da Ucr\u00e2nia<\/p>\n<p>Dispon\u00edvel em russo em:<\/p>\n<p><a href=\"http:\/\/www.komunist.com.ua\/article\/27\/10381.htm\">http:\/\/www.komunist.com.ua\/article\/27\/10381.htm<\/a><\/p>\n<p>Tradu\u00e7\u00e3o, t\u00edtulo e subt\u00edtulos da responsabilidade da Redac\u00e7\u00e3o do Avante!<\/p>\n<p>* Colaborador de Komunist, \u00f3rg\u00e3o do Partido Comunista da Ucr\u00e2nia<\/p>\n<p>Este texto foi publicado no Avante n\u00ba 1.880 de 10 de Dezembro de 2009<\/p>\n","protected":false},"excerpt":{"rendered":"\n\n\nMapa Ucr\u00e2nia\n\n\n\n\nNeste texto, Denis Netcheporuk depois de fazer um retrato comparativo da Ucr\u00e2nia de antes da derrota do socialismo com os dias de hoje conclui: \u201cTodas as reformas de mercado conflu\u00edram para o mesmo fim: a privatiza\u00e7\u00e3o da propriedade social, a destrui\u00e7\u00e3o das explora\u00e7\u00f5es colectivas e a implanta\u00e7\u00e3o sucessiva de um regime liberal ao servi\u00e7o dos grandes propriet\u00e1rios. Infelizmente tudo foi feito para proporcionar a prosperidade de uma minoria e a pauperiza\u00e7\u00e3o da maioria\u201d.\nDenis Netcheporuk* &#8211; 15.12.09\n<a class=\"moretag\" href=\"https:\/\/pcb.org.br\/portal2\/60\"> <\/a>","protected":false},"author":1,"featured_media":0,"comment_status":"open","ping_status":"open","sticky":false,"template":"","format":"standard","meta":{"jetpack_post_was_ever_published":false,"_jetpack_newsletter_access":"","_jetpack_dont_email_post_to_subs":false,"_jetpack_newsletter_tier_id":0,"_jetpack_memberships_contains_paywalled_content":false,"_jetpack_memberships_contains_paid_content":false,"footnotes":"","jetpack_publicize_message":"","jetpack_publicize_feature_enabled":true,"jetpack_social_post_already_shared":false,"jetpack_social_options":{"image_generator_settings":{"template":"highway","default_image_id":0,"font":"","enabled":false},"version":2}},"categories":[36],"tags":[],"class_list":["post-60","post","type-post","status-publish","format-standard","hentry","category-c41-unidade-comunista"],"jetpack_publicize_connections":[],"jetpack_featured_media_url":"","jetpack_shortlink":"https:\/\/wp.me\/p659gw-Y","jetpack-related-posts":[],"jetpack_likes_enabled":true,"jetpack_sharing_enabled":true,"_links":{"self":[{"href":"https:\/\/pcb.org.br\/portal2\/wp-json\/wp\/v2\/posts\/60","targetHints":{"allow":["GET"]}}],"collection":[{"href":"https:\/\/pcb.org.br\/portal2\/wp-json\/wp\/v2\/posts"}],"about":[{"href":"https:\/\/pcb.org.br\/portal2\/wp-json\/wp\/v2\/types\/post"}],"author":[{"embeddable":true,"href":"https:\/\/pcb.org.br\/portal2\/wp-json\/wp\/v2\/users\/1"}],"replies":[{"embeddable":true,"href":"https:\/\/pcb.org.br\/portal2\/wp-json\/wp\/v2\/comments?post=60"}],"version-history":[{"count":0,"href":"https:\/\/pcb.org.br\/portal2\/wp-json\/wp\/v2\/posts\/60\/revisions"}],"wp:attachment":[{"href":"https:\/\/pcb.org.br\/portal2\/wp-json\/wp\/v2\/media?parent=60"}],"wp:term":[{"taxonomy":"category","embeddable":true,"href":"https:\/\/pcb.org.br\/portal2\/wp-json\/wp\/v2\/categories?post=60"},{"taxonomy":"post_tag","embeddable":true,"href":"https:\/\/pcb.org.br\/portal2\/wp-json\/wp\/v2\/tags?post=60"}],"curies":[{"name":"wp","href":"https:\/\/api.w.org\/{rel}","templated":true}]}}