{"id":6037,"date":"2014-03-29T17:49:17","date_gmt":"2014-03-29T17:49:17","guid":{"rendered":"http:\/\/pcb.org.br\/portal2\/?p=6037"},"modified":"2014-03-29T17:49:17","modified_gmt":"2014-03-29T17:49:17","slug":"ditadura-nunca-mais","status":"publish","type":"post","link":"https:\/\/pcb.org.br\/portal2\/6037","title":{"rendered":"Ditadura Nunca Mais!"},"content":{"rendered":"\n<p><strong>Ato Unificado convocado por mais de 70 organiza\u00e7\u00f5es no ex-DOI Codi de S\u00e3o Paulo, no dia 31\/3, e Jornada Resistente no Memorial da Resist\u00eancia de S\u00e3o Paulo nos dias 31\/3 e 1\/4 marcam rep\u00fadio ao golpe civil-militar de 1964.<\/strong><\/p>\n<p>No dia 31 de mar\u00e7o de 2014, completam-se 50 anos do golpe que instituiu a ditadura militar brasileira.<\/p>\n<p>O valor simb\u00f3lico de realizar o ato \u201cDitadura Nunca Mais: 50 anos do golpe militar\u201d nesse pr\u00e9dio tombado da Rua Tutoia, que abrigou o DOI-CODI e que agora deve ser convertido em um lugar de mem\u00f3ria, \u00e9 enorme para o movimento de direitos humanos em nosso pa\u00eds.<\/p>\n<p>Por essas raz\u00f5es, as entidades e organismos que assinam a presente convocat\u00f3ria chamam a todas e todos para participarem e divulgarem esse ato no dia 31 de mar\u00e7o de 2014, a partir das 10h, no p\u00e1tio externo do pr\u00e9dio da Rua Tutoia, n\u00ba 921.<\/p>\n<p>Que 2014 seja n\u00e3o apenas o ano da verdade, mas tamb\u00e9m o da justi\u00e7a.<\/p>\n<p>Ditadura Nunca Mais! Puni\u00e7\u00e3o aos Torturadores de Ontem e de Hoje!<\/p>\n<p>Leia a not\u00edcia completa e conhe\u00e7a as organiza\u00e7\u00f5es e personalidades que convocam este ato clicando neste link.<\/p>\n<p>A Jornada Resistente \u00e9 uma programa\u00e7\u00e3o realizada pelo Memorial da Resist\u00eancia em parceria com a Pinacoteca do Estado, o N\u00facleo de Preserva\u00e7\u00e3o da Mem\u00f3ria Pol\u00edtica e o F\u00f3rum Permanente dos ex-Presos e Perseguidos Pol\u00edticos de S\u00e3o Paulo para marcar o anivers\u00e1rio de 50 anos do golpe civil-militar de 1964.<\/p>\n<p>Ser\u00e3o dois dias com apresenta\u00e7\u00f5es art\u00edsticas, exibi\u00e7\u00e3o de document\u00e1rios, debates e palestras, visando \u00e0 compreens\u00e3o e \u00e0 rememora\u00e7\u00e3o dos acontecimentos hist\u00f3ricos que marcaram o pa\u00eds.<\/p>\n<p>31 DE MAR\u00c7O (segunda-feira)<\/p>\n<p>14h: \u201c50 anos do golpe: impunidades e reminisc\u00eancias\u201d<\/p>\n<p>Palestra com Vera Paiva e Marcelo Rubens Paiva, filhos de Rubens Paiva.<\/p>\n<p>16h: Exibi\u00e7\u00e3o do document\u00e1rio \u201cMem\u00f3rias da Resist\u00eancia\u201d (2014, 70 min) seguida de debate com o diretor Marco Ant\u00f4nio Escriv\u00e3o.<\/p>\n<p>17h30: Pe\u00e7a de teatro \u201cMaria, sou eu\u201d. Mon\u00f3logo de Alessandra San Martin.<\/p>\n<p>1\u00ba DE ABRIL (ter\u00e7a-feira)<\/p>\n<p>14h: Exibi\u00e7\u00e3o dos document\u00e1rios \u201cEm Nome da Seguran\u00e7a Nacional\u201d (1984, 48 min) e \u201cO Fim do Esquecimento\u201d (2013, 54 min) acompanhada de debate com o diretor Renato Tapaj\u00f3s.<\/p>\n<p>16h30: Show po\u00e9tico-musical \u201cAs M\u00fasicas Inquietas\u201d, do grupo de teatro Cia. do Tijolo. Atrav\u00e9s de poemas e m\u00fasicas que se tornaram o s\u00edmbolo da resist\u00eancia contra a ditadura, o espet\u00e1culo vai tra\u00e7ando as linhas como um bordado que deseja reescrever a hist\u00f3ria.<\/p>\n","protected":false},"excerpt":{"rendered":"\n<a class=\"moretag\" href=\"https:\/\/pcb.org.br\/portal2\/6037\"> <\/a>","protected":false},"author":1,"featured_media":0,"comment_status":"open","ping_status":"open","sticky":false,"template":"","format":"standard","meta":{"jetpack_post_was_ever_published":false,"_jetpack_newsletter_access":"","_jetpack_dont_email_post_to_subs":false,"_jetpack_newsletter_tier_id":0,"_jetpack_memberships_contains_paywalled_content":false,"_jetpack_memberships_contains_paid_content":false,"footnotes":"","jetpack_publicize_message":"","jetpack_publicize_feature_enabled":true,"jetpack_social_post_already_shared":false,"jetpack_social_options":{"image_generator_settings":{"template":"highway","default_image_id":0,"font":"","enabled":false},"version":2}},"categories":[53],"tags":[],"class_list":["post-6037","post","type-post","status-publish","format-standard","hentry","category-c64-ditadura"],"jetpack_publicize_connections":[],"jetpack_featured_media_url":"","jetpack_shortlink":"https:\/\/wp.me\/p659gw-1zn","jetpack-related-posts":[],"jetpack_likes_enabled":true,"jetpack_sharing_enabled":true,"_links":{"self":[{"href":"https:\/\/pcb.org.br\/portal2\/wp-json\/wp\/v2\/posts\/6037","targetHints":{"allow":["GET"]}}],"collection":[{"href":"https:\/\/pcb.org.br\/portal2\/wp-json\/wp\/v2\/posts"}],"about":[{"href":"https:\/\/pcb.org.br\/portal2\/wp-json\/wp\/v2\/types\/post"}],"author":[{"embeddable":true,"href":"https:\/\/pcb.org.br\/portal2\/wp-json\/wp\/v2\/users\/1"}],"replies":[{"embeddable":true,"href":"https:\/\/pcb.org.br\/portal2\/wp-json\/wp\/v2\/comments?post=6037"}],"version-history":[{"count":0,"href":"https:\/\/pcb.org.br\/portal2\/wp-json\/wp\/v2\/posts\/6037\/revisions"}],"wp:attachment":[{"href":"https:\/\/pcb.org.br\/portal2\/wp-json\/wp\/v2\/media?parent=6037"}],"wp:term":[{"taxonomy":"category","embeddable":true,"href":"https:\/\/pcb.org.br\/portal2\/wp-json\/wp\/v2\/categories?post=6037"},{"taxonomy":"post_tag","embeddable":true,"href":"https:\/\/pcb.org.br\/portal2\/wp-json\/wp\/v2\/tags?post=6037"}],"curies":[{"name":"wp","href":"https:\/\/api.w.org\/{rel}","templated":true}]}}