{"id":6039,"date":"2014-03-29T20:04:28","date_gmt":"2014-03-29T20:04:28","guid":{"rendered":"http:\/\/pcb.org.br\/portal2\/?p=6039"},"modified":"2014-03-29T20:04:28","modified_gmt":"2014-03-29T20:04:28","slug":"belo-horizonte-troca-nome-de-viaduto-castelo-branco-para-homenagear-militante-helena-greco-rede-brasil-atual","status":"publish","type":"post","link":"https:\/\/pcb.org.br\/portal2\/6039","title":{"rendered":"Belo Horizonte troca nome de viaduto Castelo Branco para homenagear militante Helena Greco &#8212; Rede Brasil Atual"},"content":{"rendered":"\n<p><strong>Proposta foi aprovada ontem (25) pela C\u00e2mara Municipal de Belo Horizonte. Helena Greco lutou a favor dos direitos humanos e fez parte do grupo Tortura Nunca Mais<\/strong><\/p>\n<p>Reda\u00e7\u00e3o RBA<\/p>\n<p>S\u00e3o Paulo \u2013 A C\u00e2mara Municipal de Belo Horizonte aprovou ontem (25) projeto de lei que rebatiza o antigo viaduto Presidente Castelo Branco com o nome Dona Helena Greco, militante dos direitos humanos no per\u00edodo da ditadura (1964-1985). Desde 2012, o elevado que liga a regi\u00e3o noroeste ao centro da cidade, na avenida Bias Fortes, estava oficialmente sem nome porque o decreto que o nomeava, de 1971, foi revogado pela Lei 10.562. Agora, com a aprova\u00e7\u00e3o do PL 646, de 2013, o viaduto n\u00e3o carregar\u00e1 mais a mem\u00f3ria do primeiro presidente militar p\u00f3s-golpe.<\/p>\n<p>A proposta do vereador Tarc\u00edsio Caxieta (PT) precisa ser sancionada pelo prefeito de Belo Horizonte, Marcos Lacerda (PSB). Helena morreu em 2011, aos 95 anos. Al\u00e9m de ter sido vereadora na cidade, a mineira integrava o grupo Tortura Nunca Mais e participou da funda\u00e7\u00e3o do Movimento Feminino pela Anistia no estado.<\/p>\n<p>Outro projeto de lei no mesmo sentido tramita na Assembleia Legislativa de Minas Gerais (AL MG). O PL 3.795, redigido em 2013 pelo vereador Paulo Lamac (PT), pro\u00edbe qualquer tipo de homenagem a pessoas que participaram de crimes e viola\u00e7\u00f5es dos direitos humanos no per\u00edodo da ditadura em equipamentos e bens p\u00fablicos do estado. A proposta est\u00e1 pronta para ser votada.<\/p>\n<p>Com a aprova\u00e7\u00e3o do novo nome para o viaduto da avenida Bias Fortes, Belo Horizonte j\u00e1 tem tr\u00eas nomes de locais p\u00fablicos alterados por alus\u00e3o \u00e0 tortura e aos crimes cometidos durante o regime. Em 1993, a rua Dan Mitrione passou a se chamar Jos\u00e9 Carlos da Mata Machado, ex-dirigente da Uni\u00e3o Nacional dos Estudantes (UNE), e o viaduto Costa e Silva teve, em 2012, o nome substitu\u00eddo por Jos\u00e9 Maria Magalh\u00e3es, deputado estadual pela UDN.<\/p>\n<p>http:\/\/www.redebrasilatual.com.br\/cidadania\/2014\/03\/viaduto-castelo-branco-em-bh-passa-a-levar-nome-da-militante-da-ditadura-helena-greco-4164.html<\/p>\n","protected":false},"excerpt":{"rendered":"\n<a class=\"moretag\" href=\"https:\/\/pcb.org.br\/portal2\/6039\"> <\/a>","protected":false},"author":1,"featured_media":0,"comment_status":"open","ping_status":"open","sticky":false,"template":"","format":"standard","meta":{"jetpack_post_was_ever_published":false,"_jetpack_newsletter_access":"","_jetpack_dont_email_post_to_subs":false,"_jetpack_newsletter_tier_id":0,"_jetpack_memberships_contains_paywalled_content":false,"_jetpack_memberships_contains_paid_content":false,"footnotes":"","jetpack_publicize_message":"","jetpack_publicize_feature_enabled":true,"jetpack_social_post_already_shared":false,"jetpack_social_options":{"image_generator_settings":{"template":"highway","default_image_id":0,"font":"","enabled":false},"version":2}},"categories":[53],"tags":[],"class_list":["post-6039","post","type-post","status-publish","format-standard","hentry","category-c64-ditadura"],"jetpack_publicize_connections":[],"jetpack_featured_media_url":"","jetpack_shortlink":"https:\/\/wp.me\/p659gw-1zp","jetpack-related-posts":[],"jetpack_likes_enabled":true,"jetpack_sharing_enabled":true,"_links":{"self":[{"href":"https:\/\/pcb.org.br\/portal2\/wp-json\/wp\/v2\/posts\/6039","targetHints":{"allow":["GET"]}}],"collection":[{"href":"https:\/\/pcb.org.br\/portal2\/wp-json\/wp\/v2\/posts"}],"about":[{"href":"https:\/\/pcb.org.br\/portal2\/wp-json\/wp\/v2\/types\/post"}],"author":[{"embeddable":true,"href":"https:\/\/pcb.org.br\/portal2\/wp-json\/wp\/v2\/users\/1"}],"replies":[{"embeddable":true,"href":"https:\/\/pcb.org.br\/portal2\/wp-json\/wp\/v2\/comments?post=6039"}],"version-history":[{"count":0,"href":"https:\/\/pcb.org.br\/portal2\/wp-json\/wp\/v2\/posts\/6039\/revisions"}],"wp:attachment":[{"href":"https:\/\/pcb.org.br\/portal2\/wp-json\/wp\/v2\/media?parent=6039"}],"wp:term":[{"taxonomy":"category","embeddable":true,"href":"https:\/\/pcb.org.br\/portal2\/wp-json\/wp\/v2\/categories?post=6039"},{"taxonomy":"post_tag","embeddable":true,"href":"https:\/\/pcb.org.br\/portal2\/wp-json\/wp\/v2\/tags?post=6039"}],"curies":[{"name":"wp","href":"https:\/\/api.w.org\/{rel}","templated":true}]}}