{"id":6055,"date":"2014-03-31T20:12:32","date_gmt":"2014-03-31T20:12:32","guid":{"rendered":"http:\/\/pcb.org.br\/portal2\/?p=6055"},"modified":"2014-03-31T20:12:32","modified_gmt":"2014-03-31T20:12:32","slug":"para-que-nunca-mais-aconteca-2","status":"publish","type":"post","link":"https:\/\/pcb.org.br\/portal2\/6055","title":{"rendered":"Para que nunca mais aconte\u00e7a!"},"content":{"rendered":"\n<p>H\u00e1 <strong>50<\/strong> anos, no <strong>1\u00ba de Abril de l964<\/strong>, o povo brasileiro foi surpreendido com a ocupa\u00e7\u00e3o de ruas e \u00e1reas estrat\u00e9gicas, por tropas das <em>For\u00e7as Armadas<\/em>, em todas as cidades do pa\u00eds. Era ent\u00e3o o <em><strong>Dia da Mentira<\/strong><\/em>&#8230;<\/p>\n<p>Nesta data, um <em><strong>golpe civil-militar<\/strong><\/em> acabava com a democracia no pa\u00eds e <em>Pernambuco<\/em> passa a ser palco de intensa repress\u00e3o, que come\u00e7a com o assassinato dos jovens estudantes <em><strong>Jonas Jos\u00e9 de Albuquerque Barros <\/strong><\/em>e <em><strong>Ivan da Rocha Aguiar<\/strong><\/em>, no centro de Recife. O l\u00edder comunista <em><strong>Greg\u00f3rio Bezerra<\/strong><\/em> \u00e9 <em>preso<\/em>, <em>torturado<\/em> e <em>arrastado <\/em>pelas ruas do bairro de Casa Forte, no dia seguinte, diante da popula\u00e7\u00e3o estarrecida e surpresa com t\u00e3o grotesca cena. E assim, durante <strong>21<\/strong> anos in\u00fameras pessoas foram perseguidas e submetidas a <em>pris\u00f5es<\/em>, <em>torturas<\/em> e <em>assassinatos,<\/em> nos por\u00f5es dos \u00f3rg\u00e3os da repress\u00e3o.<\/p>\n<p>Para registro da hist\u00f3ria, \u00e9 oportuno lembrar que, nesta data foi imposto ao Brasil um governo de exce\u00e7\u00e3o, substituindo o <em>Presidente da Rep\u00fablica,<\/em> que fora eleito nos termos da <em><strong>Constitui\u00e7\u00e3o de 1946<\/strong><\/em>, ent\u00e3o em vigor. Logo em seguida, simulando uma simples altera\u00e7\u00e3o da ordem legal, foi publicado, no dia <strong>10\/04\/1964,<\/strong> um comunicado regimental (<em><strong>Ato Institucional n\u00ba 1)<\/strong><\/em>, no qual se dizia que ficava mantida esta <em>Carta Magna<\/em>. Mas, contrariando esse mesmo engodo, quem assinava o documento era um \u201c<em>Comando<\/em><em>Supremo da Revolu\u00e7\u00e3o\u201d<\/em> &#8211; n\u00e3o previsto nesta mesma <em>Constitui\u00e7\u00e3o<\/em>, no qual se impunham regras <em>flagrantemente <\/em>inconstitucionais.<\/p>\n<p>Basta assinalar que o <em><strong>artigo 4\u00ba<\/strong><\/em> daquele ato dispunha que \u201c<em>o Presidente da Rep\u00fablica &#8211; sem as limita\u00e7\u00f5es previstas na Constitui\u00e7\u00e3o &#8211; poder\u00e1 suspender os direitos pol\u00edticos de quaisquer cidad\u00e3os pelo prazo de <\/em><strong>10<\/strong><em> anos e cassar mandatos eletivos federais, estaduais e municipais<\/em>&#8220;.<\/p>\n<p>No decorrer do tempo, uma <em>Lei de Anistia Pol\u00edtica<\/em> foi aprovada e sancionada no dia <strong>28\/08\/1979<\/strong>, em plena vig\u00eancia do regime ditatorial (<strong>1964-1985<\/strong>), permitindo a volta \u00e0 normalidade dos que tinham sidos <em>processados<\/em>, <em>deportados<\/em>, <em>exilados<\/em> e se encontravam em <em>estado de clandestinidade<\/em>. Medida esta que, indiretamente, veio favorecer tamb\u00e9m os que estavam nos c\u00e1rceres, embora a citada lei n\u00e3o os inclu\u00edsse, por terem \u201c<em>cometido crimes de sangue<\/em>\u201d. E para justificar esta anistia os tribunais militares come\u00e7aram a reduzir as penas impostas aos presos pol\u00edticos, que tinham o apoio de den\u00fancias p\u00fablicas no pa\u00eds e no exterior.<\/p>\n<p>Entretanto, ainda hoje continuam insepultos para as suas fam\u00edlias, muitos dos que foram<em><strong>mortos<\/strong><\/em><em> e <\/em><em><strong>enterrados<\/strong><\/em>em lugares n\u00e3o revelados, pois os principais arquivos da ditadura militar <em>n\u00e3o foram abertos<\/em>, impedindo o acesso \u00e0s informa\u00e7\u00f5es e ao conhecimento de tudo o que aconteceu naquele triste per\u00edodo. Motivo pelo qual, relembramos todos os anos esses fatos e acontecimentos em um Ato P\u00fablico, para queisso <em>nunca mais aconte\u00e7a<\/em>!<\/p>\n<p><strong>Pela abertura de todos os arquivos da ditadura!<\/strong><\/p>\n<p><strong>Pela localiza\u00e7\u00e3o dos \u201ccorpos\u201d dos desaparecidos pol\u00edticos!<\/strong><\/p>\n<p><strong>Pela puni\u00e7\u00e3o de todos os agentes torturadores!<\/strong><\/p>\n<p>Recife (PE), 1\u00ba de abril de 2014.<\/p>\n<p><strong>F\u00f3rum Permanente da Anistia em Pernambuco<\/strong><\/p>\n<p>forumanistiape@gmail.com<\/p>\n<p><strong>Recife &#8211; Pernambuco &#8211; Brasil<\/strong><\/p>\n","protected":false},"excerpt":{"rendered":"\n<a class=\"moretag\" href=\"https:\/\/pcb.org.br\/portal2\/6055\"> <\/a>","protected":false},"author":1,"featured_media":0,"comment_status":"open","ping_status":"open","sticky":false,"template":"","format":"standard","meta":{"jetpack_post_was_ever_published":false,"_jetpack_newsletter_access":"","_jetpack_dont_email_post_to_subs":false,"_jetpack_newsletter_tier_id":0,"_jetpack_memberships_contains_paywalled_content":false,"_jetpack_memberships_contains_paid_content":false,"footnotes":"","jetpack_publicize_message":"","jetpack_publicize_feature_enabled":true,"jetpack_social_post_already_shared":false,"jetpack_social_options":{"image_generator_settings":{"template":"highway","default_image_id":0,"font":"","enabled":false},"version":2}},"categories":[53],"tags":[],"class_list":["post-6055","post","type-post","status-publish","format-standard","hentry","category-c64-ditadura"],"jetpack_publicize_connections":[],"jetpack_featured_media_url":"","jetpack_shortlink":"https:\/\/wp.me\/p659gw-1zF","jetpack-related-posts":[],"jetpack_likes_enabled":true,"jetpack_sharing_enabled":true,"_links":{"self":[{"href":"https:\/\/pcb.org.br\/portal2\/wp-json\/wp\/v2\/posts\/6055","targetHints":{"allow":["GET"]}}],"collection":[{"href":"https:\/\/pcb.org.br\/portal2\/wp-json\/wp\/v2\/posts"}],"about":[{"href":"https:\/\/pcb.org.br\/portal2\/wp-json\/wp\/v2\/types\/post"}],"author":[{"embeddable":true,"href":"https:\/\/pcb.org.br\/portal2\/wp-json\/wp\/v2\/users\/1"}],"replies":[{"embeddable":true,"href":"https:\/\/pcb.org.br\/portal2\/wp-json\/wp\/v2\/comments?post=6055"}],"version-history":[{"count":0,"href":"https:\/\/pcb.org.br\/portal2\/wp-json\/wp\/v2\/posts\/6055\/revisions"}],"wp:attachment":[{"href":"https:\/\/pcb.org.br\/portal2\/wp-json\/wp\/v2\/media?parent=6055"}],"wp:term":[{"taxonomy":"category","embeddable":true,"href":"https:\/\/pcb.org.br\/portal2\/wp-json\/wp\/v2\/categories?post=6055"},{"taxonomy":"post_tag","embeddable":true,"href":"https:\/\/pcb.org.br\/portal2\/wp-json\/wp\/v2\/tags?post=6055"}],"curies":[{"name":"wp","href":"https:\/\/api.w.org\/{rel}","templated":true}]}}