{"id":6070,"date":"2014-04-03T04:13:43","date_gmt":"2014-04-03T04:13:43","guid":{"rendered":"http:\/\/pcb.org.br\/portal2\/?p=6070"},"modified":"2014-04-03T04:13:43","modified_gmt":"2014-04-03T04:13:43","slug":"os-povos-da-europa-podem-quebrar-as-correntes-da-ue-e-dos-monopolios","status":"publish","type":"post","link":"https:\/\/pcb.org.br\/portal2\/6070","title":{"rendered":"Os povos da Europa podem quebrar as correntes da UE e dos monop\u00f3lios"},"content":{"rendered":"\n<p>Queridos amigos e camaradas,<\/p>\n<p>A iniciativa do KKE, hoje aqui realizada, no Parlamento Europeu, sobre o tema &#8220;Os comunistas na vanguarda da luta de classes pelo socialismo \u2013 denunciamos o anticomunismo&#8221; \u00e9 um verdadeiro desafio. Um desafio para aqueles que pretendem convencer os povos que o preto \u00e9 branco, para aqueles que procuram, de uma forma organizada e planeada, reescrever a Hist\u00f3ria, em particular a hist\u00f3ria dos \u00faltimos 100 anos, a come\u00e7ar com a Grande Revolu\u00e7\u00e3o de Outubro e focando-se mais na hist\u00f3ria da Segunda Guerra Mundial.<\/p>\n<p>\u00c9 um desafio para a pr\u00f3pria UE, que est\u00e1 a liderar ideologicamente e na pr\u00e1tica a ofensiva anti-socialista (como a sua &#8220;Posi\u00e7\u00e3o Comum&#8221; contra Cuba demonstra), assim como, com os seus aparelhos pol\u00edticos e ideol\u00f3gicos, desempenha um papel principal na campanha para difamar o movimento oper\u00e1rio, o movimento comunista e o socialismo que conhecemos \u2013 uma campanha que \u00e9 perigosa para os povos.<\/p>\n<p>A escolha deste tema n\u00e3o \u00e9 acidental. Especialmente na conjuntura atual, nesta fase onde o papel reacion\u00e1rio da UE, como uma uni\u00e3o do capital, um inimigo dos povos, tem sido ainda mais \u00f3bvio. A crise capitalista econ\u00f3mica exp\u00f4s, ainda mais, este ninho de vespas dos monop\u00f3lios que existem para sugar completamente os povos, para servir o lucro dos grupos monopolistas. Esta \u00e9 uma uni\u00e3o que desde o primeiro momento da sua funda\u00e7\u00e3o teve uma frente aberta contra os pa\u00edses socialistas, contra as lutas dos povos, o movimento oper\u00e1rio e popular, contra a luta anti-imperialista e a luta por uma sociedade livre da explora\u00e7\u00e3o capitalista.<\/p>\n<p>O caminho para as elei\u00e7\u00f5es ao Parlamento Europeu, em maio, dar-nos-\u00e1 a possibilidade de sublinhar tais aspetos referentes a este edif\u00edcio imperialista chamado UE e que, claro, n\u00e3o \u00e9 a &#8220;Europa&#8221;, como eles gostariam de nos convencer. A Europa dos povos, da justi\u00e7a, da prosperidade dos povos, do socialismo chegar\u00e1 atrav\u00e9s do derrube deste edif\u00edcio reacion\u00e1rio e corrupto. Por esta raz\u00e3o deve ser combatido em cada pa\u00eds e na Europa como um todo. A necessidade do poder do povo, com a socializa\u00e7\u00e3o da riqueza que os povos da Europa produzem, com a emancipa\u00e7\u00e3o em rela\u00e7\u00e3o \u00e0s algemas da UE e da Uni\u00e3o Monet\u00e1ria, \u00e9 o que pode planear o futuro, o desenvolvimento com trabalho permanente e est\u00e1vel para todos, sem desemprego, com direitos e liberdades que comecem no local de trabalho, em cada setor, com os povos como protagonistas dos desenvolvimentos, com soberania e verdadeiramente livres. Os donos das suas vidas.<\/p>\n<p>Esta iniciativa \u00e9 mais uma demonstra\u00e7\u00e3o de que o KKE e o movimento oper\u00e1rio e popular na Gr\u00e9cia n\u00e3o t\u00eam qualquer inten\u00e7\u00e3o de se ajoelhar perante o ataque difamat\u00f3rio que distorce a realidade. Pelo contr\u00e1rio, far\u00e1 tudo o que puder para que os povos trabalhadores saibam a verdade sobre o contributo dos comunistas e dos pa\u00edses socialistas para a grande causa da aboli\u00e7\u00e3o da explora\u00e7\u00e3o do homem pelo homem.<\/p>\n<p>Continuaremos a retirar li\u00e7\u00f5es das conquistas mas tamb\u00e9m das fraquezas, dos erros, dos desvios da nossa teoria que, finalmente, acabou por levar \u00e0 restaura\u00e7\u00e3o do capitalismo nos antigos pa\u00edses socialistas.<\/p>\n<p>N\u00e3o abandonaremos o esfor\u00e7o e a luta pelo poder da classe oper\u00e1ria e do povo, pela constru\u00e7\u00e3o de uma nova sociedade, a sociedade socialista-comunista. N\u00e3o somos niilistas, n\u00e3o &#8220;atiraremos o beb\u00e9 com a \u00e1gua do banho&#8221;, como fazem as for\u00e7as do oportunismo, as for\u00e7as que desempenham um papel de destaque no &#8220;Partido da Esquerda Europeia&#8221;, que adotam todas as constru\u00e7\u00f5es ideol\u00f3gicas obsoletas da burguesia para justificar a sua assimila\u00e7\u00e3o e manipula\u00e7\u00e3o por essa classe e o facto de que desistiram da luta pela mudan\u00e7a radical da sociedade, pelo derrube do capitalismo e a constru\u00e7\u00e3o do socialismo.<\/p>\n<p>Gostar\u00edamos de agradecer a todos os amigos que responderam ao apelo do KKE, em especial aos camaradas dos Partidos Comunistas e Oper\u00e1rios que est\u00e3o presentes nesta iniciativa. O nosso partido est\u00e1 comprometido com o princ\u00edpio do internacionalismo prolet\u00e1rio. Atua como parte do movimento comunista internacional e deste ponto de vista permanece de todas as formas poss\u00edveis ao lado dos partidos comunistas que sofrem um claro ataque anticomunista nos seus pa\u00edses, um cruel anticomunismo, com a proibi\u00e7\u00e3o de partidos, s\u00edmbolos e com a criminaliza\u00e7\u00e3o da defesa do caminho socialista de desenvolvimento.<\/p>\n<p>Nos \u00faltimos anos, o nosso partido tem reiterado v\u00e1rias vezes estes assuntos, tanto aqui, no Parlamento Europeu, como tamb\u00e9m na Gr\u00e9cia, atrav\u00e9s dos m\u00e9dia e atrav\u00e9s de protestos nas embaixadas dos pa\u00edses que aprovam tais medidas, sublinhando que os comunistas nesses pa\u00edses t\u00eam o nosso total apoio.<\/p>\n<p>Este assunto diz respeito \u00e0 atividade conjunta dos partidos comunistas e oper\u00e1rios; \u00e9 uma frente permanente na luta pol\u00edtica e ideol\u00f3gica \u00e0 qual temos de responder. Temos em conta que a classe burguesa e os v\u00e1rios apologistas que defendem o sistema explorador est\u00e3o a tentar, com todos os meios \u00e0 sua disposi\u00e7\u00e3o, aniquilar a luta dos comunistas e caluniar o socialismo que foi constru\u00eddo na Uni\u00e3o Sovi\u00e9tica e nos outros pa\u00edses socialistas.<\/p>\n<p>Este ataque n\u00e3o \u00e9 acidental. Usam o passado como alvo para atacar o presente e aquilo que t\u00eam a certeza que vir\u00e1 no futuro. Atrav\u00e9s do ataque \u00e0 URSS e outros pa\u00edses socialistas tentam persuadir os povos que o desenvolvimento hist\u00f3rico terminou com o capitalismo; que os trabalhadores e outras camadas populares n\u00e3o podem esperar outra sociedade, em que os meios de produ\u00e7\u00e3o estejam nas suas m\u00e3os e em que sejam eles pr\u00f3prios a planificar a satisfa\u00e7\u00e3o das suas necessidades atuais, mas ter\u00e3o apenas que se restringir a &#8220;pequenas modifica\u00e7\u00f5es&#8221; ao capitalismo, ao esfor\u00e7o f\u00fatil da sua &#8220;humaniza\u00e7\u00e3o&#8221;.<\/p>\n<p>Os sangrentos acontecimentos em Kiev, na Ucr\u00e2nia, s\u00e3o uma muito clara demonstra\u00e7\u00e3o disto; est\u00e3o ligados com a interven\u00e7\u00e3o da UE e dos EUA nesse pa\u00eds e com a restaura\u00e7\u00e3o do capitalismo e a intensifica\u00e7\u00e3o da grande competi\u00e7\u00e3o daquelas pot\u00eancias com a R\u00fassia pelo controlo dos mercados, das mat\u00e9rias-primas e da rede de transportes do pa\u00eds.<\/p>\n<p>A liga\u00e7\u00e3o dos ucranianos \u00e0 R\u00fassia capitalista de hoje ou \u00e0 NATO e UE capitalistas n\u00e3o \u00e9 uma solu\u00e7\u00e3o para eles.<\/p>\n<p>A solu\u00e7\u00e3o para o povo da Ucr\u00e2nia \u00e9 o caminho do socialismo, da coopera\u00e7\u00e3o igualit\u00e1ria com os pa\u00edses vizinhos e com todos os pa\u00edses do mundo.<\/p>\n<p>Assim como h\u00e1 d\u00e9cadas, no quadro da ent\u00e3o Uni\u00e3o Sovi\u00e9tica, viveram e adquiriram grandes feitos com a paz, o progresso e o desenvolvimento.<\/p>\n<p>Isto explica o facto de \u2013 baseados em inqu\u00e9ritos de opini\u00e3o \u2013 a grande maioria do povo da Ucr\u00e2nia relembrar com carinho esses anos, os anos do socialismo.<\/p>\n<p>Queridos camaradas e amigos,<\/p>\n<p>No passado m\u00eas de novembro, o nosso partido celebrou 95 anos de vida e de atividade. O curso hist\u00f3rico do KKE como um todo justifica a necessidade da sua exist\u00eancia na sociedade grega. O KKE deu um conte\u00fado pol\u00edtico \u00e0s lutas dos trabalhadores contra a explora\u00e7\u00e3o capitalista e pagou o pre\u00e7o com muitas mortes, torturas e persegui\u00e7\u00f5es.<\/p>\n<p>Enfrentou a repress\u00e3o estatal por parte de todas as formas de poder burgu\u00eas. Demonstrou resist\u00eancia em condi\u00e7\u00f5es particularmente duras de ilegalidade, em v\u00e1rios per\u00edodos.<\/p>\n<p>Esteve na frente da luta armada contra a ocupa\u00e7\u00e3o pelos tr\u00eas poderes (Alemanha, It\u00e1lia e Bulg\u00e1ria), atrav\u00e9s da Resist\u00eancia de EAM-ELAS-EPON. Em duas ocasi\u00f5es, em dezembro de 1944 e na batalha dos tr\u00eas anos (1946\u20131949) do Ex\u00e9rcito Democr\u00e1tico da Gr\u00e9cia (EDG), o movimento oper\u00e1rio, encabe\u00e7ado pelo KKE, entrou no conflito armado contra o poder burgu\u00eas, apoiado pela interven\u00e7\u00e3o militar imperialista direta da Gr\u00e3-Bretanha e, posteriormente, dos EUA.<\/p>\n<p>No decurso dos seus 95 anos lutou contra o conceito de colabora\u00e7\u00e3o de classe dos explorados com os exploradores, com vista \u00e0 submiss\u00e3o daqueles a estes; defendeu as conquistas da classe oper\u00e1ria e do povo.<\/p>\n<p>Hoje, o KKE tem funda\u00e7\u00f5es te\u00f3ricas, hist\u00f3ricas e program\u00e1ticas que foram elaboradas coletivamente e podem tamb\u00e9m ajudar a metodologia e a dire\u00e7\u00e3o para a pesquisa de fen\u00f3menos relativamente recentes ou outros aspetos da sua hist\u00f3ria, assim como da hist\u00f3ria do movimento comunista internacional.<\/p>\n<p>A avalia\u00e7\u00e3o do partido no seu 18\u00ba Congresso relativamente ao socialismo que conhecemos na URSS, o Ensaio sobre a hist\u00f3ria do partido no per\u00edodo 1949\u20131968, que foi discutido no partido e aprovado numa confer\u00eancia nacional, o atual novo Programa do partido e as decis\u00f5es do 19\u00ba Congresso como um todo permitiram-nos avan\u00e7ar de uma forma din\u00e2mica e decisiva, numa base mais s\u00f3lida, para que o caminho para a restaura\u00e7\u00e3o das caracter\u00edsticas revolucion\u00e1rias do partido se torne irrevers\u00edvel, utilizando a experi\u00eancia da hist\u00f3ria do movimento comunista na Gr\u00e9cia, na Europa e em todo o mundo.<\/p>\n<p>Esta \u00e9 a fonte que assegurar\u00e1 a sua continuidade, assim como a sua vitalidade e juventude. O KKE marcha em dire\u00e7\u00e3o aos 100 anos do anivers\u00e1rio da sua exist\u00eancia, lutas e sacrif\u00edcios, enquanto continua a ser o partido &#8220;mais jovem&#8221;. Representa o novo, o necess\u00e1rio e o \u00fanico futuro progressista para a humanidade: a liberta\u00e7\u00e3o da classe oper\u00e1ria da explora\u00e7\u00e3o, o estabelecimento de novas rela\u00e7\u00f5es sociais, da propriedade social dos meios de produ\u00e7\u00e3o, planeamento central, a participa\u00e7\u00e3o ativa dos trabalhadores na organiza\u00e7\u00e3o e administra\u00e7\u00e3o da produ\u00e7\u00e3o social e servi\u00e7os sociais, isto \u00e9, representa o socialismo-comunismo.<\/p>\n<p>O KKE est\u00e1 ciente da grande parte de responsabilidade que carrega junto da classe oper\u00e1ria e do povo que est\u00e1 a sofrer na revitaliza\u00e7\u00e3o do movimento oper\u00e1rio e no refor\u00e7o da Alian\u00e7a Popular para dar resposta ao atual dever de defender e lutar pelos direitos da classe oper\u00e1ria e do povo, pelas necessidades dos jovens e ao dever de lutar para derrubar o sistema explorador, pela constru\u00e7\u00e3o da sociedade socialista- comunista.<\/p>\n<p>Camaradas e amigos,<\/p>\n<p>Todos estes anos o nosso partido defendeu a Grande Revolu\u00e7\u00e3o Socialista de Outubro, a contribui\u00e7\u00e3o do Socialismo na Uni\u00e3o Sovi\u00e9tica e nos outros pa\u00edses da constru\u00e7\u00e3o socialista.<\/p>\n<p>A contrarrevolu\u00e7\u00e3o e a queda do socialismo n\u00e3o podem negar um curso hist\u00f3rico que provou as vantagens da nova sociedade socialista. N\u00e3o significa o fim da luta de classes, subleva\u00e7\u00f5es populares e revolu\u00e7\u00f5es. A derrota tempor\u00e1ria traz experi\u00eancia. Os erros cometidos n\u00e3o podem ser comparados com a natureza de classe criminosa do capitalismo na sua fase imperialista. O Socialismo pode ter dado grandes passos atr\u00e1s, mas o capitalismo n\u00e3o tem futuro. O s\u00e9culo XXI ser\u00e1 um s\u00e9culo de novas revolu\u00e7\u00f5es, do irresist\u00edvel curso em dire\u00e7\u00e3o ao socialismo-comunismo. A constru\u00e7\u00e3o do socialismo na URSS e noutros pa\u00edses demonstra aos povos que pode existir uma sa\u00edda popular da crise capitalista que abarca cada vez mais e mais pa\u00edses, uma sa\u00edda dos impasses do capitalismo que est\u00e3o a apertar o estrangulamento da classe oper\u00e1ria e das camadas populares.<\/p>\n<p>Porque o socialismo demonstrou, por exemplo, que pode existir um sistema pol\u00edtico- social que erradicar\u00e1 a praga da nossa era, o desemprego. Um sistema que pode estabelecer e garantir n\u00e3o s\u00f3 o direito ao trabalho para todos, mas tamb\u00e9m um n\u00edvel de educa\u00e7\u00e3o superior, bem como servi\u00e7os de sa\u00fade gratuitos. Um sistema que se preocupa em garantir habita\u00e7\u00e3o para todos, alta qualidade de servi\u00e7os para a vida do povo (aquecimento, eletricidade, alimenta\u00e7\u00e3o, servi\u00e7os municipais, ambiente, etc).<\/p>\n<p>Permitam-me tamb\u00e9m sublinhar que quanto mais os EUA e outras for\u00e7as burguesas tentam instilar nas consci\u00eancias das pessoas e, particularmente dos jovens, a inaceit\u00e1vel e anti-hist\u00f3rica &#8220;teoria dos dois extremos&#8221;, a identifica\u00e7\u00e3o do comunismo com o fascismo, tanto mais o contributo da Uni\u00e3o Sovi\u00e9tica para a vit\u00f3ria antifascista permanece indelevelmente marcado nas p\u00e1ginas da hist\u00f3ria.<\/p>\n<p>Uma vit\u00f3ria conseguida com o sangue de 20 milh\u00f5es de cidad\u00e3os sovi\u00e9ticos, com o sangue de 2 milh\u00f5es de membros do Partido Bolchevique, com o sangue de centenas de milhares de partid\u00e1rios antifascistas e comunistas na Gr\u00e9cia e noutros pa\u00edses europeus.<\/p>\n<p>No dia 23 de fevereiro, dentro de dois dias, ser\u00e1 o anivers\u00e1rio da funda\u00e7\u00e3o do Ex\u00e9rcito Vermelho, que esmagou as hordas fascistas, em Leninegrado, Estalinegrado, Moscovo, Kursk e, no dia 9 de Maio, elevaram a bandeira vermelha sobre o Reichstag. Mesmo que a UE tentasse apagar isto com a pavorosa nomea\u00e7\u00e3o deste dia como &#8220;dia da Europa&#8221; em vez de dia da Vit\u00f3ria Antifascista.<\/p>\n<p>Ser\u00e1 tamb\u00e9m o anivers\u00e1rio da nossa EPON no dia 23 de fevereiro, que foi uma grande fonte de for\u00e7a para a luta antifascista. Os membros da EPON nas cidades, universidades, escolas, f\u00e1bricas e bairros lutaram por p\u00e3o e liberdade, organizaram clubes pol\u00edtico-culturais para atividades criativas e de aprendizagem. Empreenderam a luta desde o primeiro momento contra a mobiliza\u00e7\u00e3o geral levada a cabo pelos alem\u00e3es, contribu\u00edram para combater a fome, desempenharam o papel de vanguarda nas manifesta\u00e7\u00f5es nas cidades, nas greves e na sabotagem contra o inimigo. Milhares de jovens lutadores da resist\u00eancia \u2013 &#8220;as jovens \u00e1guias&#8221; tornaram-se exemplos brilhantes para a juventude e para o povo, iluminando com os seus ideais o caminho da luta implac\u00e1vel. Constitu\u00edram os quadros da ELAS e depois do DSE, levando a cabo uma luta excecional na fase do cl\u00edmax da luta de classes na hist\u00f3ria do nosso pa\u00eds.<\/p>\n<p>Amigos, camaradas,<\/p>\n<p>A UE est\u00e1 sistematicamente a desenvolver cal\u00fanias contra o socialismo e tornou o anticomunismo na sua ideologia oficial.<\/p>\n<p>O pessoal pol\u00edtico da UE assegura ao capital, em todas as oportunidades, a sua inten\u00e7\u00e3o de intensificar a campanha anticomunista, com a mentira sobre o socialismo que conhecemos, a identifica\u00e7\u00e3o do comunismo com o nazismo e a tomada de medidas de apoio ao sistema pol\u00edtico burgu\u00eas e ao edif\u00edcio imperialista, como a criminaliza\u00e7\u00e3o da exist\u00eancia de partidos e s\u00edmbolos comunistas, ao mesmo tempo que levam a cabo persegui\u00e7\u00f5es contra os comunistas.<\/p>\n<p>Um aspeto da histeria anticomunista \u00e9 tamb\u00e9m o relat\u00f3rio da comiss\u00e3o intitulado: &#8220;a mem\u00f3ria dos crimes cometidos por regimes totalit\u00e1rios na Europa&#8221;. Com base nisto, t\u00eam sido organizadas iniciativas para a &#8220;compreens\u00e3o dos crimes que foram cometidos contra a humanidade pelos Nazis e pelo regime Sovi\u00e9tico&#8221;. De facto, a UE legislou para que o dia 23 de agosto seja um dia de mem\u00f3ria em nome das alegadas v\u00edtimas dos &#8220;regimes totalit\u00e1rios&#8221;, igualando o socialismo e o nazismo.<\/p>\n<p>Promove vers\u00f5es anticomunistas da hist\u00f3ria, atrav\u00e9s de resolu\u00e7\u00f5es especiais (por exemplo, o genoc\u00eddio na Ucr\u00e2nia ou a contra-revolu\u00e7\u00e3o na Hungria), enquanto com a Decis\u00e3o-Quadro 2008\/913 do Conselho de Justi\u00e7a e Administra\u00e7\u00e3o Interna da UE avan\u00e7a com a criminaliza\u00e7\u00e3o de diferentes pontos de vista hist\u00f3ricos, por exemplo, sobre os chamados &#8220;genoc\u00eddios&#8221;.<\/p>\n<p>A onda de histeria anticomunista espalhou-se rapidamente nos anos recentes. O relat\u00f3rio do deputado europeu sueco G. Lindblad, em 14\/12\/2005, para o Comit\u00e9 Pol\u00edtico da Assembleia Parlamentar do Conselho da Europa \u2013 que votou, por maioria, a favor do memorando anticomunista chamado: &#8220;A necessidade da condena\u00e7\u00e3o internacional dos crimes dos regimes comunistas totalit\u00e1rios&#8221; \u2013 contribuiu para isto, e foi referido ao plen\u00e1rio do Conselho, no fim de janeiro de 2006.<\/p>\n<p>\u00c9 carater\u00edstico que hoje, como resultado dos desenvolvimentos contra-revolucion\u00e1rios na Europa, da interven\u00e7\u00e3o anticomunista da UE e do Conselho da Europa, existam, numa s\u00e9rie de pa\u00edses, medidas de persegui\u00e7\u00e3o aos partidos comunistas, como nos pa\u00edses b\u00e1lticos, na Pol\u00f3nia e na Rom\u00e9nia. Noutros pa\u00edses existem restri\u00e7\u00f5es \u00e0 utiliza\u00e7\u00e3o de s\u00edmbolos comunistas, como na Hungria e, ainda noutros, outras normas anticomunistas, como na Rep\u00fablica Checa ou na Eslov\u00e1quia.<\/p>\n<p>Emerge a necessidade do refor\u00e7o da solidariedade com os comunistas que est\u00e3o a ser perseguidos, assim como com os Partidos Comunistas que est\u00e3o a lidar com obst\u00e1culos \u00e0 sua atividade, com o objetivo de serem decisivamente confrontados e abolidos.<\/p>\n<p>A UE, que desempenha um papel principal no anticomunismo, assumiu este papel n\u00e3o por ignorar a hist\u00f3ria ou por n\u00e3o saber do contributo dos comunistas para as lutas dos trabalhadores e dos povos e para as lutas pelo progresso social, pela paz, por direitos sociais e democr\u00e1ticos, pela justi\u00e7a social e a prosperidade.<\/p>\n<p>A UE, como uma uni\u00e3o interestatal imperialista \u2013 como a CEE quando foi fundada em 1957 e, depois, passou a UE \u2013 \u00e9 uma uni\u00e3o dos monop\u00f3lios, que tem como estrat\u00e9gia a ofensiva contra a classe oper\u00e1ria e os direitos populares. As &#8220;liberdades&#8221; que ela aceita \u2013 o movimento do &#8220;capital&#8221;, bens, servi\u00e7os e for\u00e7a de trabalho, que est\u00e3o descritos no Tratado de Maastricht, que foi votado favoravelmente por todos os outros partidos no nosso pa\u00eds \u2013, s\u00e3o bem polidas &#8220;cadeias&#8221; para os trabalhadores, s\u00e3o o &#8220;peso morto&#8221; que puxa para o &#8220;fundo&#8221; todas as conquistas pol\u00edticas e sociais conseguidas nos \u00faltimos 100 anos com sangue e lutas, com o importante contributo do movimento comunista.<\/p>\n<p>N\u00e3o existe nenhuma decis\u00e3o e diretiva da UE que n\u00e3o tenha conduzido \u00e0 concentra\u00e7\u00e3o da riqueza \u2013 isto \u00e9, do capital \u2013, \u00e0 retirada das conquistas da classe oper\u00e1ria, \u00e0 destrui\u00e7\u00e3o de camponeses pobres e dos trabalhadores independentes.<\/p>\n<p>Est\u00e3o continuamente a ser impostas mais medidas reacion\u00e1rias aos povos, com a cumplicidade dos governos liberais e sociais-democratas dos estados-membros.<\/p>\n<p>A refor\u00e7ada governa\u00e7\u00e3o econ\u00f3mica, o Pacto de Estabilidade, o Semestre Europeu e a uni\u00e3o banc\u00e1ria s\u00e3o graves instrumentos contra os povos, ao servi\u00e7o do capital.<\/p>\n<p>A supervis\u00e3o e monitoriza\u00e7\u00e3o da uni\u00e3o imperialista em cada estado membro foram refor\u00e7adas desde 1\/1\/2014, independentemente de estes estarem no memorando ou n\u00e3o, independentemente do n\u00edvel da sua d\u00edvida e d\u00e9fice.<\/p>\n<p>A UE, com a maioria dos seus estados membros tamb\u00e9m como membros da NATO, est\u00e1 a organizar a guerra com meios financeiros, pol\u00edticos e militares. Conduziu uma guerra em territ\u00f3rio europeu, participa em planos para intervir na \u00c1sia, \u00c1frica, hoje da Rep\u00fablica Centro-Africana, acompanha os EUA no seu anticomunismo e no lidar com o movimento utilizando legisla\u00e7\u00e3o terrorista. A UE n\u00e3o \u00e9 uma uni\u00e3o de solidariedade; pelo contr\u00e1rio, \u00e9 caraterizada pela desigualdade nas suas rela\u00e7\u00f5es, a injusti\u00e7a, a grande competi\u00e7\u00e3o.<\/p>\n<p>\u00c9 uma uni\u00e3o que n\u00e3o pode mudar, n\u00e3o pode ser democratizada e humanizada, como o Partido da Esquerda Europeia e o SYRIZA na Gr\u00e9cia apregoam. N\u00e3o h\u00e1 lugar para ilus\u00f5es. Nenhuma alegada nova negocia\u00e7\u00e3o, nenhuma altern\u00e2ncia no governo das coliga\u00e7\u00f5es de centro-esquerda ou centro-direita, ou alegadas coliga\u00e7\u00f5es de &#8220;esquerda&#8221; nalguns estados, nenhuma mudan\u00e7a de Presidente da Comiss\u00e3o poder\u00e3o alterar a ess\u00eancia do car\u00e1ter reacion\u00e1rio e antipopular da UE, porque ela foi fundada e existe para apoiar os interesses dos monop\u00f3lios, \u00e0 custa dos direitos da classe oper\u00e1ria e popular.<\/p>\n<p>A UE, devido \u00e0 sua natureza, \u00e9 hostil ao movimento comunista, trata-o conscientemente como seu opositor, mesmo agora, que o nosso movimento est\u00e1 em recuo. Possivelmente considera este momento hist\u00f3rico como uma &#8220;oportunidade dourada&#8221;, com a sua campanha anticomunista contra o movimento comunista, de maneira a que consiga continuar e intensificar as suas pol\u00edticas antipopulares e antitrabalhadores sem quaisquer obst\u00e1culos.<\/p>\n<p>Todavia, como dizemos na Gr\u00e9cia, est\u00e3o a contar com o &#8220;os ovos antes de as galinhas os porem&#8221;.<\/p>\n<p>Amigos e camaradas,<\/p>\n<p>O fortalecimento do KKE e dos Partidos Comunistas na Europa que est\u00e3o a lutar contra a alian\u00e7a predat\u00f3ria, designadamente nas pr\u00f3ximas elei\u00e7\u00f5es para o Parlamento Europeu, enviar\u00e1 uma mensagem de resist\u00eancia e esperan\u00e7a aos povos. Poder\u00e1 lan\u00e7ar um \u00edmpeto e um refor\u00e7o ao movimento popular e laboral. \u00c9 um voto que denuncia a persegui\u00e7\u00e3o anticomunista, o fomento de exist\u00eancia ou inexist\u00eancia de quest\u00f5es menores nos estados membros, \u00e9 um voto contra o nazi-fascismo, contra o racismo e o nacionalismo, contra os campos de concentra\u00e7\u00e3o cheios de trabalhadores estrangeiros.<\/p>\n<p>Ser\u00e1 um contributo contra a linha pol\u00edtica imperialista da UE, que, sob pretextos, tem como objetivo a luta contra os povos de \u00c1frica, do M\u00e9dio Oriente, de Cuba.<\/p>\n<p>O fortalecimento dos Partidos Comunistas pode arruinar os planos dos capitalistas, refor\u00e7ar as barreiras contra a linha pol\u00edtica antipopular e antitrabalhadores dos povos da UE e os governos burgueses.<\/p>\n<p>A coopera\u00e7\u00e3o entre os partidos comunistas e oper\u00e1rios que se t\u00eam consistentemente oposto \u00e0 UE e \u00e0 ofensiva do capital na Europa tem que ser refor\u00e7ada. Neste esfor\u00e7o, o aparecimento de novas formas de coopera\u00e7\u00e3o regional dos partidos comunistas e oper\u00e1rios, a &#8220;INICIATIVA comunista europeia&#8221;, tem um significado especial. 29 partidos de 26 pa\u00edses europeus j\u00e1 a\u00ed participam e, claro, est\u00e1 aberta a outros partidos que concordem com a sua Declara\u00e7\u00e3o Fundacional.<\/p>\n<p>Estamos convencidos de que os povos da Europa podem conseguir um golpe comum contra a UE dos monop\u00f3lios, as guerras imperialistas, o capitalismo.<\/p>\n<p>Desta forma poder\u00e1 existir continuidade em cada foco de questionamento, protesto, luta por uma nova esperan\u00e7a para os povos. Est\u00e1 nas nossas m\u00e3os fazer do movimento dos povos na Europa o polo de coopera\u00e7\u00e3o e atividade antimonopolista e anticapitalista, o opositor da guerra, do imperialismo, da viol\u00eancia do capital. Assim, uma nova janela de otimismo e de revitaliza\u00e7\u00e3o do movimento revolucion\u00e1rio chegar\u00e1, para emancipar os movimentos dos povos e abrir o caminho a transforma\u00e7\u00f5es sociais e pol\u00edticas radicais, a n\u00edvel nacional, europeu e internacional.<\/p>\n<p>A proposta pol\u00edtica do KKE de sa\u00edda da UE e do cancelamento unilateral da d\u00edvida, com o poder oper\u00e1rio e popular e a socializa\u00e7\u00e3o dos monop\u00f3lios corresponde aos interesses do povo e pode dar for\u00e7a \u00e0 luta da classe oper\u00e1ria e das camadas populares, quer na Gr\u00e9cia, quer noutros pa\u00edses europeus.<\/p>\n<p>Os povos podem quebrar as correntes dos monop\u00f3lios, o capitalismo e abrir o caminho para a Europa do socialismo.<\/p>\n<p>Apelamos ao refor\u00e7o do KKE nas elei\u00e7\u00f5es para o Parlamento Europeu, no dia 25 de maio, na Gr\u00e9cia, ao refor\u00e7o dos partidos comunistas e oper\u00e1rios que lutam com estabilidade e consist\u00eancia contra a UE dos monop\u00f3lios, contra a explora\u00e7\u00e3o do homem pelo homem.<\/p>\n<p>Para que todos os povos da Europa vejam melhores dias, com a prosperidade popular, direitos e trabalho para todos, com a amizade, coopera\u00e7\u00e3o e solidariedade internacionalista de classe.<\/p>\n<p>[*] Secret\u00e1rio-geral do CC do KKE. Interven\u00e7\u00e3o em iniciativa pol\u00edtica do KKE em Bruxelas, numa sala de confer\u00eancias do Parlamento da UE, em 21\/Fevereiro\/2014. \u00a0 Representantes do Partido do Trabalho da B\u00e9lgica, do AKEL e do Partido Comunista Portugu\u00eas participaram na iniciativa.<\/p>\n<p>A vers\u00e3o em ingl\u00eas encontra-se em inter.kke.gr\/en\/&#8230; e a tradu\u00e7\u00e3o para portugu\u00eas em www.pelosocialismo.net\/<\/p>\n<p>Este artigo encontra-se em http:\/\/resistir.info\/ .<\/p>\n","protected":false},"excerpt":{"rendered":"\nDimitris Koutsoumpas*\n<a class=\"moretag\" href=\"https:\/\/pcb.org.br\/portal2\/6070\"> <\/a>","protected":false},"author":1,"featured_media":0,"comment_status":"open","ping_status":"open","sticky":false,"template":"","format":"standard","meta":{"jetpack_post_was_ever_published":false,"_jetpack_newsletter_access":"","_jetpack_dont_email_post_to_subs":false,"_jetpack_newsletter_tier_id":0,"_jetpack_memberships_contains_paywalled_content":false,"_jetpack_memberships_contains_paid_content":false,"footnotes":"","jetpack_publicize_message":"","jetpack_publicize_feature_enabled":true,"jetpack_social_post_already_shared":false,"jetpack_social_options":{"image_generator_settings":{"template":"highway","default_image_id":0,"font":"","enabled":false},"version":2}},"categories":[38],"tags":[],"class_list":["post-6070","post","type-post","status-publish","format-standard","hentry","category-c43-imperialismo"],"jetpack_publicize_connections":[],"jetpack_featured_media_url":"","jetpack_shortlink":"https:\/\/wp.me\/p659gw-1zU","jetpack-related-posts":[],"jetpack_likes_enabled":true,"jetpack_sharing_enabled":true,"_links":{"self":[{"href":"https:\/\/pcb.org.br\/portal2\/wp-json\/wp\/v2\/posts\/6070","targetHints":{"allow":["GET"]}}],"collection":[{"href":"https:\/\/pcb.org.br\/portal2\/wp-json\/wp\/v2\/posts"}],"about":[{"href":"https:\/\/pcb.org.br\/portal2\/wp-json\/wp\/v2\/types\/post"}],"author":[{"embeddable":true,"href":"https:\/\/pcb.org.br\/portal2\/wp-json\/wp\/v2\/users\/1"}],"replies":[{"embeddable":true,"href":"https:\/\/pcb.org.br\/portal2\/wp-json\/wp\/v2\/comments?post=6070"}],"version-history":[{"count":0,"href":"https:\/\/pcb.org.br\/portal2\/wp-json\/wp\/v2\/posts\/6070\/revisions"}],"wp:attachment":[{"href":"https:\/\/pcb.org.br\/portal2\/wp-json\/wp\/v2\/media?parent=6070"}],"wp:term":[{"taxonomy":"category","embeddable":true,"href":"https:\/\/pcb.org.br\/portal2\/wp-json\/wp\/v2\/categories?post=6070"},{"taxonomy":"post_tag","embeddable":true,"href":"https:\/\/pcb.org.br\/portal2\/wp-json\/wp\/v2\/tags?post=6070"}],"curies":[{"name":"wp","href":"https:\/\/api.w.org\/{rel}","templated":true}]}}