{"id":6084,"date":"2014-04-04T19:11:11","date_gmt":"2014-04-04T19:11:11","guid":{"rendered":"http:\/\/pcb.org.br\/portal2\/?p=6084"},"modified":"2014-04-04T19:11:11","modified_gmt":"2014-04-04T19:11:11","slug":"comunicado-do-ce-do-pcpe-e-do-bp-dos-cjc-em-resposta-a-agressao-policial-sofrida-por-inaki","status":"publish","type":"post","link":"https:\/\/pcb.org.br\/portal2\/6084","title":{"rendered":"COMUNICADO DO CE DO PCPE E DO BP DOS CJC EM RESPOSTA \u00c0 AGRESS\u00c3O POLICIAL SOFRIDA POR I\u00d1AKI"},"content":{"rendered":"\n<p><strong>COMUNICADO DO CE DO PCPE E DO BP DOS CJC EM RESPOSTA \u00c0 AGRESS\u00c3O POLICIAL SOFRIDA POR I\u00d1AKI, MILITANTE DOS CJC, EM 22 DE MAR\u00c7O PASSADO, QUE OCASIONOU-LHE DANOS IRREVERS\u00cdVEIS NA VIS\u00c3O<\/strong><\/p>\n<p>O CE do PCPE e o BP dos CJC\u00a0<strong>INFORMAM<\/strong>:<\/p>\n<ol>\n<li>Em 22 de mar\u00e7o passado, o PCPE e os CJC participaram de diferentes manifesta\u00e7\u00f5es que se celebraram nesse dia, como atividade final das chamadas \u201cMarchas de la dignidad\u201d, entre elas na cidade Madri.<\/li>\n<li>Na manifesta\u00e7\u00e3o de Madri, participou um numeroso grupo organizado de militantes de nossas duas organiza\u00e7\u00f5es, que realizaram uma ampla difus\u00e3o de imagens, que podem ser vistas em in\u00fameros meios digitais, sem que se desse nenhum tipo de incidente at\u00e9 sua retirada.<\/li>\n<li>Depois de finalizada a participa\u00e7\u00e3o do PCPE e dos CJC, o jovem I\u00f1aki \u2013 militante dos CJC \u2013, que ficou atrasado em rela\u00e7\u00e3o ao grupo \u2013 sem qualquer aviso \u2013, sofreu o brutal impacto de uma bala de borracha em seu rosto, lan\u00e7ada pela pol\u00edcia, a curta dist\u00e2ncia. Atendido de urg\u00eancia pelos servi\u00e7os m\u00e9dicos, foi diagnosticada fratura m\u00faltipla no zigoma direito, deslocamento da mand\u00edbula e les\u00f5es no olho, sem poder precisar no momento o grau de afeta\u00e7\u00e3o da les\u00e3o ocular de forma definitiva.<\/li>\n<li>Dias depois, os servi\u00e7os m\u00e9dicos diagnosticaram que a les\u00e3o do olho deixar\u00e1 I\u00f1aki com um grau de vis\u00e3o m\u00ednima nesse lado, menos de dez por cento.<\/li>\n<\/ol>\n<p>\u00c0 vista destes fatos, o CE do PCPE e o BP dos CJS\u00a0<strong>DECLARAM<\/strong>:<\/p>\n<ol>\n<li>A brutal agress\u00e3o da pol\u00edcia contra I\u00f1aki responde a uma atua\u00e7\u00e3o arbitr\u00e1ria, brutal e intimidadora dos corpos de pol\u00edcia contra pessoas que se manifestavam pacificamente, exercendo seus direitos. A exist\u00eancia de outras pessoas, que tamb\u00e9m sofreram importantes danos f\u00edsicos como consequ\u00eancia da a\u00e7\u00e3o policial, demonstra que este n\u00e3o foi um fato isolado, mas consequ\u00eancia de uma a\u00e7\u00e3o intencionada e generalizada da pol\u00edcia, contra uma manifesta\u00e7\u00e3o pac\u00edfica.<\/li>\n<li>A utiliza\u00e7\u00e3o de determinados recursos repressivos por parte da pol\u00edcia \u2013 neste caso, balas de borracha lan\u00e7adas contra manifestantes a curta distancia e na altura do rosto \u2013 constituem uma amea\u00e7a para seguran\u00e7a daqueles que, em via p\u00fablica, exercem seus direitos de reuni\u00e3o e manifesta\u00e7\u00e3o. O uso destes recursos extremos responde a uma vontade do governo de aterrorizar a popula\u00e7\u00e3o e evitar a mobiliza\u00e7\u00e3o social e pol\u00edtica crescente contra as pol\u00edticas de gest\u00e3o da crise capitalista.<\/li>\n<li>O PCPE e os CJC exigir\u00e3o por todos os meios a depura\u00e7\u00e3o das responsabilidades daqueles que deram as ordens, e daqueles que a executaram. Tanto da Delegada do Governo como dos comandos policiais, e dos mesmos agentes que dispararam as armas.<\/li>\n<li>A responsabilidade \u00faltima desta a\u00e7\u00e3o policial violenta \u00e9 do Governo de Mariano Rajoy, e de seu Ministro do Interior, que aplicam uma violenta pol\u00edtica repressiva contra a classe trabalhadora que luta contra suas injustas e antissociais medidas pol\u00edticas. Assim, tamb\u00e9m se realiza uma repress\u00e3o sem limites contra aqueles que participam dos piquetes e das greves trabalhistas, sendo pedidas longas penas de pris\u00e3o, como \u00e9 o caso dos trabalhadores do Airbus.<\/li>\n<li>O PCPE e os CJC exigem a proibi\u00e7\u00e3o imediata destes meios repressivos, que vem sendo utilizados de forma cada vez mais frequente e agressiva nos \u00faltimos tempos pela pol\u00edcia, e que colocam em s\u00e9rio risco a seguran\u00e7a e a vida das pessoas na via p\u00fablica.<\/li>\n<li>O PCPE e os CJC continuar\u00e3o lutando contra as pol\u00edticas deste governo, organizando a classe trabalhadora com o objetivo de mudan\u00e7a pol\u00edtica do sistema, pelo poder oper\u00e1rio e pela revolu\u00e7\u00e3o socialista, sem que a a\u00e7\u00e3o policial \u2013 por mais brutal que seja \u2013 nos fa\u00e7a abandonar nossos objetivos de transforma\u00e7\u00e3o pol\u00edtica total de nosso pa\u00eds. A classe trabalhadora organizada \u00e9 a for\u00e7a que alcan\u00e7ar\u00e1 \u2013 de forma implac\u00e1vel \u2013 estes objetivos. O PCPE e os CJC estar\u00e3o sempre na vanguarda da luta oper\u00e1ria e popular. Nosso compromisso \u00e9 at\u00e9 a vit\u00f3ria dos trabalhadores e trabalhadoras sobre os grandes monop\u00f3lios e sobre o capitalismo.<\/li>\n<\/ol>\n<p><em>Madri, 1\u00b0 de abril de 2014<\/em><\/p>\n<p><strong><em>Comit\u00ea Executivo do Partido Comunista dos Povos da Espanha (PCPE)<\/em><\/strong><\/p>\n<p><strong><em>Bir\u00f4 Pol\u00edtico dos Coletivos de Jovens Comunistas (CJC)<\/em><\/strong><\/p>\n<p>Tradu\u00e7\u00e3o: Partido Comunista Brasileiro (PCB)<\/p>\n<p>http:\/\/www.pcpe.es\/component\/k2\/item\/3245-gran-canaria-comunicado-ante-la-agresi%C3%B3n-a-dos-compa%C3%B1eros-del-cuo-gran-canaria.html<\/p>\n","protected":false},"excerpt":{"rendered":"\n<a class=\"moretag\" href=\"https:\/\/pcb.org.br\/portal2\/6084\"> <\/a>","protected":false},"author":1,"featured_media":0,"comment_status":"open","ping_status":"open","sticky":false,"template":"","format":"standard","meta":{"jetpack_post_was_ever_published":false,"_jetpack_newsletter_access":"","_jetpack_dont_email_post_to_subs":false,"_jetpack_newsletter_tier_id":0,"_jetpack_memberships_contains_paywalled_content":false,"_jetpack_memberships_contains_paid_content":false,"footnotes":"","jetpack_publicize_message":"","jetpack_publicize_feature_enabled":true,"jetpack_social_post_already_shared":false,"jetpack_social_options":{"image_generator_settings":{"template":"highway","default_image_id":0,"font":"","enabled":false},"version":2}},"categories":[97],"tags":[],"class_list":["post-6084","post","type-post","status-publish","format-standard","hentry","category-c110-espanha"],"jetpack_publicize_connections":[],"jetpack_featured_media_url":"","jetpack_shortlink":"https:\/\/wp.me\/p659gw-1A8","jetpack-related-posts":[],"jetpack_likes_enabled":true,"jetpack_sharing_enabled":true,"_links":{"self":[{"href":"https:\/\/pcb.org.br\/portal2\/wp-json\/wp\/v2\/posts\/6084","targetHints":{"allow":["GET"]}}],"collection":[{"href":"https:\/\/pcb.org.br\/portal2\/wp-json\/wp\/v2\/posts"}],"about":[{"href":"https:\/\/pcb.org.br\/portal2\/wp-json\/wp\/v2\/types\/post"}],"author":[{"embeddable":true,"href":"https:\/\/pcb.org.br\/portal2\/wp-json\/wp\/v2\/users\/1"}],"replies":[{"embeddable":true,"href":"https:\/\/pcb.org.br\/portal2\/wp-json\/wp\/v2\/comments?post=6084"}],"version-history":[{"count":0,"href":"https:\/\/pcb.org.br\/portal2\/wp-json\/wp\/v2\/posts\/6084\/revisions"}],"wp:attachment":[{"href":"https:\/\/pcb.org.br\/portal2\/wp-json\/wp\/v2\/media?parent=6084"}],"wp:term":[{"taxonomy":"category","embeddable":true,"href":"https:\/\/pcb.org.br\/portal2\/wp-json\/wp\/v2\/categories?post=6084"},{"taxonomy":"post_tag","embeddable":true,"href":"https:\/\/pcb.org.br\/portal2\/wp-json\/wp\/v2\/tags?post=6084"}],"curies":[{"name":"wp","href":"https:\/\/api.w.org\/{rel}","templated":true}]}}