{"id":6104,"date":"2014-04-09T15:37:34","date_gmt":"2014-04-09T15:37:34","guid":{"rendered":"http:\/\/pcb.org.br\/portal2\/?p=6104"},"modified":"2017-08-25T05:11:42","modified_gmt":"2017-08-25T08:11:42","slug":"ao-xv-congresso-do-partido-comunista-brasileiro","status":"publish","type":"post","link":"https:\/\/pcb.org.br\/portal2\/6104","title":{"rendered":"Ao XV Congresso do Partido Comunista Brasileiro"},"content":{"rendered":"<p><img data-recalc-dims=\"1\" decoding=\"async\" class=\"imagem\" title=\"imagem\" src=\"https:\/\/i0.wp.com\/3.bp.blogspot.com\/-NPjiISEi9gA\/V_FnTRiWUNI\/AAAAAAAAUv0\/lC-fzc1-DVg5aGCra10qhj5GSVp3rGJBgCLcB\/s1600\/miguel%2Burbano%2Brodrigues1.jpg?w=747&#038;ssl=1\" alt=\"imagem\" \/><!--more--><\/p>\n<p>Queridos camaradas<\/p>\n<p>Nestas v\u00e9speras do XV Congresso do Partido Comunista Brasileiro, cumpro um grato dever enviando uma sauda\u00e7\u00e3o fraterna. Estou certo de que o Partido sair\u00e1 fortalecido desse grande acontecimento.<\/p>\n<p>N\u00e3o esque\u00e7o que, como militante do PCB, participei nas lutas dos anos da ditadura militar. J\u00e1 em Portugal, acompanhei com alegria a recupera\u00e7\u00e3o do Partido, empreendida em circunst\u00e2ncias muito dif\u00edceis, na fidelidade intransigente aos princ\u00edpios e valores do marxismo-leninismo.<\/p>\n<p>Numa \u00e9poca como a atual em que muitos partidos comunistas se social democratizaram, o PCB, no \u00e2mbito do movimento comunista, tem travado com firmeza e lucidez um combate dif\u00edcil contra o reformismo e o oportunismo.<\/p>\n<p>Nesse contexto, valorizo muito as iniciativas que o Partido tem assumido na \u00e1rea internacional, nomeadamente na Am\u00e9rica Latina e na solidariedade com povos da Asia e da Africa agredidos pelo imperialismo norte-americano.<\/p>\n<p>O lan\u00e7amento da candidatura do camarada Mauro Iasi \u00e0 Presid\u00eancia da Republica insere-se na estrat\u00e9gia revolucion\u00e1ria do PCB cuja participa\u00e7\u00e3o na campanha eleitoral ser\u00e1, creio, uma contribui\u00e7\u00e3o valiosa para a divulga\u00e7\u00e3o do seu programa e mensagens entre as massas trabalhadoras.<\/p>\n<p>Renovando os meus votos de \u00eaxito para o Congresso, aqui vai o abra\u00e7o do velho camarada<\/p>\n<p>Miguel Urbano Rodrigues<\/p>\n","protected":false},"excerpt":{"rendered":"\nQueridos camaradas\n<a class=\"moretag\" href=\"https:\/\/pcb.org.br\/portal2\/6104\"> <\/a>","protected":false},"author":1,"featured_media":0,"comment_status":"closed","ping_status":"closed","sticky":false,"template":"","format":"standard","meta":{"jetpack_post_was_ever_published":false,"_jetpack_newsletter_access":"","_jetpack_dont_email_post_to_subs":false,"_jetpack_newsletter_tier_id":0,"_jetpack_memberships_contains_paywalled_content":false,"_jetpack_memberships_contains_paid_content":false,"footnotes":"","jetpack_publicize_message":"","jetpack_publicize_feature_enabled":true,"jetpack_social_post_already_shared":false,"jetpack_social_options":{"image_generator_settings":{"template":"highway","default_image_id":0,"font":"","enabled":false},"version":2}},"categories":[120],"tags":[],"class_list":["post-6104","post","type-post","status-publish","format-standard","hentry","category-c133-xv-congresso"],"jetpack_publicize_connections":[],"jetpack_featured_media_url":"","jetpack_shortlink":"https:\/\/wp.me\/p659gw-1As","jetpack-related-posts":[],"jetpack_likes_enabled":true,"jetpack_sharing_enabled":true,"_links":{"self":[{"href":"https:\/\/pcb.org.br\/portal2\/wp-json\/wp\/v2\/posts\/6104","targetHints":{"allow":["GET"]}}],"collection":[{"href":"https:\/\/pcb.org.br\/portal2\/wp-json\/wp\/v2\/posts"}],"about":[{"href":"https:\/\/pcb.org.br\/portal2\/wp-json\/wp\/v2\/types\/post"}],"author":[{"embeddable":true,"href":"https:\/\/pcb.org.br\/portal2\/wp-json\/wp\/v2\/users\/1"}],"replies":[{"embeddable":true,"href":"https:\/\/pcb.org.br\/portal2\/wp-json\/wp\/v2\/comments?post=6104"}],"version-history":[{"count":0,"href":"https:\/\/pcb.org.br\/portal2\/wp-json\/wp\/v2\/posts\/6104\/revisions"}],"wp:attachment":[{"href":"https:\/\/pcb.org.br\/portal2\/wp-json\/wp\/v2\/media?parent=6104"}],"wp:term":[{"taxonomy":"category","embeddable":true,"href":"https:\/\/pcb.org.br\/portal2\/wp-json\/wp\/v2\/categories?post=6104"},{"taxonomy":"post_tag","embeddable":true,"href":"https:\/\/pcb.org.br\/portal2\/wp-json\/wp\/v2\/tags?post=6104"}],"curies":[{"name":"wp","href":"https:\/\/api.w.org\/{rel}","templated":true}]}}