{"id":6116,"date":"2014-04-12T23:15:19","date_gmt":"2014-04-12T23:15:19","guid":{"rendered":"http:\/\/pcb.org.br\/portal2\/?p=6116"},"modified":"2017-08-25T05:12:53","modified_gmt":"2017-08-25T08:12:53","slug":"polo-de-renascimento-comunista-na-franca-sauda-o-xv-congresso-do-pcb","status":"publish","type":"post","link":"https:\/\/pcb.org.br\/portal2\/6116","title":{"rendered":"Polo de Renascimento Comunista na Fran\u00e7a sa\u00fada o XV Congresso do PCB"},"content":{"rendered":"<p><img decoding=\"async\" class=\"imagem\" title=\"imagem\" src=\"https:\/\/i0.wp.com\/www.initiative-communiste.fr\/wp-content\/uploads\/2013\/04\/logo-prcf-300x2691.jpg\" alt=\"imagem\" \/><!--more-->Caros camaradas,<\/p>\n<p>Recebam a sauda\u00e7\u00e3o fraternal e os votos de sucesso para seu XV\u00ba Congresso, da parte dos comunistas da Fran\u00e7a, os militantes do Polo de Renascimento Comunista na Fran\u00e7a.<\/p>\n<p>N\u00f3s damos uma import\u00e2ncia muito grande a nossas rela\u00e7\u00f5es especialmente pr\u00f3ximas. Nossa proximidade, constru\u00edda sobre uma concep\u00e7\u00e3o comum do internacionalismo prolet\u00e1rio, \u00e9 para n\u00f3s um dado pol\u00edtico precioso, que esperamos aprofundar. A presen\u00e7a e a interven\u00e7\u00e3o de um representante do PCB no stand do PRCF na festa do l\u2019Humanit\u00e9 esse \u00faltimo outono foi um evento que n\u00f3s esperamos renovar este ano.<\/p>\n<p>A situa\u00e7\u00e3o no Brasil e na Am\u00e9rica Latina, assim como na Fran\u00e7a e na Europa, demanda uma troca de informa\u00e7\u00f5es, de experi\u00eancias e de perspectivas definidas a partir da \u201can\u00e1lise concreta da situa\u00e7\u00e3o concreta\u201d de nossos respectivos pa\u00edses.<\/p>\n<p>Caros camaradas,<\/p>\n<p>Sejamos os herdeiros \u00e0 altura daqueles que se lan\u00e7aram ao \u201cassalto aos c\u00e9us\u201d na Comuna de Paris, sejamos os \u201ccavaleiros da esperan\u00e7a\u201d para nossas classes trabalhadoras, nossos povos, nossas na\u00e7\u00f5es.<\/p>\n<p>Viva a amizade combativa entre o PCB e o PRCF!<\/p>\n<p>Viva o comunismo!<\/p>\n<p>Secretariado Nacional do Polo de Renascimento Comunista na Fran\u00e7a.<\/p>\n<p>http:\/\/www.initiative-communiste.fr<\/p>\n","protected":false},"excerpt":{"rendered":"\nCaros camaradas,\n<a class=\"moretag\" href=\"https:\/\/pcb.org.br\/portal2\/6116\"> <\/a>","protected":false},"author":1,"featured_media":0,"comment_status":"closed","ping_status":"closed","sticky":false,"template":"","format":"standard","meta":{"jetpack_post_was_ever_published":false,"_jetpack_newsletter_access":"","_jetpack_dont_email_post_to_subs":false,"_jetpack_newsletter_tier_id":0,"_jetpack_memberships_contains_paywalled_content":false,"_jetpack_memberships_contains_paid_content":false,"footnotes":"","jetpack_publicize_message":"","jetpack_publicize_feature_enabled":true,"jetpack_social_post_already_shared":false,"jetpack_social_options":{"image_generator_settings":{"template":"highway","default_image_id":0,"font":"","enabled":false},"version":2}},"categories":[120],"tags":[],"class_list":["post-6116","post","type-post","status-publish","format-standard","hentry","category-c133-xv-congresso"],"jetpack_publicize_connections":[],"jetpack_featured_media_url":"","jetpack_shortlink":"https:\/\/wp.me\/p659gw-1AE","jetpack-related-posts":[],"jetpack_likes_enabled":true,"jetpack_sharing_enabled":true,"_links":{"self":[{"href":"https:\/\/pcb.org.br\/portal2\/wp-json\/wp\/v2\/posts\/6116","targetHints":{"allow":["GET"]}}],"collection":[{"href":"https:\/\/pcb.org.br\/portal2\/wp-json\/wp\/v2\/posts"}],"about":[{"href":"https:\/\/pcb.org.br\/portal2\/wp-json\/wp\/v2\/types\/post"}],"author":[{"embeddable":true,"href":"https:\/\/pcb.org.br\/portal2\/wp-json\/wp\/v2\/users\/1"}],"replies":[{"embeddable":true,"href":"https:\/\/pcb.org.br\/portal2\/wp-json\/wp\/v2\/comments?post=6116"}],"version-history":[{"count":0,"href":"https:\/\/pcb.org.br\/portal2\/wp-json\/wp\/v2\/posts\/6116\/revisions"}],"wp:attachment":[{"href":"https:\/\/pcb.org.br\/portal2\/wp-json\/wp\/v2\/media?parent=6116"}],"wp:term":[{"taxonomy":"category","embeddable":true,"href":"https:\/\/pcb.org.br\/portal2\/wp-json\/wp\/v2\/categories?post=6116"},{"taxonomy":"post_tag","embeddable":true,"href":"https:\/\/pcb.org.br\/portal2\/wp-json\/wp\/v2\/tags?post=6116"}],"curies":[{"name":"wp","href":"https:\/\/api.w.org\/{rel}","templated":true}]}}