{"id":6186,"date":"2014-04-30T00:55:06","date_gmt":"2014-04-30T00:55:06","guid":{"rendered":"http:\/\/pcb.org.br\/portal2\/?p=6186"},"modified":"2017-08-25T00:48:44","modified_gmt":"2017-08-25T03:48:44","slug":"os-escandalos-que-assombram-a-canonizacao-de-joao-paulo-ii","status":"publish","type":"post","link":"https:\/\/pcb.org.br\/portal2\/6186","title":{"rendered":"Os esc\u00e2ndalos que assombram a canoniza\u00e7\u00e3o de Jo\u00e3o Paulo II"},"content":{"rendered":"\n<p>Jo\u00e3o Paulo II, o papa que promoveu e encobriu ped\u00f3filos e violadores da Igreja, recebeu, ao mesmo tempo em que Jo\u00e3o XXIII, a canoniza\u00e7\u00e3o.<\/p>\n<p>Eduardo Febbro<\/p>\n<p>V\u00edtimas, que v\u00edtimas? \u2013 perguntou o cardeal Velasio de Paolis. E acrescentou: \u201cN\u00e3o s\u00e3o apenas estas v\u00edtimas\u201d. Depois houve um sil\u00eancio de corpo e alma e o olhar um tanto perdido do superior geral dos Legion\u00e1rios de Cristo, nomeado em 2010 para esse cargo pelo ent\u00e3o papa Joseph Ratzinger. \u00c0 pergunta de de Paolis se seguiu uma resposta: as v\u00edtimas n\u00e3o eram s\u00f3 os milhares de menores que sofreram com os apetites sexuais das batinas hip\u00f3critas, mas tamb\u00e9m o pr\u00f3prio Vaticano. As v\u00edtimas n\u00e3o eram unicamente os menores ou adultos abusados e violentados pelo padre Marcial Maciel, o fundador dessa ind\u00fastria dos atentados sexuais que foi, durante seu mandato, o grupo dos Legion\u00e1rios de Cristo. A v\u00edtima era a Santa S\u00e9, que foi \u201cenganada\u201d.<\/p>\n<p>Jo\u00e3o Paulo II, o papa que, entre outros horrores, promoveu e encobriu ped\u00f3filos e violadores da Igreja, recebeu, ao mesmo tempo em que Jo\u00e3o XXIII, a canoniza\u00e7\u00e3o. Para al\u00e9m do espet\u00e1culo obsceno montado para esta ocasi\u00e3o, dos milhares de fieis na Pra\u00e7a de S\u00e3o Pedro, dos tr\u00eas sat\u00e9lites suplementares para transmitir o ato, para al\u00e9m da f\u00e9 de muita gente, a canoniza\u00e7\u00e3o do papa polon\u00eas \u00e9 uma aberra\u00e7\u00e3o e um ultraje para qualquer crist\u00e3o do planeta. Declarar santo a Karol Wojtyla \u00e9 se esquecer do escandaloso cat\u00e1logo de pecados terrestres que pesam sobre este papa: amparo dos ped\u00f3filos, pactos e acordos com ditaduras assassinas, corrup\u00e7\u00e3o, suic\u00eddios jamais esclarecidos, associa\u00e7\u00f5es com a m\u00e1fia, montagem de um sistema banc\u00e1rio paralelo para financiar as obsess\u00f5es pol\u00edticas de Jo\u00e3o Paulo II \u2013 a luta contra o comunismo -, persegui\u00e7\u00e3o implac\u00e1vel das correntes progressistas da Igreja, em especial a da Am\u00e9rica Latina, ou seja, a frondosa e renovadora Teologia da Liberta\u00e7\u00e3o.<\/p>\n<p>O \u201cv\u00edtimas, que v\u00edtimas?\u201d pronunciado em Roma pelo cardeal Velasio de Paolis encobre toda a impunidade e a continuidade ainda arraigada no seio da Igreja. Jurista e especialista em Direito Can\u00f4nico, De Paolis fazia parte da Congrega\u00e7\u00e3o para a Doutrina da F\u00e9 na \u00e9poca em que \u2013 anos 80 \u2013 se acumulavam as den\u00fancias contra Marcial Maciel. No entanto, foi ele quem firmou a segunda absolvi\u00e7\u00e3o do sacerdote mexicano. O ex-padre mexicano Alberto Athi\u00e9 contou \u00e0 Carta Maior como Maciel sabia distribuir dinheiro e favores para comprar o sil\u00eancio das hierarquias. Athi\u00e9 renunciou em 2000 ao sacerd\u00f3cio e se dedicou \u00e0 investiga\u00e7\u00e3o e den\u00fancia dos abusos sexuais cometidos por cl\u00e9rigos e organiza\u00e7\u00f5es.<\/p>\n<p>O destino de Maciel foi selado por Bento XVI a partir de 2005. Em 2004, antes da morte de Karol Wojtyla, Maciel foi honrado no Vaticano. Neste mesmo ano, Ratzinger reabriu as investiga\u00e7\u00f5es contra os Legion\u00e1rios. O dossi\u00ea Maciel havia sido bloqueado em 1999 por Jo\u00e3o Paulo II e mantido invis\u00edvel por outra das figuras mais soturnas da c\u00faria romana, Angelo Sodano, o ex-secret\u00e1rio de Estado de Giovanni Paolo. Sodano \u00e9 uma p\u00e9rola digna de figurar em um curso de manobras sujas. Decano do Col\u00e9gio de Cardeais, ele tinha neg\u00f3cios com os Legion\u00e1rios de Cristo. Um sobrinho dele foi um dos assessores nomeados por Maciel para construir a universidade que os legion\u00e1rios de Cristo t\u00eam em Roma, a Universidade Pont\u00edfica Regina Apostolorum.<\/p>\n<p>Sodano, que foi o n\u00famero dois de Juan Paulo II durante quase 15 anos, tinha um inimigo interno, Joseph Ratzinger, um clube de simpatias exteriores cujos dois membros mais eminentes eram o ditador Augusto Pinochet e o violador Marcial Maciel. Sodano e Ratzinger travaram uma batalha sem tr\u00e9guas: o primeiro para proteger os ped\u00f3filos, o segundo para conden\u00e1-los. Em 2004, Ratzinger obrigou Maciel a se demitir e a se retirar da vida p\u00fablica. Dois anos depois, j\u00e1 como Bento XVI, o papa o suspendeu \u201ca divinis\u201d. As investiga\u00e7\u00f5es reabertas por Ratzinger demonstraram que Maciel era um pederasta, tinha duas mulheres, tr\u00eas filhos, v\u00e1rias identidades diferentes e manejava fundos milion\u00e1rios.<\/p>\n<p>As den\u00fancias pr\u00e9vias nunca haviam passado o pared\u00e3o levantado por Sodano e o hoje Santo Jo\u00e3o Paulo. A carreira de Sodano \u00e9 uma s\u00edntese do Papado de Karol Wojtyla, onde se mesclam os interesses pol\u00edticos, as vis\u00f5es ideol\u00f3gicas ultraconservadoras, a corrup\u00e7\u00e3o e as manipula\u00e7\u00f5es. Angelo Sodano foi N\u00fancio no Chile durante a ditadura de Pinochet. Manteve uma rela\u00e7\u00e3o amistosa com o ditador e isso permitiu que organizasse a visita que Jo\u00e3o Paulo II fez ao Chile em 1987. Seu irm\u00e3o Alessandro foi condenado por corrup\u00e7\u00e3o ap\u00f3s a opera\u00e7\u00e3o M\u00e3os Limpas. Seu sobrinho Andrea teve a mesma sorte nos Estados Unidos. O FBI descobriu que Andrea e um s\u00f3cio se dedicavam a comprar \u2013 mediante informa\u00e7\u00e3o privilegiada \u2013 por um punhado de d\u00f3lares as propriedades imobili\u00e1rias das dioceses dos Estados Unidos que estavam em bancarrota devido aos esc\u00e2ndalos de pedofilia.<\/p>\n<p>Mas o mundo sucumbiu ao grito de \u201csanto s\u00fabito\u201d que reclamava a canoniza\u00e7\u00e3o de um homem que presidiu os destinos da Igreja em seu momento mais infame e corrupto. O papa \u201cviajante\u201d, o papa \u201cam\u00e1vel\u201d, o papa \u201cdos jovens\u201d, era um impostor ortodoxo que deixou desprotegidas as v\u00edtimas dos abusos sexuais e os pr\u00f3prios pastores da Igreja quando estes estiveram com suas vidas amea\u00e7adas.<\/p>\n<p>Sua vis\u00e3o e suas necessidades estrat\u00e9gicas sempre se opuseram \u00e0s humanas. Na trama desta hist\u00f3ria tamb\u00e9m h\u00e1 muito sangue, e n\u00e3o s\u00f3 de banqueiros mafiosos como Roberto Calvi ou Michele Sindona, com quem Jo\u00e3o Paulo II se associou para alimentar com fundos secretos os cofres do IOR (Banco do Vaticano), fundos que serviram para financiar a luta contra o comunismo no leste europeu e contra a Teologia da Liberta\u00e7\u00e3o na Am\u00e9rica Latina.<\/p>\n<p>Jo\u00e3o Paulo II deixou desprotegidos os padres que encarnavam, na Am\u00e9rica Latina, a op\u00e7\u00e3o pelos pobres frente \u00e0s ditaduras criminosas e seus aliados das burguesias nacionais. Em 2011, cinquenta destacados te\u00f3logos da Alemanha assinaram uma carta contra a beatifica\u00e7\u00e3o de Jo\u00e3o Paulo II por n\u00e3o ter apoiado o arcebispo salvadorenho \u00d3scar Arnulfo Romero, assassinado em 24 de mar\u00e7o de 1980 por um comando paramilitar da extrema-direita salvadorenha, enquanto celebrava uma missa. Romero sim que \u00e9 e ser\u00e1 um santo. O arcebispo enfrentou os militares para pedir-lhes que n\u00e3o assassinassem seu povo, percorreu bairros, zonas castigadas pela repress\u00e3o e pela viol\u00eancia, defendeu os direitos humanos e os pobres. Em resumo, n\u00e3o esperou que Bergoglio chegasse a Roma para falar de \u201cuma Igreja pobre para os pobres\u201d. N\u00e3o. Ele a encarnou em sua figura e pagou com sua vida, como tantos outros padres aos quais o Vaticano taxava de marxistas ou comunistas s\u00f3 porque se envolviam em causas sociais.<\/p>\n<p>Jo\u00e3o Paulo II \u00e9 um santo impostor que traiu a Am\u00e9rica Latina e aqueles que, a partir de uma igreja modesta, ousaram dizer n\u00e3o aos assassinos de seus povos. Se, no leste europeu, Jo\u00e3o Paulo II contribuiu para a queda do bloco comunista, na Am\u00e9rica Latina favoreceu a queda da democracia e a perman\u00eancia nefasta de ditaduras e sua ideologia apocal\u00edptica. Um detalhe atroz se soma \u00e0 j\u00e1 incont\u00e1vel d\u00edvida que o Vaticano tem com a justi\u00e7a e a verdade: o expediente de beatifica\u00e7\u00e3o de \u00d3scar Romero segue bloqueado nos meandros pol\u00edticos da Santa S\u00e9. Jo\u00e3o Paulo II beatificou Josemar\u00eda Escriv\u00e1, o pol\u00eamico fundador da Opus Dei e um de seus protegidos. Mas deixou Romero de fora, inclusive quando estava com sua vida amea\u00e7ada. \u201cCada vez mais sou um pastor de um pa\u00eds de cad\u00e1veres\u201d, costumava dizer Romero.<\/p>\n<p>Jo\u00e3o Paulo II foi eleito em 1978. No ano seguinte, Monsenhor Romero entregou a ele um informe sobre a espantosa viola\u00e7\u00e3o dos Direitos Humanos em El Salvador. O papa ignorou o informe e recomendou a Romero que trabalhasse \u201cmais estreitamente com o governo\u201d. Como lembrou \u00e0 Carta Maior Giacomo Galeazzi, vaticanista de La Stampa e autor de uma magistral investiga\u00e7\u00e3o, \u201cWojtyla Secreto\u201d, em \u201cseus 25 anos de pontificado nenhum bispo latinoamericanao ligado \u00e0 a\u00e7\u00e3o social ou \u00e0 Teologia da Liberta\u00e7\u00e3o foi nomeado cardeal por Jo\u00e3o Paulo II\u201d. A resposta est\u00e1 em uma frase de outro dos mais dignos representantes da \u201cIgreja dos Pobres\u201d, o falecido arcebispo brasileiro H\u00e9lder C\u00e2mara. \u201cQuando alimentei os pobres me chamaram de santo; mas quando perguntei por que h\u00e1 gente pobre me chamaram de comunista\u201d.<\/p>\n<p>O show universal da canoniza\u00e7\u00e3o j\u00e1 foi lan\u00e7ado. A imprensa branca da Europa tem a mem\u00f3ria muito curta e sua cultura do outro \u00e9 estreita como um corredor de hospital. Todos celebram o grande papa. Ela promoveu \u00e0 categoria de santo um homem que tem as m\u00e3os sujas, que cometeu a inf\u00e2mia de encobrir violadores de crian\u00e7as, de beijar ditadores e legitimar com isso o rastro de mortos que deixavam pelo caminho, de negociar benef\u00edcios para a m\u00e1fia, que sacrificou em nome dos interesses de uma parte da Europa a miseric\u00f3rdia e a justi\u00e7a de outros, entre eles os da Am\u00e9rica Latina. Est\u00e3o canonizando um trapaceiro. O c\u00famulo da esperteza, do erro imemorial.<\/p>\n<p>Em que altar se ajoelhar\u00e3o as v\u00edtimas dos abusadores sexuais e das ditaduras? Podemos levantar todos juntos um lugar apraz\u00edvel e justo na mem\u00f3ria com as imagens do padre M\u00fagica ou do Monsenhor Romero para nos reencontrarmos com a beatitude o sentido de quem, por um ideal de justi\u00e7a e igualdade, enfrentou a morte sem pensar nunca em si mesmo, ou em baixas vantagens humanas.<\/p>\n<p>Tradu\u00e7\u00e3o: Marco Aur\u00e9lio Weissheimer<\/p>\n","protected":false},"excerpt":{"rendered":"\nCarta Maior &#8211; 26\/04\/2014\n<a class=\"moretag\" href=\"https:\/\/pcb.org.br\/portal2\/6186\"> <\/a>","protected":false},"author":1,"featured_media":0,"comment_status":"open","ping_status":"open","sticky":false,"template":"","format":"standard","meta":{"jetpack_post_was_ever_published":false,"_jetpack_newsletter_access":"","_jetpack_dont_email_post_to_subs":false,"_jetpack_newsletter_tier_id":0,"_jetpack_memberships_contains_paywalled_content":false,"_jetpack_memberships_contains_paid_content":false,"footnotes":"","jetpack_publicize_message":"","jetpack_publicize_feature_enabled":true,"jetpack_social_post_already_shared":false,"jetpack_social_options":{"image_generator_settings":{"template":"highway","default_image_id":0,"font":"","enabled":false},"version":2}},"categories":[9],"tags":[],"class_list":["post-6186","post","type-post","status-publish","format-standard","hentry","category-s10-internacional"],"jetpack_publicize_connections":[],"jetpack_featured_media_url":"","jetpack_shortlink":"https:\/\/wp.me\/p659gw-1BM","jetpack-related-posts":[],"jetpack_likes_enabled":true,"jetpack_sharing_enabled":true,"_links":{"self":[{"href":"https:\/\/pcb.org.br\/portal2\/wp-json\/wp\/v2\/posts\/6186","targetHints":{"allow":["GET"]}}],"collection":[{"href":"https:\/\/pcb.org.br\/portal2\/wp-json\/wp\/v2\/posts"}],"about":[{"href":"https:\/\/pcb.org.br\/portal2\/wp-json\/wp\/v2\/types\/post"}],"author":[{"embeddable":true,"href":"https:\/\/pcb.org.br\/portal2\/wp-json\/wp\/v2\/users\/1"}],"replies":[{"embeddable":true,"href":"https:\/\/pcb.org.br\/portal2\/wp-json\/wp\/v2\/comments?post=6186"}],"version-history":[{"count":0,"href":"https:\/\/pcb.org.br\/portal2\/wp-json\/wp\/v2\/posts\/6186\/revisions"}],"wp:attachment":[{"href":"https:\/\/pcb.org.br\/portal2\/wp-json\/wp\/v2\/media?parent=6186"}],"wp:term":[{"taxonomy":"category","embeddable":true,"href":"https:\/\/pcb.org.br\/portal2\/wp-json\/wp\/v2\/categories?post=6186"},{"taxonomy":"post_tag","embeddable":true,"href":"https:\/\/pcb.org.br\/portal2\/wp-json\/wp\/v2\/tags?post=6186"}],"curies":[{"name":"wp","href":"https:\/\/api.w.org\/{rel}","templated":true}]}}