{"id":6260,"date":"2014-05-21T14:40:31","date_gmt":"2014-05-21T14:40:31","guid":{"rendered":"http:\/\/pcb.org.br\/portal2\/?p=6260"},"modified":"2014-05-21T14:40:31","modified_gmt":"2014-05-21T14:40:31","slug":"as-farc-ep-lancam-novo-rap","status":"publish","type":"post","link":"https:\/\/pcb.org.br\/portal2\/6260","title":{"rendered":"As FARC-EP lan\u00e7am novo rap"},"content":{"rendered":"\n<p>Guerrilheiros e guerrilheiras das FARC-EP, apresentamos este trabalho audiovisual chamado \u201cPueblo colombiano pa&#8217;la mesa\u201d (Povo colombiano para a mesa).<\/p>\n<p>Neste v\u00eddeo, refletimos sobre a dif\u00edcil situa\u00e7\u00e3o vivida pelo campesinato colombiano, do qual muitos de nossos integrantes faziam parte antes de ingressar nas fileiras das FARC-EP. Hist\u00f3rias como a do comandante guerrilheiro Miguel Pascuas, protagonista deste v\u00eddeo, existem milhares.<\/p>\n<p>Nossos camponeses s\u00e3o perseguidos, estigmatizados, removidos; suas terras fumigadas. E quando decidem ingressar na guerrilha, porque o Estado n\u00e3o ofrece outra op\u00e7\u00e3o de vida, s\u00e3o criminalizados e \u00e9 oferecida uma recompensa por suas cabe\u00e7as.<\/p>\n<p>Suas hist\u00f3rias e sofrimentos tamb\u00e9m fazem parte da verdade hist\u00f3rica sobre o grave conflito social e armado que vive nosso pa\u00eds. Suas raz\u00f5es de lutar, individuais inicialmente, mas logo multiplicadas e coletivizadas, s\u00e3o as mesmas causas que originaram este conflito. Tristemente, a realidade da Col\u00f4mbia s\u00e9culo XXI desmente o mito inculcado de que as causas objetivas que talvez tenham existido no in\u00edcio j\u00e1 n\u00e3o existem. \u00c9 que abundam. Elas se refletem na ignor\u00e2ncia, na fome e na exclus\u00e3o.<\/p>\n<p>Miguel Pascuas fez parte do grupo de 46 fortes camponeses e 2 camponesas que fundaram as FARC-EP, em Marquetalia, Sul do Tolima (Col\u00f4mbia). Junto com Manuel Marulanda V\u00e9lez, Jacobo Pr\u00edas Alape, Jacobo Arenas e outros valentes companheiros, resistiram a um grande operativo militar de 16.000 soldados, dirigido pelo Pent\u00e1gono.<\/p>\n<p>Assim, foram se organizando. Primeiro, como autodefesa e, depois, como movimento guerrilheiro com um projeto estrat\u00e9gico para a tomada do poder pelo povo, pela via pol\u00edtica das alian\u00e7as ou pela via militar.<\/p>\n<p>Hoje, 50 anos depois, o comandante Miguel \u00e9 integrante da Delega\u00e7\u00e3o de Paz das FARC-EP em Havana, Cuba. Viveu quatro processos de paz; quatro sonhos de justi\u00e7a social, interrompidos brutalmente por uma classe dominante que nunca quis discutir e nem escutar.<\/p>\n<p>Sentimo-nos orgulhosos de t\u00ea-lo entre n\u00f3s e poder aprender com sua experi\u00eancia.<\/p>\n<p>Queremos mandar uma mensagem de otimismo frente ao atual processo de paz que ocorre em Havana, Cuba. No v\u00eddeo, expressamos o que significa a paz para n\u00f3s; pensamos que para alcan\u00e7ar a paz \u00e9 preciso aprender a falar sem medo, sem tabus. N\u00e3o existem intoc\u00e1veis; o respeito n\u00e3o se ganha com t\u00edtulos e nem com viol\u00eancia, se ganha sendo justo e tolerante.<\/p>\n<p>Devemos aprender a exigir nosso direito \u00e0 paz com justi\u00e7a social. Instrumentos como a Assembleia Nacional Constituinte ou o cessar fogo bilateral s\u00e3o necess\u00e1rios para chegar a ela. Por\u00e9m, antes de tudo, necessitamos descobrir a Verdade sobre o conflito. N\u00e3o a verdade vista de cima, de baixo ou de lado, mas a verdade integral e multicor.<\/p>\n<p>Fizemos este v\u00eddeo junto com o grupo cubano de rap \u201cCuentas Claras\u201d, num prazeroso processo de aprendizagem m\u00fatua. Este grupo, fundado em 2003, utiliza uma linguagem direta e trata em suas can\u00e7\u00f5es de temas essenciais do mundo, a vida atual e seus problemas, enfocando-os de um modo positivo e com cr\u00edticas construtivas. Brinda-se especial aten\u00e7\u00e3o \u00e0 realidade de Cuba, com um olhar revolucion\u00e1rio.<\/p>\n<p>Entona\u00e7\u00f5es mescladas, melodias cantadas, batalhas de ideias e temas levantados por jovens com gana de lutar pela p\u00e1tria; aqui, l\u00e1, em todos os pa\u00edses do mundo&#8230; A juventude intr\u00e9pida n\u00e3o se cala frente \u00e0 injusti\u00e7a.<\/p>\n<p>Descarregar o \u00e1udio: https:\/\/soundcloud.com\/rap-cuentas-claras\/sets<\/p>\n<p>V\u00eddeo: https:\/\/www.youtube.com\/watch?v=FppNlVySRF4<\/p>\n<p>Fonte: http:\/\/pazfarc-ep.org\/index.php\/articulos\/debe-saber\/1900-farc-ep-lanzan-nueva-cancion-rap.html<\/p>\n<p>Tradu\u00e7\u00e3o: Partido Comunista Brasileiro (PCB)<\/p>\n<p> <object class=\"imagem100\"><param name=\"movie\" value=\"http:\/\/www.youtube.com\/v\/FppNlVySRF4\" \/><param name=\"allowFullScreen\" value=\"true\" \/><param name=\"allowscriptaccess\" value=\"always\" \/><\/object> <\/p>\n","protected":false},"excerpt":{"rendered":"  \nEscrito por Delega\u00e7\u00e3o de Paz das FARC-EP\n<a class=\"moretag\" href=\"https:\/\/pcb.org.br\/portal2\/6260\"> <\/a>","protected":false},"author":1,"featured_media":0,"comment_status":"open","ping_status":"open","sticky":false,"template":"","format":"standard","meta":{"jetpack_post_was_ever_published":false,"_jetpack_newsletter_access":"","_jetpack_dont_email_post_to_subs":false,"_jetpack_newsletter_tier_id":0,"_jetpack_memberships_contains_paywalled_content":false,"_jetpack_memberships_contains_paid_content":false,"footnotes":"","jetpack_publicize_message":"","jetpack_publicize_feature_enabled":true,"jetpack_social_post_already_shared":false,"jetpack_social_options":{"image_generator_settings":{"template":"highway","default_image_id":0,"font":"","enabled":false},"version":2}},"categories":[34],"tags":[],"class_list":["post-6260","post","type-post","status-publish","format-standard","hentry","category-c39-colombia"],"jetpack_publicize_connections":[],"jetpack_featured_media_url":"","jetpack_shortlink":"https:\/\/wp.me\/p659gw-1CY","jetpack-related-posts":[],"jetpack_likes_enabled":true,"jetpack_sharing_enabled":true,"_links":{"self":[{"href":"https:\/\/pcb.org.br\/portal2\/wp-json\/wp\/v2\/posts\/6260","targetHints":{"allow":["GET"]}}],"collection":[{"href":"https:\/\/pcb.org.br\/portal2\/wp-json\/wp\/v2\/posts"}],"about":[{"href":"https:\/\/pcb.org.br\/portal2\/wp-json\/wp\/v2\/types\/post"}],"author":[{"embeddable":true,"href":"https:\/\/pcb.org.br\/portal2\/wp-json\/wp\/v2\/users\/1"}],"replies":[{"embeddable":true,"href":"https:\/\/pcb.org.br\/portal2\/wp-json\/wp\/v2\/comments?post=6260"}],"version-history":[{"count":0,"href":"https:\/\/pcb.org.br\/portal2\/wp-json\/wp\/v2\/posts\/6260\/revisions"}],"wp:attachment":[{"href":"https:\/\/pcb.org.br\/portal2\/wp-json\/wp\/v2\/media?parent=6260"}],"wp:term":[{"taxonomy":"category","embeddable":true,"href":"https:\/\/pcb.org.br\/portal2\/wp-json\/wp\/v2\/categories?post=6260"},{"taxonomy":"post_tag","embeddable":true,"href":"https:\/\/pcb.org.br\/portal2\/wp-json\/wp\/v2\/tags?post=6260"}],"curies":[{"name":"wp","href":"https:\/\/api.w.org\/{rel}","templated":true}]}}