{"id":6284,"date":"2014-05-29T04:09:43","date_gmt":"2014-05-29T04:09:43","guid":{"rendered":"http:\/\/pcb.org.br\/portal2\/?p=6284"},"modified":"2014-05-29T04:09:43","modified_gmt":"2014-05-29T04:09:43","slug":"video-mostra-como-a-imagem-da-mulher-brasileira-e-construida-pela-midia","status":"publish","type":"post","link":"https:\/\/pcb.org.br\/portal2\/6284","title":{"rendered":"V\u00eddeo mostra como a imagem da mulher brasileira \u00e9 constru\u00edda pela m\u00eddia"},"content":{"rendered":"\n<p>O v\u00eddeo &#8220;<a href=\"http:\/\/site.adital.com.br\/site\/noticia.php?boletim=1&amp;lang=PT&amp;cod=80577\" target=\"_blank\" title=\"Click to Continue &gt; by Fun2Save\">Mulheres brasileiras<\/a>&#8220;: do \u00edcone midi\u00e1tico \u00e0 realidade\u201d traz depoimentos de mulheres que defendem os diretos femininos e apontam que a maioria dos meios de comunica\u00e7\u00e3o e da m\u00eddia no Brasil desvaloriza a mulher e a trata como mercadoria. O v\u00eddeo critica o modelo de publicidade brasileiro, a falta de democratiza\u00e7\u00e3o da comunica\u00e7\u00e3o e promove um debate a respeito dos direitos das mulheres e do papel da m\u00eddia na forma\u00e7\u00e3o da subjetividade das pessoas.<\/p>\n<p>Os depoimentos de Rita Freire e Terezinha Vicente, membros da Rede Mulher M\u00eddia, exp\u00f5em como a mulher brasileira \u00e9 tratada pela grande m\u00eddia e alertam que o padr\u00e3o de mulher veiculado nas m\u00eddias n\u00e3o reflete a brasileira. Para Rita, a imagem veiculada nos meios de comunica\u00e7\u00e3o contribui para reproduzir um padr\u00e3o de beleza incompat\u00edvel com a realidade da popula\u00e7\u00e3o, trata a mulher como mercadoria e ainda contribui para a erotiza\u00e7\u00e3o das crian\u00e7as.<\/p>\n<p>O v\u00eddeo alerta que o padr\u00e3o veiculado, por exemplo na TV, n\u00e3o reflete a diversidade, pois as imagens s\u00e3o sempre de loiras altas, magras e heterossexuais, que em nada remetem \u00e0 maioria dos brasileiros. A publicidade que reproduz propagandas de cervejas, associando a figura da mulher \u00e0 bebida, ao futebol e \u00e0 sensualidade s\u00e3o criticadas no v\u00eddeo e \u00e9 feita uma critica \u00e0 legisla\u00e7\u00e3o do pa\u00eds em rela\u00e7\u00e3o \u00e0 comunica\u00e7\u00e3o.<\/p>\n<p>Para Jacira Melo, diretora do Instituto Patr\u00edcia Galv\u00e3o, a legisla\u00e7\u00e3o precisa mudar, pois o Brasil possui ainda leis antigas, com mais de 50 anos. Segundo ela, a legisla\u00e7\u00e3o precisa democratizar a comunica\u00e7\u00e3o no pa\u00eds.<\/p>\n<p>Os depoimentos da psic\u00f3loga Iris Miranda e da jornalista Melissa Miranda chamam a aten\u00e7\u00e3o para o movimento da Marcha das Vadias, que surgiu em v\u00e1rias partes do mundo, chegou no Brasil e ganhou for\u00e7a atrav\u00e9s de mobiliza\u00e7\u00f5es nas redes sociais.<\/p>\n<p>O v\u00eddeo \u00e9 pequeno, mas promove uma reflex\u00e3o sobre como os direitos das mulheres s\u00e3o desrespeitados e como a m\u00eddia pode interferir na subjetividade humana. O v\u00eddeo exp\u00f5e tamb\u00e9m dif\u00edcil tarefa de defender os direitos das mulheres em uma sociedade que est\u00e1 imersa em uma cultura machista e manipulada.<\/p>\n<p>Para assistir ao v\u00eddeo acesse:<\/p>\n<p><span class=\"embed-youtube\" style=\"text-align:center; display: block;\"><iframe loading=\"lazy\" class=\"youtube-player\" width=\"747\" height=\"421\" src=\"https:\/\/www.youtube.com\/embed\/MyDfr4N7dWk?version=3&#038;rel=1&#038;showsearch=0&#038;showinfo=1&#038;iv_load_policy=1&#038;fs=1&#038;hl=pt-BR&#038;autohide=2&#038;wmode=transparent\" allowfullscreen=\"true\" style=\"border:0;\" sandbox=\"allow-scripts allow-same-origin allow-popups allow-presentation allow-popups-to-escape-sandbox\"><\/iframe><\/span><\/p>\n<p>Ficha T\u00e9cnica:<\/p>\n<p>Diretora Laura Toledo Daud\u00e9n, Andrea Menor e Alba Onrubia Gago Garc\u00eda<\/p>\n<p>Produ\u00e7\u00e3o: Povos-Magazine Informa\u00e7\u00e3o e Debate e Paz com Dignidade<\/p>\n<p>Dura\u00e7\u00e3o: 14 minutos<\/p>\n<p>Ano: 2014<\/p>\n<p>Idiomas: Portugu\u00eas, castelhano e basco legendas<\/p>\n<p> <object class=\"imagem100\"><param name=\"movie\" value=\"http:\/\/www.youtube.com\/v\/MyDfr4N7dWk\" \/><param name=\"allowFullScreen\" value=\"true\" \/><param name=\"allowscriptaccess\" value=\"always\" \/><\/object> <\/p>\n<p>site.adital.com.br\/site\/noticia.php?boletim=1&amp;lang=PT&amp;cod=80577<\/p>\n","protected":false},"excerpt":{"rendered":"\nAdital\n<a class=\"moretag\" href=\"https:\/\/pcb.org.br\/portal2\/6284\"> <\/a>","protected":false},"author":1,"featured_media":0,"comment_status":"open","ping_status":"open","sticky":false,"template":"","format":"standard","meta":{"jetpack_post_was_ever_published":false,"_jetpack_newsletter_access":"","_jetpack_dont_email_post_to_subs":false,"_jetpack_newsletter_tier_id":0,"_jetpack_memberships_contains_paywalled_content":false,"_jetpack_memberships_contains_paid_content":false,"footnotes":"","jetpack_publicize_message":"","jetpack_publicize_feature_enabled":true,"jetpack_social_post_already_shared":false,"jetpack_social_options":{"image_generator_settings":{"template":"highway","default_image_id":0,"font":"","enabled":false},"version":2}},"categories":[50],"tags":[],"class_list":["post-6284","post","type-post","status-publish","format-standard","hentry","category-c61-cultura-revolucionaria"],"jetpack_publicize_connections":[],"jetpack_featured_media_url":"","jetpack_shortlink":"https:\/\/wp.me\/p659gw-1Dm","jetpack-related-posts":[],"jetpack_likes_enabled":true,"jetpack_sharing_enabled":true,"_links":{"self":[{"href":"https:\/\/pcb.org.br\/portal2\/wp-json\/wp\/v2\/posts\/6284","targetHints":{"allow":["GET"]}}],"collection":[{"href":"https:\/\/pcb.org.br\/portal2\/wp-json\/wp\/v2\/posts"}],"about":[{"href":"https:\/\/pcb.org.br\/portal2\/wp-json\/wp\/v2\/types\/post"}],"author":[{"embeddable":true,"href":"https:\/\/pcb.org.br\/portal2\/wp-json\/wp\/v2\/users\/1"}],"replies":[{"embeddable":true,"href":"https:\/\/pcb.org.br\/portal2\/wp-json\/wp\/v2\/comments?post=6284"}],"version-history":[{"count":0,"href":"https:\/\/pcb.org.br\/portal2\/wp-json\/wp\/v2\/posts\/6284\/revisions"}],"wp:attachment":[{"href":"https:\/\/pcb.org.br\/portal2\/wp-json\/wp\/v2\/media?parent=6284"}],"wp:term":[{"taxonomy":"category","embeddable":true,"href":"https:\/\/pcb.org.br\/portal2\/wp-json\/wp\/v2\/categories?post=6284"},{"taxonomy":"post_tag","embeddable":true,"href":"https:\/\/pcb.org.br\/portal2\/wp-json\/wp\/v2\/tags?post=6284"}],"curies":[{"name":"wp","href":"https:\/\/api.w.org\/{rel}","templated":true}]}}