{"id":6297,"date":"2014-06-05T18:08:48","date_gmt":"2014-06-05T18:08:48","guid":{"rendered":"http:\/\/pcb.org.br\/portal2\/?p=6297"},"modified":"2014-06-05T18:08:48","modified_gmt":"2014-06-05T18:08:48","slug":"copa-para-quem-3","status":"publish","type":"post","link":"https:\/\/pcb.org.br\/portal2\/6297","title":{"rendered":"Copa para quem?"},"content":{"rendered":"\n<p>A passagem da sele\u00e7\u00e3o brasileira de futebol por Goi\u00e2nia no dia 03 de junho foi marcada por intensos protestos de trabalhadores. A Frente de Esquerda Socialista (PCB, PSOL, PSTU e PCLCP) em conjunto com os t\u00e9cnicos administrativos em greve da UFG e IFG e o Movimento Terra Livre, de luta pela reforma agr\u00e1ria, convocaram o ato &#8221; Copa pra Quem ? &#8221; e marcaram presen\u00e7a em frente ao hotel onde estava hospedada a sele\u00e7\u00e3o.<\/p>\n<p>Um amplo e desproporcional aparato policial entrou em confronto com a manifesta\u00e7\u00e3o, chegando a deter um dos manifestantes e tomar o seu megafone, demonstrando que o verdadeiro legado da Copa \u00e9 a repress\u00e3o e criminaliza\u00e7\u00e3o aos movimentos populares.<\/p>\n<p>A manifesta\u00e7\u00e3o, que alcan\u00e7ou imensa repercuss\u00e3o, denunciou os gastos abusivos da Copa do Mundo e o favorecimento \u00e0s grandes empresas, construtoras e demais setores do capital em detrimento dos trabalhadores, com a remo\u00e7\u00e3o arbitr\u00e1ria de pessoas de suas comunidades.<\/p>\n<p>Os manifestantes questionaram os mais de 35 bilh\u00f5es de reais, vindo dos cofres p\u00fablicos, gastos em monumentos para os \u201cmega eventos\u201d destinados aos grupos empresariais enquanto que para os direitos sociais o governo sinaliza com cortes or\u00e7ament\u00e1rios. Segundo Ant\u00f4nio Neto, professor em greve no munic\u00edpio de Goiania e militante do PCB &#8220;Os gastos da Copa superam os gastos federais com educa\u00e7\u00e3o e sa\u00fade juntos. Pa\u00eds rico \u00e9 pa\u00eds com sa\u00fade, educa\u00e7\u00e3o, transporte e seguran\u00e7a p\u00fablica e de qualidade!&#8221;<\/p>\n<p>Ainda segundo o professor Ant\u00f4nio &#8221; A Frente de esquerda socialista conclama todos a unirem suas for\u00e7as para barrar o crescente processo de criminaliza\u00e7\u00e3o de militantes e organiza\u00e7\u00f5es populares e, ao mesmo tempo, fortalecer as greves em andamento como alternativa para a valoriza\u00e7\u00e3o dos trabalhadores e dos servi\u00e7os p\u00fablicos&#8221;<\/p>\n<p>No per\u00edodo da tarde, os militantes do PCB somaram-se ao ato &#8220;N\u00e3o vai ter Copa&#8221;, organizado pelos Professores em greve da rede municipal em conjunto com coletivos estudantis e oper\u00e1rios, que foi at\u00e9 o est\u00e1dio Serra Dourada e tamb\u00e9m reafirmou a indigna\u00e7\u00e3o da popula\u00e7\u00e3o com a Copa dos Empres\u00e1rios.<\/p>\n<p>Fonte : PCB-GO<\/p>\n","protected":false},"excerpt":{"rendered":"  \n<a class=\"moretag\" href=\"https:\/\/pcb.org.br\/portal2\/6297\"> <\/a>","protected":false},"author":1,"featured_media":0,"comment_status":"open","ping_status":"open","sticky":false,"template":"","format":"standard","meta":{"jetpack_post_was_ever_published":false,"_jetpack_newsletter_access":"","_jetpack_dont_email_post_to_subs":false,"_jetpack_newsletter_tier_id":0,"_jetpack_memberships_contains_paywalled_content":false,"_jetpack_memberships_contains_paid_content":false,"footnotes":"","jetpack_publicize_message":"","jetpack_publicize_feature_enabled":true,"jetpack_social_post_already_shared":false,"jetpack_social_options":{"image_generator_settings":{"template":"highway","default_image_id":0,"font":"","enabled":false},"version":2}},"categories":[123],"tags":[],"class_list":["post-6297","post","type-post","status-publish","format-standard","hentry","category-c136-copa-para-quem"],"jetpack_publicize_connections":[],"jetpack_featured_media_url":"","jetpack_shortlink":"https:\/\/wp.me\/p659gw-1Dz","jetpack-related-posts":[],"jetpack_likes_enabled":true,"jetpack_sharing_enabled":true,"_links":{"self":[{"href":"https:\/\/pcb.org.br\/portal2\/wp-json\/wp\/v2\/posts\/6297","targetHints":{"allow":["GET"]}}],"collection":[{"href":"https:\/\/pcb.org.br\/portal2\/wp-json\/wp\/v2\/posts"}],"about":[{"href":"https:\/\/pcb.org.br\/portal2\/wp-json\/wp\/v2\/types\/post"}],"author":[{"embeddable":true,"href":"https:\/\/pcb.org.br\/portal2\/wp-json\/wp\/v2\/users\/1"}],"replies":[{"embeddable":true,"href":"https:\/\/pcb.org.br\/portal2\/wp-json\/wp\/v2\/comments?post=6297"}],"version-history":[{"count":0,"href":"https:\/\/pcb.org.br\/portal2\/wp-json\/wp\/v2\/posts\/6297\/revisions"}],"wp:attachment":[{"href":"https:\/\/pcb.org.br\/portal2\/wp-json\/wp\/v2\/media?parent=6297"}],"wp:term":[{"taxonomy":"category","embeddable":true,"href":"https:\/\/pcb.org.br\/portal2\/wp-json\/wp\/v2\/categories?post=6297"},{"taxonomy":"post_tag","embeddable":true,"href":"https:\/\/pcb.org.br\/portal2\/wp-json\/wp\/v2\/tags?post=6297"}],"curies":[{"name":"wp","href":"https:\/\/api.w.org\/{rel}","templated":true}]}}