{"id":6313,"date":"2014-06-10T18:20:14","date_gmt":"2014-06-10T18:20:14","guid":{"rendered":"http:\/\/pcb.org.br\/portal2\/?p=6313"},"modified":"2014-06-10T18:20:14","modified_gmt":"2014-06-10T18:20:14","slug":"a-copa-de-2014-de-que-estamos-falando","status":"publish","type":"post","link":"https:\/\/pcb.org.br\/portal2\/6313","title":{"rendered":"A Copa de 2014: de que estamos falando?"},"content":{"rendered":"\n<p>Pelas regras da Fifa, se esse artigo fosse uma mercadoria, eu deveria pagar royalties pela patente em usar a palavra Copa 2014. Isso mesmo. A Fifa patenteou as marcas FIFA, COPA DO MUNDO, COPA 2014, BRASIL 2014 e o nome de todas as cidades-sede seguido de 2014, entre outras marcas. Segundo o Instituto Nacional da Propriedade Industrial (Inpi), atualmente a Fifa possui 1.116 marcas registradas no Brasil.<\/p>\n<p>Al\u00e9m disso, o artigo 11 da Lei Geral da Copa estabelece que os est\u00e1dios que sediar\u00e3o os jogos do mundial no Brasil dever\u00e3o possuir uma \u201c\u00e1rea de exclusividade\u201d cujos limites ser\u00e3o \u201ctempestivamente estabelecidos pela autoridade competente, considerados os requerimentos da FIFA ou de terceiros por ela indicados, (\u2026) observado o per\u00edmetro m\u00e1ximo de 2 km ao redor dos referidos Locais Oficiais de Competi\u00e7\u00e3o\u201d. Ou seja, na \u00e1rea de 2 km de raio em torno dos est\u00e1dios, todos os comerciante e moradores dever\u00e3o ser cadastrados. O comercio interrompido antes e depois dos jogos. Al\u00e9m da proibi\u00e7\u00e3o do trabalho de vendedores ambulantes nos dias do jogo pr\u00f3ximo as arenas.<\/p>\n<p>Esses dois exemplos, talvez pequenos diante de tanta inger\u00eancia de uma empresa privada, que \u00e9 a Fifa, sobre a soberania de um pa\u00eds s\u00e3o coisas que vem inquietando amplos setores da sociedade brasileira nos protestos sobre v\u00e1rias quest\u00f5es, mas, que no s\u00edmbolo da Copa, encontraram um ponto de converg\u00eancia.<\/p>\n<p>Tamb\u00e9m h\u00e1 muita confus\u00e3o nisso tudo. Para alguns, principalmente os setores ligados ao governo, criticar a Copa \u00e9 fazer o jogo da oposi\u00e7\u00e3o em um ano eleitoral. Para outros, da velha elite conservadora e neoliberal, o momento \u00e9 propicio para criticar, de prefer\u00eancia desde Miami, a desgra\u00e7a que \u00e9 o Brasil, um pa\u00eds ainda pouco aberto aos mercados, segundo dizem.<\/p>\n<p>H\u00e1 tamb\u00e9m aqueles que compreensivelmente vem se manifestando durante todo o per\u00edodo dos governos do PT por moradia, por educa\u00e7\u00e3o e sa\u00fade publicas, por mobilidade urbana etc.<\/p>\n<p>E h\u00e1 as organiza\u00e7\u00f5es, movimentos e comunidades impactadas pelas obras do mundial que come\u00e7aram a se organizar em fins de 2010 em vistas a denunciar os impactos da Copa sobre os territ\u00f3rios mais fr\u00e1geis, como o popula\u00e7\u00e3o de rua, ou que perderam sua moradia (250 mil pessoas nas 12 cidades sede), sobre os trabalhadores ambulantes, enfim, grupos que est\u00e3o absolutamente \u00e0 margem dos movimentos sociais mais tradicionais. Juntos, <a href=\"http:\/\/www.portalpopulardacopa.org.br\" target=\"_blank\" title=\"clique para visitar o Portal Popular da Copa - ANCOP\">os doze Comit\u00eas Populares da Copa formam a Articula\u00e7\u00e3o Nacional dos Comit\u00eas Populares da Copa, ANCOP.<\/a><\/p>\n<p>Ent\u00e3o, excluindo o oportunismo da velha direita, temos: de um lado a Fifa com todo o aparato privatista avalizado pelo governo federal; e de outro as mobiliza\u00e7\u00f5es de todo tipo que n\u00e3o param de crescer.<\/p>\n<p>Vai ter Copa? Vai! O Brasil hoje teria investido mais em sa\u00fade, educa\u00e7\u00e3o, transporte publico etc se n\u00e3o fosse a Copa? N\u00e3o. E por que n\u00e3o? Porque a Copa \u00e9 mais um sintoma do que uma causa das desigualdades no Brasil. Porque o modelo de desenvolvimento em curso no Brasil e em v\u00e1rios pa\u00edses da Am\u00e9rica Latina estabelece como prioridade, de um lado, megaempreendimentos econ\u00f4micos centrados na exporta\u00e7\u00e3o de commodities agr\u00edcolas e minerais. E de outro politicas sociais que s\u00e3o dirigidas \u00e0s popula\u00e7\u00f5es mais empobrecidas, como Bolsa fam\u00edlia e outros programas similares em toda a regi\u00e3o que, mesmo sendo importantes, s\u00e3o insuficientes para a supera\u00e7\u00e3o das desigualdades estruturais da regi\u00e3o. Hoje, segundo dados do Banco Mundial, 1 em cada 4 fam\u00edlias na Am\u00e9rica Latina \u00e9 beneficiaria de programas desse tipo \u201ccompensat\u00f3rio.\u201d<\/p>\n<p>Territ\u00f3rios inteiros dos povos tradicionais de nossa Am\u00e9rica est\u00e3o sendo varridos pelo avan\u00e7o das transnacionais e seus neg\u00f3cios. Financiados, em geral, pelo Estado que garante a infraestrutura, isenta os impostos, flexibiliza as leis de prote\u00e7\u00e3o ambiental e trabalhista. Mega eventos como a Copa tem sido usados como aceleradores dessas interven\u00e7\u00f5es no processo de privatiza\u00e7\u00e3o de nossas cidades. Facilita-se a elitiza\u00e7\u00e3o, a cidade como instrumento nas m\u00e3os das empreiteiras e a consequente especula\u00e7\u00e3o imobili\u00e1ria. Esse modelo vai abrindo fronteiras casa vez mais distantes do centro das cidades e criando um modo de viver dependente de ve\u00edculos para locomo\u00e7\u00e3o, criando um estilo de vida cada vez mais fechado em condom\u00ednios e cada vez menos na rua, na vida <em>callejera<\/em>.<\/p>\n<p>Assim, as v\u00e9speras da Copa n\u00e3o podemos absolutamente cair no discurso oportunista muito utilizado agora pela grande m\u00eddia. Muitos dos que hoje no Brasil falam de corrup\u00e7\u00e3o, uso excessivo de recursos p\u00fablicos etc, decorrentes da Copa, s\u00e3o e sempre foram c\u00famplices e at\u00e9 mesmo protagonistas desse esquema. Nunca se importaram com a privatiza\u00e7\u00e3o fraudulenta de empresas p\u00fablicas, nem com a subordina\u00e7\u00e3o econ\u00f4mica gerada pelos mecanismos que abocanham metade do or\u00e7amento p\u00fablico para os cofres dos banqueiros privados nacionais e estrangeiros. E hoje, cinicamente, se dizem guardi\u00f5es da moral e dos bons costumes pol\u00edticos.<\/p>\n<p>O que n\u00f3s criticamos na Copa \u00e9 o modelo de desenvolvimento capitalista, materializado na realiza\u00e7\u00e3o deste evento. O agroneg\u00f3cios e a Copa, portanto, s\u00e3o verso e reverso de uma mesma moeda: a privatiza\u00e7\u00e3o da vida, das cidades, das florestas.<\/p>\n<p>N\u00e3o \u00e9 por acaso que na \u00faltima semana de maio, mais de 100 etnias ind\u00edgenas protestaram em Bras\u00edlia junto ao Comit\u00ea Popular da Copa de l\u00e1 . As popula\u00e7\u00f5es ind\u00edgenas entenderam perfeitamente a liga\u00e7\u00e3o entre o retrocesso no processo de demarca\u00e7\u00e3o de suas terras, amea\u00e7adas pelo agroneg\u00f3cio e a mega-minera\u00e7\u00e3o, com o que est\u00e1 acontecendo nas cidades sede da Copa.<\/p>\n<p>Nossa cr\u00edtica \u00e0 Copa \u00e9 a mesma cr\u00edtica que fazemos a um Estado a servi\u00e7o do capital. Um Estado que abdicou de realizar pol\u00edticas universais e centra cada vez mais a sua a\u00e7\u00e3o em focos espec\u00edficos deixando de lado a totalidade no entendimento dos problemas a serem enfrentados em pa\u00edses como os nossos.<\/p>\n<p>Por isso, a pergunta do inicio desse artigo: quando falamos de Copa, estamos falando de qu\u00ea mesmo?<\/p>\n<p>Sandra Quintela \u2013 JSA\/PACS<\/p>\n<p>03\/06\/14<\/p>\n<blockquote data-secret=\"eAQ5U7jlu9\" class=\"wp-embedded-content\"><p><a href=\"http:\/\/www.pacs.org.br\/2014\/06\/03\/a-copa-2014-de-que-estamos-falando-confira-o-artigo-de-sandra-quintela-do-pacs\/\">&quot;A copa 2014: de que estamos falando?&quot; &#8211; confira o artigo de Sandra Quintela, do PACS e rede Jubileu Sul.<\/a><\/p><\/blockquote>\n<p><iframe loading=\"lazy\" class=\"wp-embedded-content\" sandbox=\"allow-scripts\" security=\"restricted\" style=\"position: absolute; clip: rect(1px, 1px, 1px, 1px);\" src=\"http:\/\/www.pacs.org.br\/2014\/06\/03\/a-copa-2014-de-que-estamos-falando-confira-o-artigo-de-sandra-quintela-do-pacs\/embed\/#?secret=eAQ5U7jlu9\" data-secret=\"eAQ5U7jlu9\" width=\"600\" height=\"338\" title=\"&#8220;&quot;A copa 2014: de que estamos falando?&quot; &#8211; confira o artigo de Sandra Quintela, do PACS e rede Jubileu Sul.&#8221; &#8212; PACS\" frameborder=\"0\" marginwidth=\"0\" marginheight=\"0\" scrolling=\"no\"><\/iframe><\/p>\n","protected":false},"excerpt":{"rendered":"\n<a class=\"moretag\" href=\"https:\/\/pcb.org.br\/portal2\/6313\"> <\/a>","protected":false},"author":1,"featured_media":0,"comment_status":"open","ping_status":"open","sticky":false,"template":"","format":"standard","meta":{"jetpack_post_was_ever_published":false,"_jetpack_newsletter_access":"","_jetpack_dont_email_post_to_subs":false,"_jetpack_newsletter_tier_id":0,"_jetpack_memberships_contains_paywalled_content":false,"_jetpack_memberships_contains_paid_content":false,"footnotes":"","jetpack_publicize_message":"","jetpack_publicize_feature_enabled":true,"jetpack_social_post_already_shared":false,"jetpack_social_options":{"image_generator_settings":{"template":"highway","default_image_id":0,"font":"","enabled":false},"version":2}},"categories":[123],"tags":[],"class_list":["post-6313","post","type-post","status-publish","format-standard","hentry","category-c136-copa-para-quem"],"jetpack_publicize_connections":[],"jetpack_featured_media_url":"","jetpack_shortlink":"https:\/\/wp.me\/p659gw-1DP","jetpack-related-posts":[],"jetpack_likes_enabled":true,"jetpack_sharing_enabled":true,"_links":{"self":[{"href":"https:\/\/pcb.org.br\/portal2\/wp-json\/wp\/v2\/posts\/6313","targetHints":{"allow":["GET"]}}],"collection":[{"href":"https:\/\/pcb.org.br\/portal2\/wp-json\/wp\/v2\/posts"}],"about":[{"href":"https:\/\/pcb.org.br\/portal2\/wp-json\/wp\/v2\/types\/post"}],"author":[{"embeddable":true,"href":"https:\/\/pcb.org.br\/portal2\/wp-json\/wp\/v2\/users\/1"}],"replies":[{"embeddable":true,"href":"https:\/\/pcb.org.br\/portal2\/wp-json\/wp\/v2\/comments?post=6313"}],"version-history":[{"count":0,"href":"https:\/\/pcb.org.br\/portal2\/wp-json\/wp\/v2\/posts\/6313\/revisions"}],"wp:attachment":[{"href":"https:\/\/pcb.org.br\/portal2\/wp-json\/wp\/v2\/media?parent=6313"}],"wp:term":[{"taxonomy":"category","embeddable":true,"href":"https:\/\/pcb.org.br\/portal2\/wp-json\/wp\/v2\/categories?post=6313"},{"taxonomy":"post_tag","embeddable":true,"href":"https:\/\/pcb.org.br\/portal2\/wp-json\/wp\/v2\/tags?post=6313"}],"curies":[{"name":"wp","href":"https:\/\/api.w.org\/{rel}","templated":true}]}}