{"id":6315,"date":"2014-06-10T18:31:07","date_gmt":"2014-06-10T18:31:07","guid":{"rendered":"http:\/\/pcb.org.br\/portal2\/?p=6315"},"modified":"2014-06-10T18:31:07","modified_gmt":"2014-06-10T18:31:07","slug":"fsm-realiza-encontro-sindical-anti-imperialista-na-bolivia","status":"publish","type":"post","link":"https:\/\/pcb.org.br\/portal2\/6315","title":{"rendered":"FSM realiza Encontro Sindical Anti-imperialista na Bol\u00edvia"},"content":{"rendered":"\n<p>Entre os dias 30 de junho e 2 de julho ser\u00e1 realizado na cidade boliviana de Chochabamba o Encontro Sindical Internacional Anti-imperialista. A Atividade \u00e9 convocada pela Federa\u00e7\u00e3o Sindical Mundial (FSM), a Central Oper\u00e1ria Boliviana (COB) e conta com o apoio do governo daquele pa\u00eds.<\/p>\n<p>O encontro que leva como tema \u201cO rol do movimento sindical internacional frente ao imperialismo e em defesa da integra\u00e7\u00e3o dos povos do mundo\u201d, pretende reunir sindicalistas de todos os continentes para coordenar a\u00e7\u00f5es conjuntas em defesa da soberania dos pa\u00edses e povos.<\/p>\n<p>\u201cO imperialismo gera riscos para os trabalhadores, como comprovam os acontecimentos na Ucr\u00e2nia, S\u00edria, Venezuela entre outros. Em Nossa Am\u00e9rica, os Estados Unidos, a Uni\u00e3o Europeia e as demais pot\u00eancias imperialistas exercem pol\u00edticas intervencionistas e atividades desestabilizadoras contra os governos democr\u00e1ticos (&#8230;)\u201d, denuncia a convocat\u00f3ria. (leia aqui a \u00edntegra em espanhol).<\/p>\n<p>O documento cita ainda as agress\u00f5es perpetradas pelas pot\u00eancias imperialistas em sua disputa pelo controle dos mercados, recursos naturais, econ\u00f4micos e rotas de energia, intensificando assim a inger\u00eancia nos pa\u00edses. Exemplo disso \u00e9 o bloqueio econ\u00f4mico imposto pelos Estados Unidos contra Cuba que dura mais de 50 anos, as constantes tentativas de desestabilizar o governo venezuelano bem como o sequestro do avi\u00e3o de Evo Morales, ocorrido em julho de 2013.<\/p>\n<p>De acordo com o secret\u00e1rio-geral da FSM, George Mavrikos, \u201ceste encontro foi acordado h\u00e1 quase um ano, durante a reuni\u00e3o de uma delega\u00e7\u00e3o da FSM com o presidente Evo Morales, em La Paz\u201d, para ele a iniciativa refor\u00e7ar\u00e1 ainda mais o papel da FSM no cen\u00e1rio sindical internacional em defesa da classe trabalhadora.<\/p>\n<p>wftucentral.org<\/p>\n","protected":false},"excerpt":{"rendered":"\n<a class=\"moretag\" href=\"https:\/\/pcb.org.br\/portal2\/6315\"> <\/a>","protected":false},"author":1,"featured_media":0,"comment_status":"open","ping_status":"open","sticky":false,"template":"","format":"standard","meta":{"jetpack_post_was_ever_published":false,"_jetpack_newsletter_access":"","_jetpack_dont_email_post_to_subs":false,"_jetpack_newsletter_tier_id":0,"_jetpack_memberships_contains_paywalled_content":false,"_jetpack_memberships_contains_paid_content":false,"footnotes":"","jetpack_publicize_message":"","jetpack_publicize_feature_enabled":true,"jetpack_social_post_already_shared":false,"jetpack_social_options":{"image_generator_settings":{"template":"highway","default_image_id":0,"font":"","enabled":false},"version":2}},"categories":[44],"tags":[],"class_list":["post-6315","post","type-post","status-publish","format-standard","hentry","category-c55-bolivia"],"jetpack_publicize_connections":[],"jetpack_featured_media_url":"","jetpack_shortlink":"https:\/\/wp.me\/p659gw-1DR","jetpack-related-posts":[],"jetpack_likes_enabled":true,"jetpack_sharing_enabled":true,"_links":{"self":[{"href":"https:\/\/pcb.org.br\/portal2\/wp-json\/wp\/v2\/posts\/6315","targetHints":{"allow":["GET"]}}],"collection":[{"href":"https:\/\/pcb.org.br\/portal2\/wp-json\/wp\/v2\/posts"}],"about":[{"href":"https:\/\/pcb.org.br\/portal2\/wp-json\/wp\/v2\/types\/post"}],"author":[{"embeddable":true,"href":"https:\/\/pcb.org.br\/portal2\/wp-json\/wp\/v2\/users\/1"}],"replies":[{"embeddable":true,"href":"https:\/\/pcb.org.br\/portal2\/wp-json\/wp\/v2\/comments?post=6315"}],"version-history":[{"count":0,"href":"https:\/\/pcb.org.br\/portal2\/wp-json\/wp\/v2\/posts\/6315\/revisions"}],"wp:attachment":[{"href":"https:\/\/pcb.org.br\/portal2\/wp-json\/wp\/v2\/media?parent=6315"}],"wp:term":[{"taxonomy":"category","embeddable":true,"href":"https:\/\/pcb.org.br\/portal2\/wp-json\/wp\/v2\/categories?post=6315"},{"taxonomy":"post_tag","embeddable":true,"href":"https:\/\/pcb.org.br\/portal2\/wp-json\/wp\/v2\/tags?post=6315"}],"curies":[{"name":"wp","href":"https:\/\/api.w.org\/{rel}","templated":true}]}}