{"id":6321,"date":"2014-06-11T21:17:59","date_gmt":"2014-06-11T21:17:59","guid":{"rendered":"http:\/\/pcb.org.br\/portal2\/?p=6321"},"modified":"2014-06-11T21:17:59","modified_gmt":"2014-06-11T21:17:59","slug":"mobilizacoes-devem-tomar-as-ruas-do-pais-no-primeiro-dia-da-copa-do-mundo","status":"publish","type":"post","link":"https:\/\/pcb.org.br\/portal2\/6321","title":{"rendered":"Mobiliza\u00e7\u00f5es devem tomar as ruas do pa\u00eds no primeiro dia da Copa do Mundo"},"content":{"rendered":"\n<p>Adital<\/p>\n<p>A abertura da Copa Mundial FIFA 2014, que come\u00e7a nesta quinta-feira, 12 de junho, no Brasil, ser\u00e1 marcada por atos p\u00fablicos em v\u00e1rias partes do pa\u00eds. A expectativa \u00e9 de que haja mobiliza\u00e7\u00e3o em quase todas as 12 cidades-sede, algumas delas com maior articula\u00e7\u00e3o. A pretens\u00e3o \u00e9 estar presente nas FIFA Fan Fests, arenas de festas oficial do megaevento para transmiss\u00e3o de partidas e shows, e principais pontos das cidades.<\/p>\n<p>A ideia \u00e9 levar o debate sobre a s\u00e9rie de viola\u00e7\u00f5es da organiza\u00e7\u00e3o do evento \u00e0 popula\u00e7\u00e3o e aos visitantes que chegam nesse momento ao pa\u00eds para acompanhar o Mundial. Est\u00e3o previstos: distribui\u00e7\u00e3o de panfletos, passeatas, oficinas de cartazes, dentre outras a\u00e7\u00f5es.<\/p>\n<p>Os manifestantes adiantam que dever\u00e3o fazer atos pac\u00edficos e garantem que a transgress\u00e3o \u00e0s regras da Federa\u00e7\u00e3o Internacional de Futebol (FIFA) ser\u00e1 palavra de ordem. &#8220;Vamos dialogar com a popula\u00e7\u00e3o e fazer um ato pac\u00edfico, l\u00fadico, com muita alegria, anima\u00e7\u00e3o e orgulho por estarmos mudando o pa\u00eds, mas sem abrir m\u00e3o de desobedecer as regras da FIFA, pois n\u00e3o s\u00e3o regras para o povo!\u201d, garante o Comit\u00ea Popular da Copa da cidade de Bras\u00edlia, capital do pa\u00eds.<\/p>\n<p>&#8220;N\u00e3o somos contra o futebol, mas denunciamos os absurdos que a FIFA imp\u00f5e e dos quais o Estado \u00e9 c\u00famplice\u201d, destaca o Comit\u00ea Popular da Copa de Fortaleza, Estado do Cear\u00e1, que promover\u00e1 manifesta\u00e7\u00e3o no dia da abertura dos jogos durante a Fan Fest, na Av. Beira Mar, a partir das 15h. No s\u00e1bado, 14, ser\u00e1 a vez da mobiliza\u00e7\u00e3o se concentrar nas imedia\u00e7\u00f5es do est\u00e1dio Castel\u00e3o, onde haver\u00e1 jogo da sele\u00e7\u00e3o brasileira. &#8220;\u00c9 muito importante que seja socializado que a gente n\u00e3o tem nenhum problema com os jogos; este, na verdade, \u00e9 o momento menos contradit\u00f3rio de todos\u201d, explica Roger Pires, membro do Comit\u00ea, em entrevista \u00e0 Adital.<\/p>\n<p>No Rio de Janeiro, cidade do encerramento dos jogos e uma das mais visadas do pa\u00eds, o ato &#8220;Nossa Copa \u00e9 na rua\u201d dever\u00e1 se concentrar a partir das 10h, na Candel\u00e1ria, com sa\u00edda ao meio-dia em dire\u00e7\u00e3o \u00e0 Lapa. Ser\u00e1 o primeiro de quatro atos programados para serem realizados na cidade. Em Cuiab\u00e1, Estado do Mato Grosso, haver\u00e1 panfletagem e di\u00e1logo com a popula\u00e7\u00e3o da Fan Fest, com concentra\u00e7\u00e3o a partir das 16h na Associa\u00e7\u00e3o dos Criadores de Mato Grosso (Acrimat). No dia seguinte, 13, haver\u00e1 o ato p\u00fablico &#8220;Voc\u00ea foi escalado para manifestar! Copa pra qu\u00ea(m)?\u201d, com concentra\u00e7\u00e3o no est\u00e1dio Dutrinha, a partir das 10h.<\/p>\n<p><img data-recalc-dims=\"1\" decoding=\"async\" class=\"imagem\" src=\"https:\/\/i0.wp.com\/www.adital.com.br\/arquivos2\/2014\/06\/2014_06_foto%20-%20mnifesta%C3%A7%C3%B5es%20na%20copa%20-%20cr%C3%A9d%20di%C3%A1rio%20centro%20do%20mundo.jpg?w=747\" border=\"0\" \/>&#8220;Chamamos a juventude a construir essa jornada assim como constru\u00edmos as Jornadas de junho do ano passado: com independ\u00eancia pol\u00edtica, combatividade, democracia, a\u00e7\u00e3o direta e internacionalismo. \u00c9 de baixo para cima que v\u00eam nossas decis\u00f5es. Assim, vamos deixando para tr\u00e1s toda a poeira da velha burocracia, assim como fizeram os garis\u201d, convida o Comit\u00ea dos Atingidos pela Copa de Belo Horizonte, Estado de Minas Gerais.<\/p>\n<p>Em Recife, Estado de Pernambuco, o ato p\u00fablico de abertura do que a articula\u00e7\u00e3o nacional chama de &#8220;Copa das Manifesta\u00e7\u00f5es\u201d promover\u00e1 distribui\u00e7\u00e3o de panfletos, oficina de cartazes e apresenta\u00e7\u00f5es culturais, dentre outras atividades. Al\u00e9m das cidades-sede, est\u00e3o previstas manifesta\u00e7\u00f5es nas cidades de Taubat\u00e9 (S\u00e3o Paulo), Juiz de Fora (Minas Gerais), Barreiro (Minas Gerais), Macap\u00e1 (Amap\u00e1), S\u00e3o Lu\u00eds (Maranh\u00e3o), Goi\u00e2nia (Goi\u00e1s) e Juazeiro do Norte (Cear\u00e1). Fora do Brasil, h\u00e1 informa\u00e7\u00f5es de protestos agendados na cidade de Turim (It\u00e1lia) e Paris (Fran\u00e7a).<\/p>\n<p>Megaevento se prepara com for\u00e7a policial<\/p>\n<p>A Assessoria de Comunica\u00e7\u00e3o do megaevento divulgou que um total de 180 mil agentes policiais e R$ 1,87 bilh\u00e3o ser\u00e3o o investimento em seguran\u00e7a durante os jogos em todo o Brasil. Haver\u00e1 atua\u00e7\u00e3o conjunta dos Minist\u00e9rios da Justi\u00e7a, Defesa e Casa Civil, assessorada pelo Gabinete de Seguran\u00e7a Institucional (GSI). O sistema integrado de seguran\u00e7a e defesa atuar\u00e1 em 14 estados e no Distrito Federal.<\/p>\n<p>Centros passaram a funcionar nas 12 cidades-sede dos jogos da Copa e outras tr\u00eas cidades onde h\u00e1 centros de treinamento de sele\u00e7\u00f5es que disputar\u00e3o o Mundial \u2014 nos estados de Sergipe, Alagoas e Esp\u00edrito Santo. Tropas das for\u00e7as de conting\u00eancia estar\u00e3o prontas para agir em defesa de estruturas estrat\u00e9gicas em torno dos est\u00e1dios, como torres de energia e de telecomunica\u00e7\u00e3o.<\/p>\n<p><img data-recalc-dims=\"1\" decoding=\"async\" class=\"imagem\" src=\"https:\/\/i0.wp.com\/www.adital.com.br\/arquivos2\/2014\/06\/2014_06_foto%20-%20mnifesta%C3%A7%C3%B5es%20na%20copa%20-%20cr%C3%A9d%20outras%20palavras.jpg?w=747\" border=\"0\" \/>Segundo informa\u00e7\u00f5es da M\u00eddia Ninja, a Pol\u00edcia C\u00edvil do Rio de Janeiro j\u00e1 come\u00e7ou a executar uma s\u00e9rie de deten\u00e7\u00f5es. Na manh\u00e3 desta quarta-feira, 11 de junho, as ativistas Elisa Quadros (conhecida como Sininho), a advogada Eloisa Samy e o cinegrafista Thiago Ramos, foram presos em casa , e est\u00e3o sendo levados para investiga\u00e7\u00e3o na DRCI &#8211; Delegacia de Repress\u00e3o aos Crimes de Inform\u00e1tica. Na \u00faltima semana em Goi\u00e2nia, mandatos de busca e apreens\u00e3o j\u00e1 haviam sido utilizados como forma de cerceamento ao direito de manifesta\u00e7\u00e3o e t\u00e1tica de coer\u00e7\u00e3o contra a parcela da popula\u00e7\u00e3o que pretende manifestar suas indigna\u00e7\u00f5es durante o evento da FIFA.<\/p>\n<p>CALEND\u00c1RIO PARCIAL DE MANIFESTA\u00c7\u00d5ES<\/p>\n<p>Cidade-sede: BRAS\u00cdLIA<\/p>\n<p>15\/06 &#8211; Su\u00ed\u00e7a X Equador (13h)<\/p>\n<p>Tema: Sa\u00fade, educa\u00e7\u00e3o e servi\u00e7os p\u00fablicos.<\/p>\n<p>19\/06 &#8211; Col\u00f4mbia X Costa do Marfim (13h)<\/p>\n<p>Tema: Desmilitariza\u00e7\u00e3o da PM e contra o exterm\u00ednio da juventude negra<\/p>\n<p>23\/06 &#8211; Brasil X Camar\u00f5es (16h)<\/p>\n<p>Tema: Sa\u00fade, educa\u00e7\u00e3o e servi\u00e7os p\u00fablicos<\/p>\n<p>26\/06 &#8211; Portugal X Gana (13h)<\/p>\n<p>Tema: Direitos das mulheres e da popula\u00e7\u00e3o LGBT<\/p>\n<p>30\/06 &#8211; Oitavas de final (13h)<\/p>\n<p>Tema: Direito \u00e0 cidade e pela tarifa zero<\/p>\n<p>05\/07 &#8211; Quartas de final (13h)<\/p>\n<p>Tema: Reforma urbana, agr\u00e1ria e demarca\u00e7\u00e3o das terras ind\u00edgenas e quilombolas<\/p>\n<p>12\/07 &#8211; Disputa de terceiro lugar (17h)<\/p>\n<p>Tema: Democratiza\u00e7\u00e3o dos meios de comunica\u00e7\u00e3o<\/p>\n<p>Cidade-sede: S\u00c3O PAULO<\/p>\n<p>11\/06 &#8211; Copa Moinho Vivo &#8211; O pagode \u00e9 nosso! (16h)<\/p>\n<p>Local: Favela do Moinho<\/p>\n<p>11\/06 &#8211; Ato pelo direito de greve, contra as demiss\u00f5es do metr\u00f4 (16h)<\/p>\n<p>Local: Sindicato dos Metrovi\u00e1rios de S\u00e3o Paulo<\/p>\n<p>12\/06 &#8211; Ato p\u00fablico (10h)<\/p>\n<p>Local: Sindicato dos Metrovi\u00e1rios de S\u00e3o Paulo<\/p>\n<p>12\/06 &#8211; Manifesta junina &#8211; Zona livre e do povo (14h)<\/p>\n<p>Local: Favela do Moinho<\/p>\n<p>16\/06 &#8211; Futebol popular do povo da rua (17h)<\/p>\n<p>Local: Sala S\u00e3o Paulo &#8211; Pra\u00e7a Julio Prestes<\/p>\n<p>19\/06 &#8211; Ato &#8220;N\u00e3o vai ter tarifa \/ MPL\u201d<\/p>\n<p>Local: Pra\u00e7a do Ciclista (Av. Paulista)<\/p>\n<p>Cidade-sede: CUIAB\u00c1<\/p>\n<p>12\/06 &#8211; Panfletagem e di\u00e1logo com a popula\u00e7\u00e3o na Fan Fest (16h)<\/p>\n<p>Local: Associa\u00e7\u00e3o dos Criadores do Mato Grosso (ACRIMAT) (concentra\u00e7\u00e3o)<\/p>\n<p>13\/06 &#8211; Ato &#8220;Voc\u00ea foi escalado para manifestar! Copa pra qu\u00ea(m)?\u201d (10h)<\/p>\n<p>Local: Est\u00e1dio Dutrinha (concentra\u00e7\u00e3o)<\/p>\n<p>Cidade-sede: RIO DE JANEIRO<\/p>\n<p>12\/06 &#8211; Ato &#8220;Nossa Copa \u00e9 na rua&#8221; (10h)<\/p>\n<p>Local: concentra\u00e7\u00e3o na Candel\u00e1ria e sa\u00edda at\u00e9 a Lapa<\/p>\n<p>Cidade-sede: RECIFE<\/p>\n<p>12\/06 &#8211; Ato p\u00fablico (11h)<\/p>\n<p>Local: Pra\u00e7a da Liberdade (Pra\u00e7a do Di\u00e1rio)<\/p>\n<p>12\/06 &#8211; Festival anti-fanfest: ato c\u00edvico contra a Copa da FIFA (10h)<\/p>\n<p>Local: Cais Jos\u00e9 Estelita<\/p>\n<p>Cidade-sede: FORTALEZA<\/p>\n<p>12\/06 \u2013 Abertura da &#8220;Copa das Manifesta\u00e7\u00f5es\u201d (15h)<\/p>\n<p>Local: Beira Mar<\/p>\n<p>14\/06 &#8211; Ato p\u00fablico (12h)<\/p>\n<p>Local: imedia\u00e7\u00f5es do est\u00e1dio Castel\u00e3o<\/p>\n<p>Cidade-sede: BELO HORIZONTE<\/p>\n<p>12\/06 &#8211; Ato &#8220;Copa sem povo, t\u00f4 na rua de novo!\u201d (12h)<\/p>\n<p>Local: Pra\u00e7a 7<\/p>\n<p>Cidade-sede: PORTO ALEGRE<\/p>\n<p>12\/06 &#8211; Ato Nacional Unificado &#8220;Copa sem povo, estamos na rua de novo!\u201d (12h)<\/p>\n<p>Local: Prefeitura de Porto Alegre (Pra\u00e7a Montevid\u00e9o)<\/p>\n<p>Cidade-sede: SALVADOR<\/p>\n<p>12\/06 &#8211; Ato &#8220;Copa sem povo, t\u00f4 na rua de novo &#8211; Resist\u00eancia contra as injusti\u00e7as da Copa da FIFA\u201d (10h)<\/p>\n<p>Local: Pra\u00e7a do Campo Grande<\/p>\n<p>Cidade-sede: NATAL<\/p>\n<p>12\/06 \u2013 Ato p\u00fablico (17h)<\/p>\n<p>Local: Sa\u00edda da BR-101 em dire\u00e7\u00e3o \u00e0 Arena das Dunas.<\/p>\n<p>(a confirmar)<\/p>\n<p>16\/06 \u2013 Ato P\u00fablico (16h)<\/p>\n<p>Local: cruzamento da Av. Bernardo Vieira com Av. Salgado Filho.<\/p>\n<p>19\/06 \u2013 Ato p\u00fablico pelo passe livre (hor\u00e1rio a confirmar)<\/p>\n<p>Local:(a confirmar)<\/p>\n<p>21\/06 \u2013 Ato p\u00fablico (16h)<\/p>\n<p>Local: Av. Roberto Freire<\/p>\n<p>*At\u00e9 o fechamento desta mat\u00e9ria, n\u00e3o houve confirma\u00e7\u00e3o de mobiliza\u00e7\u00f5es nas cidades-sede Manaus e Curitiba.<\/p>\n<p>http:\/\/site.adital.com.br\/site\/noticia.php?lang=PT&#038;cod=81046<\/p>\n","protected":false},"excerpt":{"rendered":"Marcela Belchior\n<a class=\"moretag\" href=\"https:\/\/pcb.org.br\/portal2\/6321\"> <\/a>","protected":false},"author":1,"featured_media":0,"comment_status":"open","ping_status":"open","sticky":false,"template":"","format":"standard","meta":{"jetpack_post_was_ever_published":false,"_jetpack_newsletter_access":"","_jetpack_dont_email_post_to_subs":false,"_jetpack_newsletter_tier_id":0,"_jetpack_memberships_contains_paywalled_content":false,"_jetpack_memberships_contains_paid_content":false,"footnotes":"","jetpack_publicize_message":"","jetpack_publicize_feature_enabled":true,"jetpack_social_post_already_shared":false,"jetpack_social_options":{"image_generator_settings":{"template":"highway","default_image_id":0,"font":"","enabled":false},"version":2}},"categories":[123],"tags":[],"class_list":["post-6321","post","type-post","status-publish","format-standard","hentry","category-c136-copa-para-quem"],"jetpack_publicize_connections":[],"jetpack_featured_media_url":"","jetpack_shortlink":"https:\/\/wp.me\/p659gw-1DX","jetpack-related-posts":[],"jetpack_likes_enabled":true,"jetpack_sharing_enabled":true,"_links":{"self":[{"href":"https:\/\/pcb.org.br\/portal2\/wp-json\/wp\/v2\/posts\/6321","targetHints":{"allow":["GET"]}}],"collection":[{"href":"https:\/\/pcb.org.br\/portal2\/wp-json\/wp\/v2\/posts"}],"about":[{"href":"https:\/\/pcb.org.br\/portal2\/wp-json\/wp\/v2\/types\/post"}],"author":[{"embeddable":true,"href":"https:\/\/pcb.org.br\/portal2\/wp-json\/wp\/v2\/users\/1"}],"replies":[{"embeddable":true,"href":"https:\/\/pcb.org.br\/portal2\/wp-json\/wp\/v2\/comments?post=6321"}],"version-history":[{"count":0,"href":"https:\/\/pcb.org.br\/portal2\/wp-json\/wp\/v2\/posts\/6321\/revisions"}],"wp:attachment":[{"href":"https:\/\/pcb.org.br\/portal2\/wp-json\/wp\/v2\/media?parent=6321"}],"wp:term":[{"taxonomy":"category","embeddable":true,"href":"https:\/\/pcb.org.br\/portal2\/wp-json\/wp\/v2\/categories?post=6321"},{"taxonomy":"post_tag","embeddable":true,"href":"https:\/\/pcb.org.br\/portal2\/wp-json\/wp\/v2\/tags?post=6321"}],"curies":[{"name":"wp","href":"https:\/\/api.w.org\/{rel}","templated":true}]}}