{"id":6340,"date":"2014-06-21T17:02:33","date_gmt":"2014-06-21T17:02:33","guid":{"rendered":"http:\/\/pcb.org.br\/portal2\/?p=6340"},"modified":"2014-06-21T17:02:33","modified_gmt":"2014-06-21T17:02:33","slug":"apos-uma-semana-de-copa-protestos-resistem-a-violencia-do-estado","status":"publish","type":"post","link":"https:\/\/pcb.org.br\/portal2\/6340","title":{"rendered":"Ap\u00f3s uma semana de Copa, protestos resistem \u00e0 viol\u00eancia do Estado"},"content":{"rendered":"\n<p>Adital<\/p>\n<p>Uma semana ap\u00f3s o in\u00edcio da Copa do Mundo FIFA 2014 no Brasil, os movimentos populares de oposi\u00e7\u00e3o \u00e0s arbitrariedades do megaevento resistem aos abusos da repress\u00e3o do Estado. No Rio de Janeiro, segundo o coletivo de m\u00eddia independente M\u00eddia NINJA, a manifesta\u00e7\u00e3o &#8220;N\u00e3o vai ter tarifa! Ato nacional pela Tarifa Zero!\u201d foi reprimida pela Pol\u00edcia Militar (PM) antes mesmo de ser iniciada, no bairro da Candel\u00e1ria.<\/p>\n<p>Cercados e intimidados por um grupo tr\u00eas vezes maior de policiais da Tropa de Choque, ativistas do Movimento Passe Livre RJ foram impedidos de abrirem faixas e de se deslocarem livremente nos espa\u00e7os p\u00fablicos. &#8220;Ou guardam ou vamos prender todo mundo\u201d, afirmaram os policiais, em refer\u00eancia \u00e0 faixa de protesto que carregavam os manifestantes.<\/p>\n<p>O grupo de m\u00eddia independente aponta que revistas policiais aleat\u00f3rias, pris\u00f5es arbitr\u00e1rias e o fechamento de esta\u00e7\u00f5es de metr\u00f4 em torno da concentra\u00e7\u00e3o da manifesta\u00e7\u00e3o foram utilizados para coibir o ato, ocorrido simultaneamente ao jogo Brasil X M\u00e9xico, que era realizado na cidade de Fortaleza, Estado do Cear\u00e1, nesta ter\u00e7a-feira, 17 de junho. Estudantes e performers do grupo Zona de Contato, da Universidade Estadual do Rio de Janeiro (UERJ), foram detidos durante a manifesta\u00e7\u00e3o e conduzidos \u00e0 delegacia, acusados de usar m\u00e1scaras durante ato.<\/p>\n<p>Na tentativa de se deslocarem do Centro para a Zona Sul da cidade, h\u00e1 relatos de que manifestantes pac\u00edficos foram perseguidos e impedidos de subirem em \u00f4nibus. De acordo com o NINJA, pelo menos 13 manifestantes foram detidos na regi\u00e3o da Cinel\u00e2ndia e uma integrante do grupo foi agredida e levada em viatura da pol\u00edcia apenas com policiais do sexo masculino.<\/p>\n<p>Durante jogo do Brasil, repress\u00e3o e pris\u00f5es<\/p>\n<p>Na cidade de Fortaleza, o Movimento dos Conselhos Populares (MCP) e a comunidade Ra\u00edzes da Praia realizaram manifesta\u00e7\u00e3o na capital contra as remo\u00e7\u00f5es ocorridas em fun\u00e7\u00e3o do megaevento no bairro Mucuripe. Representantes de comunidades como Alto da Paz, Planalto Pici, Conjunto Palmeiras, Ca\u00e7a e Pesca e Serviluz tamb\u00e9m estavam representados no ato.<\/p>\n<p>Do lado de fora do Est\u00e1dio Castel\u00e3o, segundo a plataforma virtual Na Rua, um dos fot\u00f3grafos colaboradores dessa m\u00eddia foi agredido por policiais durante o protesto &#8220;Vem Pra Rua!-Brasil x M\u00e9xico &#8211; Manifesta\u00e7\u00e3o Popular!\u201d e teve seu equipamento quebrado. Policiais tamb\u00e9m apreenderam vinagre que era levado por manifestantes, utilizado na prote\u00e7\u00e3o contra os efeitos do g\u00e1s lacrimog\u00eaneo, al\u00e9m de realizarem abordagens truculentas, discriminat\u00f3rias e sem justificativa legal.<\/p>\n<p>O ato popular contra os gastos p\u00fablicos na Copa teve a participa\u00e7\u00e3o de cerca de 200 pessoas, dentre comunidades amea\u00e7adas de remo\u00e7\u00e3o, movimento estudantil, partidos pol\u00edticos, entidades sindicais, Movimento Passe Livre, Comit\u00ea pela Desmilitariza\u00e7\u00e3o da Pol\u00edcia e Comit\u00ea Popular da Copa.<\/p>\n<p>Segundo a Empresa Brasileira de Comunica\u00e7\u00e3o (EBC), 30 ativistas foram detidos, sendo 22 deles indiciados por incita\u00e7\u00e3o ao crime. A EBC aponta que eles teriam sido enquadrados pelo Artigo 41, Item &#8220;b\u201d, do Estatuto do Torcedor no Brasil, que diz que \u00e9 crime &#8220;promover tumulto, praticar ou incitar a viol\u00eancia, ou invadir local restrito aos competidores em eventos esportivos\u201d. A pena para esse tipo de crime \u00e9 de reclus\u00e3o de um a dois anos e pagamento de multa. A Defensoria P\u00fablica, que acompanha o caso, questiona a exist\u00eancia de provas. H\u00e1 registros de agress\u00f5es e outros abusos policiais contra manifestantes detidos durante procedimento na delegacia.<\/p>\n<p>Mudan\u00e7a de estrat\u00e9gia<\/p>\n<p>Depois de uma s\u00e9rie de tentativas de manifesta\u00e7\u00f5es pac\u00edficas, sendo sempre confrontado pela viol\u00eancia policial, ativistas da cidade de Belo Horizonte, Estado de Minas Gerais, mudaram a estrat\u00e9gia e levaram interven\u00e7\u00f5es art\u00edsticas \u00e0s ruas da capital. Nesta ter\u00e7a-feira, promoveram o ato &#8220;17J &#8211; Copa sem povo, t\u00f4 na rua de novo\u201d, onde cerca de 400 pessoas, levando bandeiras como tarifa zero no munic\u00edpio, democratiza\u00e7\u00e3o dos meios de comunica\u00e7\u00e3o, desmilitariza\u00e7\u00e3o da PM, contra as remo\u00e7\u00f5es e contra a criminaliza\u00e7\u00e3o do protesto e dos movimentos sociais.<\/p>\n<p>A resist\u00eancia mudou o local de manifesta\u00e7\u00e3o, deslocando-se da Pra\u00e7a Sete para Savassi, regi\u00e3o comercial de classe m\u00e9dia alta. O grupo ocupou a rua com um racha de futebol e performances art\u00edsticas ao som de fanfarra, envolvendo tamb\u00e9m transeuntes. Em ciranda, quebraram o cerco da PM e desceram caminhando em dire\u00e7\u00e3o \u00e0 Pra\u00e7a da Liberdade. Segundo o M\u00eddia NINJA, nenhum manifestante foi detido.<\/p>\n<p>Pr\u00f3ximos atos p\u00fablicos<\/p>\n<p>No pr\u00f3ximo dia 19 de junho, quinta-feira, ser\u00e1 realizado o ato &#8220;N\u00e3o vai ter tarifa\u201d, na Pra\u00e7a do Ciclista, avenida Paulista, em S\u00e3o Paulo. A concentra\u00e7\u00e3o ocorrer\u00e1 a partir das 15h, seguida de caminhada at\u00e9 a Marginal Pinheiros, onde est\u00e1 programada festa popular.<\/p>\n<p>&#8220;H\u00e1 anos a gente ouve do governo que n\u00e3o tem dinheiro pra tarifa zero. Mas o sufoco cotidiano que a gente passa continua sendo o neg\u00f3cio dos empres\u00e1rios do transporte, pouco foi feito para mexer no bolso deles ou pra mudar a forma de remunera\u00e7\u00e3o dessas empresas, que torna muito mais lucrativo andar com \u00f4nibus lotados\u201d, expressa o convite do evento.<\/p>\n<p>J\u00e1 em 23 de junho, no Rio de Janeiro, haver\u00e1 a manifesta\u00e7\u00e3o &#8220;A festa nos est\u00e1dios n\u00e3o vale as l\u00e1grimas nas favelas&#8221;, marcada para as 10h, em Copacabana. &#8220;N\u00f3s moradores e moradoras de favelas, que lutamos historicamente contra a opress\u00e3o do Estado, estaremos no dia 23 protestando contra o exterm\u00ednio de pobre, negros e faveladxs!&#8221;, afirma convite para o evento, nas redes sociais.<\/p>\n<p>&#8220;As favelas s\u00e3o as mais prejudicadas com os megaprojetos e megaroubos dos megaeventos, pois para n\u00f3s isso significa megaviola\u00e7\u00f5es de direitos: militariza\u00e7\u00e3o das nossas comunidades com UPP e For\u00e7as Armadas, chacinas e torturas, remo\u00e7\u00f5es for\u00e7adas, ataque \u00e0 nossa cultura e aos nossos espa\u00e7os, gentrifica\u00e7\u00e3o, investimentos absurdos em elefantes brancos como telef\u00e9ricos enquanto continuamos a sofrer com falta de saneamento, hospitais e escolas\u201d, reclama a convocat\u00f3ria.<\/p>\n<p>Na ocasi\u00e3o, no Chap\u00e9u Mangueira, em frente \u00e0 associa\u00e7\u00e3o de moradores, haver\u00e1 rodas de capoeira, funk e rap, grafite livre anti-Copa, al\u00e9m de conta\u00e7\u00e3o de hist\u00f3rias. \u00c0s 13h, est\u00e1 prevista concentra\u00e7\u00e3o no posto 1 do Leme e caminhada at\u00e9 o Morro do Pav\u00e3o Pav\u00e3ozinho\/Cantagalo. A organiza\u00e7\u00e3o \u00e9 da Rede de Comunidades e Movimentos contra a Viol\u00eancia, do F\u00f3rum Popular de Apoio M\u00fatuo, do F\u00f3rum Social de Manguinhos, do Ocupa Alem\u00e3o, dentre v\u00e1rias organiza\u00e7\u00f5es e coletivos.<\/p>\n<p>http:\/\/site.adital.com.br\/site\/noticia.php?lang=PT&#038;cod=81131<\/p>\n","protected":false},"excerpt":{"rendered":"\nMarcela Belchior\n<a class=\"moretag\" href=\"https:\/\/pcb.org.br\/portal2\/6340\"> <\/a>","protected":false},"author":1,"featured_media":0,"comment_status":"open","ping_status":"open","sticky":false,"template":"","format":"standard","meta":{"jetpack_post_was_ever_published":false,"_jetpack_newsletter_access":"","_jetpack_dont_email_post_to_subs":false,"_jetpack_newsletter_tier_id":0,"_jetpack_memberships_contains_paywalled_content":false,"_jetpack_memberships_contains_paid_content":false,"footnotes":"","jetpack_publicize_message":"","jetpack_publicize_feature_enabled":true,"jetpack_social_post_already_shared":false,"jetpack_social_options":{"image_generator_settings":{"template":"highway","default_image_id":0,"font":"","enabled":false},"version":2}},"categories":[123],"tags":[],"class_list":["post-6340","post","type-post","status-publish","format-standard","hentry","category-c136-copa-para-quem"],"jetpack_publicize_connections":[],"jetpack_featured_media_url":"","jetpack_shortlink":"https:\/\/wp.me\/p659gw-1Eg","jetpack-related-posts":[],"jetpack_likes_enabled":true,"jetpack_sharing_enabled":true,"_links":{"self":[{"href":"https:\/\/pcb.org.br\/portal2\/wp-json\/wp\/v2\/posts\/6340","targetHints":{"allow":["GET"]}}],"collection":[{"href":"https:\/\/pcb.org.br\/portal2\/wp-json\/wp\/v2\/posts"}],"about":[{"href":"https:\/\/pcb.org.br\/portal2\/wp-json\/wp\/v2\/types\/post"}],"author":[{"embeddable":true,"href":"https:\/\/pcb.org.br\/portal2\/wp-json\/wp\/v2\/users\/1"}],"replies":[{"embeddable":true,"href":"https:\/\/pcb.org.br\/portal2\/wp-json\/wp\/v2\/comments?post=6340"}],"version-history":[{"count":0,"href":"https:\/\/pcb.org.br\/portal2\/wp-json\/wp\/v2\/posts\/6340\/revisions"}],"wp:attachment":[{"href":"https:\/\/pcb.org.br\/portal2\/wp-json\/wp\/v2\/media?parent=6340"}],"wp:term":[{"taxonomy":"category","embeddable":true,"href":"https:\/\/pcb.org.br\/portal2\/wp-json\/wp\/v2\/categories?post=6340"},{"taxonomy":"post_tag","embeddable":true,"href":"https:\/\/pcb.org.br\/portal2\/wp-json\/wp\/v2\/tags?post=6340"}],"curies":[{"name":"wp","href":"https:\/\/api.w.org\/{rel}","templated":true}]}}