{"id":636,"date":"2010-07-09T10:51:54","date_gmt":"2010-07-09T10:51:54","guid":{"rendered":"http:\/\/pcb.org.br\/portal2\/?p=636"},"modified":"2010-07-09T10:51:54","modified_gmt":"2010-07-09T10:51:54","slug":"afeganistao-crime-mostruoso-contra-a-populacao","status":"publish","type":"post","link":"https:\/\/pcb.org.br\/portal2\/636","title":{"rendered":"AFEGANIST\u00c3O: CRIME MOSTRUOSO CONTRA A POPULA\u00c7\u00c3O"},"content":{"rendered":"\n<p align=\"justify\">\u201cA confiss\u00e3o pelo mais alto respons\u00e1vel militar de que a guerra da OTAN no Afeganist\u00e3o [general Stanley Mcchystal] \u00e9 um crime monstruoso contra a popula\u00e7\u00e3o civil n\u00e3o foi considerado tema noticioso.\u201d \u00c9 com \u00abcrit\u00e9rios noticiosos\u00bb como este da imprensa de refer\u00eancia mundial que o imperialismo modela a consci\u00eancia social das popula\u00e7\u00f5es.<\/p>\n<p align=\"justify\">A guerra no Afeganist\u00e3o continua a fazer numerosas v\u00edtimas. As mais numerosas s\u00e3o aquelas de que menos se fala: na popula\u00e7\u00e3o afeg\u00e3.<\/p>\n<p align=\"justify\">Numerosas s\u00e3o tamb\u00e9m as v\u00edtimas entre as for\u00e7as de ocupa\u00e7\u00e3o. Mas h\u00e1 pesadas baixas igualmente entre os dirigentes das pot\u00eancias agressoras. Em Fevereiro caiu o Governo holand\u00eas, ap\u00f3s o primeiro-ministro se recusar a cumprir a promessa eleitoral de retirar as tropas. H\u00e1 semanas demitiu-se o Presidente alem\u00e3o, ap\u00f3s confessar a verdade em p\u00fablico: a participa\u00e7\u00e3o da Alemanha visa defender os \u00abinteresses\u00bb do grande capital alem\u00e3o. Agora foi a demiss\u00e3o do comandante em chefe das tropas OTAN no Afeganist\u00e3o, o General dos EUA Stanley McChrystal.<\/p>\n<p align=\"justify\">A causa imediata da demiss\u00e3o foi um artigo da revista Rolling Stone em que McChrystal e seus colaboradores disparam em todas as direc\u00e7\u00f5es, incluindo contra altos representantes do poder pol\u00edtico dos EUA.<\/p>\n<p align=\"justify\">O artigo tra\u00e7a um quadro de profundas clivagens, revelando a causa de fundo de tanta baixa pol\u00edtica: o fracasso completo da guerra, ao fim de nove anos de ocupa\u00e7\u00e3o de um dos pa\u00edses mais pobres do planeta pelas mais ricas e poderosas pot\u00eancias imperialistas dos nossos dias. D\u00e1 que pensar. Segundo a Rolling Stone, \u00abo staff do General \u00e9 uma colec\u00e7\u00e3o escolhida a dedo de assassinos, espi\u00f5es, g\u00e9nios, patriotas, manipuladores pol\u00edticos e man\u00edacos completos\u00bb.<\/p>\n<p align=\"justify\">Quem somos n\u00f3s para desmentir? O articulista afirma que o General \u00abficou manchado por um esc\u00e2ndalo de abuso de presos e tortura em Camp Nama, no Iraque. [\u2026] foi extremamente bem sucedido como chefe da Joint Special Operations Command, as for\u00e7as de elite que executam as mais sombrias opera\u00e7\u00f5es do Governo. Durante a escalada no Iraque, a sua equipa matou e capturou milhares de insurgentes [\u2026] \u201ca JSOC era uma m\u00e1quina de morte\u201d afirma o Major General Mayville, seu chefe de opera\u00e7\u00f5es\u00bb.<\/p>\n<p align=\"justify\">Mas na sua parte final, o artigo faz-se porta-voz de queixas de que o General McChrystal n\u00e3o deixava matar o suficiente no Afeganist\u00e3o, acrescentando: \u00abquando se trata do Afeganist\u00e3o, a Hist\u00f3ria n\u00e3o est\u00e1 do lado de McChrystal. O \u00fanico invasor estrangeiro que teve algum \u00eaxito aqui foi Gengis Khan \u2013 e ele n\u00e3o estava limitado por coisas como os direitos humanos, o desenvolvimento econ\u00f3mico e a fiscaliza\u00e7\u00e3o da imprensa\u00bb.<\/p>\n<p align=\"justify\">Direitos humanos? Desenvolvimento econ\u00f3mico? Fiscaliza\u00e7\u00e3o da imprensa? De qual Afeganist\u00e3o est\u00e3o a falar?<\/p>\n<p align=\"justify\">No artigo refere-se que \u00abMcChrystal admitiu recentemente que \u201cmat\u00e1mos um n\u00famero impressionante de pessoas\u201d\u00bb mas corta-se a parte final da frase do General: \u00abmas tanto quanto sei, nenhuma delas se veio a provar uma amea\u00e7a\u00bb (New York Times, 26.3.10).<\/p>\n<p align=\"justify\">A confiss\u00e3o pelo mais alto respons\u00e1vel militar de que a guerra da OTAN no Afeganist\u00e3o \u00e9 um crime monstruoso contra a popula\u00e7\u00e3o civil n\u00e3o foi considerado tema noticioso.<\/p>\n<p align=\"justify\">Sendo a invas\u00e3o do Afeganist\u00e3o obra de Bush, \u00e9 Obama que decide fazer dela a \u00absua guerra\u00bb, com o envio de mais 50 mil soldados e a nomea\u00e7\u00e3o de McChrystal. Prometeram-se \u00eaxitos, incluindo \u00aba maior ofensiva terrestre desde a guerra do Vietname\u00bb. A compara\u00e7\u00e3o \u00e9 adequada, dado o fracasso evidente. Mas seria um erro subestimar os perigos. O novo comandante das for\u00e7as OTAN, o General Petraeus, \u00e9 autor duma \u00abdirectiva secreta [\u2026] que autoriza o envio de tropas de Opera\u00e7\u00f5es Especiais dos EUA para na\u00e7\u00f5es amigas e hostis [\u2026] e que pode abrir caminho a poss\u00edveis ataques militares contra o Ir\u00e3o [\u2026]. O General Petraeus inclui-se entre os muitos altos comandantes que defendem [\u2026] que as tropas t\u00eam de agir para al\u00e9m do Iraque e Afeganist\u00e3o\u00bb (NYT, 24.5.10).<\/p>\n<p align=\"justify\">A capa da revista que afundou McChrystal \u00e9 ironicamente simb\u00f3lica. Nela surge a cantora Lady Gaga em trajes mais que menores, empunhando duas metralhadoras. De facto, o imperialismo est\u00e1 g\u00e1g\u00e1 e o Rei vai quase nu. Mas n\u00e3o se deve subestimar o perigo de que lance m\u00e3o do seu arsenal militar para \u2013 numa deriva criminosamente aventureirista \u2013 tentar sair da sua enorme crise pela via da viol\u00eancia e da guerra.<\/p>\n<p align=\"justify\"><a href=\"http:\/\/www.odiario.info\/\" target=\"_blank\">http:\/\/www.odiario.info\/<\/a><\/p>\n","protected":false},"excerpt":{"rendered":"\n\n\nCr\u00e9dito: odiario.info\n\n\n\n\n\n\n\n\nA Besta Ferida\nJorge Cadima*\n<a class=\"moretag\" href=\"https:\/\/pcb.org.br\/portal2\/636\"> <\/a>","protected":false},"author":1,"featured_media":0,"comment_status":"open","ping_status":"open","sticky":false,"template":"","format":"standard","meta":{"jetpack_post_was_ever_published":false,"_jetpack_newsletter_access":"","_jetpack_dont_email_post_to_subs":false,"_jetpack_newsletter_tier_id":0,"_jetpack_memberships_contains_paywalled_content":false,"_jetpack_memberships_contains_paid_content":false,"footnotes":"","jetpack_publicize_message":"","jetpack_publicize_feature_enabled":true,"jetpack_social_post_already_shared":false,"jetpack_social_options":{"image_generator_settings":{"template":"highway","default_image_id":0,"font":"","enabled":false},"version":2}},"categories":[38],"tags":[],"class_list":["post-636","post","type-post","status-publish","format-standard","hentry","category-c43-imperialismo"],"jetpack_publicize_connections":[],"jetpack_featured_media_url":"","jetpack_shortlink":"https:\/\/wp.me\/p659gw-ag","jetpack-related-posts":[],"jetpack_likes_enabled":true,"jetpack_sharing_enabled":true,"_links":{"self":[{"href":"https:\/\/pcb.org.br\/portal2\/wp-json\/wp\/v2\/posts\/636","targetHints":{"allow":["GET"]}}],"collection":[{"href":"https:\/\/pcb.org.br\/portal2\/wp-json\/wp\/v2\/posts"}],"about":[{"href":"https:\/\/pcb.org.br\/portal2\/wp-json\/wp\/v2\/types\/post"}],"author":[{"embeddable":true,"href":"https:\/\/pcb.org.br\/portal2\/wp-json\/wp\/v2\/users\/1"}],"replies":[{"embeddable":true,"href":"https:\/\/pcb.org.br\/portal2\/wp-json\/wp\/v2\/comments?post=636"}],"version-history":[{"count":0,"href":"https:\/\/pcb.org.br\/portal2\/wp-json\/wp\/v2\/posts\/636\/revisions"}],"wp:attachment":[{"href":"https:\/\/pcb.org.br\/portal2\/wp-json\/wp\/v2\/media?parent=636"}],"wp:term":[{"taxonomy":"category","embeddable":true,"href":"https:\/\/pcb.org.br\/portal2\/wp-json\/wp\/v2\/categories?post=636"},{"taxonomy":"post_tag","embeddable":true,"href":"https:\/\/pcb.org.br\/portal2\/wp-json\/wp\/v2\/tags?post=636"}],"curies":[{"name":"wp","href":"https:\/\/api.w.org\/{rel}","templated":true}]}}