{"id":6409,"date":"2014-07-02T16:24:36","date_gmt":"2014-07-02T16:24:36","guid":{"rendered":"http:\/\/pcb.org.br\/portal2\/?p=6409"},"modified":"2014-07-02T16:24:36","modified_gmt":"2014-07-02T16:24:36","slug":"pcb-apresenta-candidaturas-para-as-eleicoes-2014","status":"publish","type":"post","link":"https:\/\/pcb.org.br\/portal2\/6409","title":{"rendered":"PCB apresenta candidaturas para as elei\u00e7\u00f5es 2014"},"content":{"rendered":"\n<p>No dia 26 de junho, no Centro Cultural Eldorado dos Caraj\u00e1s, o PCB-Partido Comunista Brasileiro, realizou ato pol\u00edtico, para um p\u00fablico de quase cem pessoas, onde apresentou seus pr\u00e9-candidatos \u00e0s elei\u00e7\u00f5es 2014. Os militantes destacados para essa tarefa foram: para deputado estadual o militante do movimento de moradia de Aparecida de Goi\u00e2nia, Bernardo Bispo; para deputada federal, a militante Bruna Venceslau, que atua na Uni\u00e3o da Juventude Comunista e no Coletivo Feminista Classista Ana Montenegro; para senador o militante da \u00e1rea da educa\u00e7\u00e3o, professor Ant\u00f4nio Neto; para governadora, a professora Marta Jane e como candidato \u00e0 presid\u00eancia da rep\u00fablica, o cientista social e professor Mauro Iasi. O PCB afirmou no ato pol\u00edtico a alian\u00e7a com o PSTU, que ir\u00e1 indicar como candidato a vice-governador, o professor Felipe Ga\u00facho.<\/p>\n<p>O PCB afirma que, mais do que ter uma vota\u00e7\u00e3o expressiva, o principal mote da campanha \u00e9 levantar pontos importantes para a vida da classe trabalhadora. Segundo Marta Jane &#8220;N\u00e3o nos apresentamos com o objetivo de eleger uma grande bancada. O nosso objetivo \u00e9 fazer um debate pol\u00edtico de qualidade, sobre as quest\u00f5es relevantes para a classe trabalhadora, acreditamos que tais pontos n\u00e3o iriam aparecer nessas elei\u00e7\u00f5es caso n\u00e3o houvesse essa candidatura da esquerda socialista que, de fato, mant\u00e9m essa disposi\u00e7\u00e3o&#8221;, afirmou.<\/p>\n<p>O ato pol\u00edtico contou com a presen\u00e7a do candidato \u00e0 presid\u00eancia pelo PCB, Mauro Iasi, para ele &#8221; Marta \u00e9 um quadro do PCB. Apesar de jovem, \u00e9 uma pessoa extremamente bem preparada, que teve um papel excepcional na reconstru\u00e7\u00e3o revolucion\u00e1ria do partido. Tem uma capacidade imensa de di\u00e1logo com a sociedade, que pode quebrar essa pol\u00edtica tradicional em Goi\u00e1s, t\u00e3o presa a interesses econ\u00f4micos poderosos&#8221;, pontuou.<\/p>\n<p>O PCB apresentou sua Declara\u00e7\u00e3o Pol\u00edtica sobre as elei\u00e7\u00f5es 2014, e reafirmou que as elei\u00e7\u00f5es ser\u00e3o mais uma trincheira de batalha no sentido de realizar a disputa de um programa alternativo ao capitalismo, a reafirma\u00e7\u00e3o da necessidade do socialismo e da constru\u00e7\u00e3o do Poder Popular.<\/p>\n<p><em>Fonte: PCB-GO<\/em><\/p>\n<p>Fonte : <a href=\"http:\/\/pcbgo.com.br\/noticia.php?id=364\" target=\"_blank\">http:\/\/pcbgo.com.br\/noticia.php?id=364<\/a><\/p>\n<p>Fotos do Lan\u00e7amento : <a href=\"http:\/\/pcbgo.com.br\/noticia.php?id=366\" target=\"_blank\">http:\/\/pcbgo.com.br\/noticia.php?id=366<\/a><\/p>\n<p>Declara\u00e7\u00e3o Pol\u00edtica sobre as elei\u00e7\u00f5es em Goi\u00e1s : <a href=\"http:\/\/pcbgo.com.br\/noticia.php?id=362\" target=\"_blank\">http:\/\/pcbgo.com.br\/noticia.php?id=362<\/a><\/p>\n","protected":false},"excerpt":{"rendered":"\n<a class=\"moretag\" href=\"https:\/\/pcb.org.br\/portal2\/6409\"> <\/a>","protected":false},"author":1,"featured_media":0,"comment_status":"closed","ping_status":"closed","sticky":false,"template":"","format":"standard","meta":{"jetpack_post_was_ever_published":false,"_jetpack_newsletter_access":"","_jetpack_dont_email_post_to_subs":false,"_jetpack_newsletter_tier_id":0,"_jetpack_memberships_contains_paywalled_content":false,"_jetpack_memberships_contains_paid_content":false,"footnotes":"","jetpack_publicize_message":"","jetpack_publicize_feature_enabled":true,"jetpack_social_post_already_shared":false,"jetpack_social_options":{"image_generator_settings":{"template":"highway","default_image_id":0,"font":"","enabled":false},"version":2}},"categories":[121],"tags":[],"class_list":["post-6409","post","type-post","status-publish","format-standard","hentry","category-c134-eleicoes-2014"],"jetpack_publicize_connections":[],"jetpack_featured_media_url":"","jetpack_shortlink":"https:\/\/wp.me\/p659gw-1Fn","jetpack-related-posts":[],"jetpack_likes_enabled":true,"jetpack_sharing_enabled":true,"_links":{"self":[{"href":"https:\/\/pcb.org.br\/portal2\/wp-json\/wp\/v2\/posts\/6409","targetHints":{"allow":["GET"]}}],"collection":[{"href":"https:\/\/pcb.org.br\/portal2\/wp-json\/wp\/v2\/posts"}],"about":[{"href":"https:\/\/pcb.org.br\/portal2\/wp-json\/wp\/v2\/types\/post"}],"author":[{"embeddable":true,"href":"https:\/\/pcb.org.br\/portal2\/wp-json\/wp\/v2\/users\/1"}],"replies":[{"embeddable":true,"href":"https:\/\/pcb.org.br\/portal2\/wp-json\/wp\/v2\/comments?post=6409"}],"version-history":[{"count":0,"href":"https:\/\/pcb.org.br\/portal2\/wp-json\/wp\/v2\/posts\/6409\/revisions"}],"wp:attachment":[{"href":"https:\/\/pcb.org.br\/portal2\/wp-json\/wp\/v2\/media?parent=6409"}],"wp:term":[{"taxonomy":"category","embeddable":true,"href":"https:\/\/pcb.org.br\/portal2\/wp-json\/wp\/v2\/categories?post=6409"},{"taxonomy":"post_tag","embeddable":true,"href":"https:\/\/pcb.org.br\/portal2\/wp-json\/wp\/v2\/tags?post=6409"}],"curies":[{"name":"wp","href":"https:\/\/api.w.org\/{rel}","templated":true}]}}