{"id":6460,"date":"2014-07-15T18:43:55","date_gmt":"2014-07-15T18:43:55","guid":{"rendered":"http:\/\/pcb.org.br\/portal2\/?p=6460"},"modified":"2014-07-15T18:43:55","modified_gmt":"2014-07-15T18:43:55","slug":"partido-comunista-da-ucrania-sera-oficialmente-banido","status":"publish","type":"post","link":"https:\/\/pcb.org.br\/portal2\/6460","title":{"rendered":"Partido Comunista da Ucr\u00e2nia ser\u00e1 oficialmente banido"},"content":{"rendered":"\n<p>Enquanto a ofensiva genocida de Kiev contra o povo das Rep\u00fablicas Populares de Donestk e Lugansk continua, mais uma medida antidemocr\u00e1tica \u00e9 tomada pelo governo de fascistas e imperialistas: o ministro da justi\u00e7a, Pavlo Petrenko, entrou com uma a\u00e7\u00e3o junto \u00e0 Corte do Distrito de Kiev pedindo o banimento do Partido Comunista Ucraniano sob a alega\u00e7\u00e3o de que estariam a apoiar a divis\u00e3o do pa\u00eds [1].<\/p>\n<p>Se esse banimento for declarado ser\u00e1 o sintoma de uma escalada repressiva na Ucr\u00e2nia que n\u00e3o para e que avan\u00e7a na persegui\u00e7\u00e3o das for\u00e7as de esquerda pelo governo golpista. Outro partido anticapitalista, o Borotba, j\u00e1 tem sua dire\u00e7\u00e3o na clandestinidade e muitos de seus militantes tiveram que abandonar a Ucr\u00e2nia. Estes foram declarados ilegais pelos grupos fascistas, sendo atacados fisicamente pela Guarda Nacional, guarda-chuva oficial das mil\u00edcias fascistas, e tiveram suas sedes destru\u00eddas[2]. O partido teve que lan\u00e7ar um comunicado oficial chamando a todos os militantes e simpatizantes a que entrassem na clandestinidade e abandonassem suas casas [3].<\/p>\n<p>O PCU j\u00e1 sofrera as mais brutais agress\u00f5es, com militantes atacados e sedes queimadas \u2013 e mesmo a casa do l\u00edder do partido, Pyotr Simonenko, foi incendiada [4]. Isto fez com que a vida do partido tivesse que migrar completamente para a Ucr\u00e2nia Oriental. No Parlamento, Simonenko foi atacado por dois deputados fascistas do Svoboda enquanto discursava em defesa da \u201cfederaliza\u00e7\u00e3o do pa\u00eds e a concess\u00e3o do status de l\u00edngua oficial ao idioma russo\u201d [4]. Pela total falta de seguran\u00e7a para o l\u00edder comunista realizar sua campanha presidencial \u2013 tendo sido mesmo perseguido por fascistas ap\u00f3s sua sa\u00edda de uma entrevista televisiva \u2013 teve que retirar sua candidatura [5].<\/p>\n<p>J\u00e1 no in\u00edcio de maio os deputados da Rada Suprema (parlamento nacional) expulsaram os comunistas de uma sess\u00e3o a portas fechadas, infringindo o pr\u00f3prio regulamento interno que prev\u00ea a possibilidade de expuls\u00e3o de um deputado de uma sess\u00e3o, mas n\u00e3o de uma fac\u00e7\u00e3o parlamentar inteira. Com essa manobra o governo buscava garantir a maioria de votos de que necessitava para aprovar seus intentos de guerra, como o restabelecimento do servi\u00e7o militar obrigat\u00f3rio, para assim refor\u00e7ar sua ofensiva genocida [6]. E foram v\u00e1rias as sucessivas declara\u00e7\u00f5es do ent\u00e3o presidente interino Alexandr Turch\u00ednov exigindo a ilegaliza\u00e7\u00e3o do PCU [7].<\/p>\n<p>A verdade \u00e9 o contr\u00e1rio das alega\u00e7\u00f5es das \u201cautoridades\u201d de Kiev: quem levou o pa\u00eds \u00e0 divis\u00e3o foi a a\u00e7\u00e3o dos imperialistas e fascistas que perseguem a esquerda e as minorias nacionais, bem como lan\u00e7am uma ofensiva genocida contra o povo do Leste. Quem divide o pa\u00eds s\u00e3o os golpistas que retiram o car\u00e1ter oficial das l\u00ednguas minorit\u00e1rias e negam a \u00fanica pol\u00edtica que poderia devolver a paz ao pa\u00eds: a federaliza\u00e7\u00e3o da Ucr\u00e2nia. Quem dividi o pa\u00eds s\u00e3o os golpistas de Kiev que se aliam aos oligarcas do Leste para reprimir a popula\u00e7\u00e3o, como Ihor Kolomoisky, indicado por eles para ser o governador de Dnipropetrovsky e apontado como um dos principais l\u00edderes da m\u00e1fia ucraniana [8]. Este j\u00e1 prop\u00f4s a constru\u00e7\u00e3o de um muro separando a Ucr\u00e2nia da R\u00fassia, financia as mil\u00edcias fascistas e ofereceu pela morte do l\u00edder antifascista Oleg Tsarev um milh\u00e3o de d\u00f3lares [8].<\/p>\n<p>O governo de Kiev est\u00e1 sob controle do partido da guerra: oligarcas em geral e do setor militar em particular, mil\u00edcias fascistas do Maidan, a m\u00e1fia ucraniana e os EUA. Estes lucram com a guerra e a morte e se fortalecem politicamente. O novo prefeito da capital, Vitali Klichko, representante dos interesses imperialistas alem\u00e3es no pa\u00eds, que tinha declarado que iria dissolver os acampamentos do Maidan [9] \u2013 uma terra de ningu\u00e9m, de bandidos e fascistas \u2013 n\u00e3o os dissolver\u00e1 mais, tendo j\u00e1 sido amea\u00e7ado de ter a prefeitura queimada caso o fizesse [10]. O cessar-fogo foi boicotado pelas mil\u00edcias e pelos pr\u00f3prios oficiais do ex\u00e9rcito, desmoralizando o presidente Poroshenko, que teve que recuar e levantar o mesmo [11].<\/p>\n<p>Ao contr\u00e1rio das medidas de Kiev, a \u00fanica maneira de reconstruir a unidade do pa\u00eds passa n\u00e3o pela ilegaliza\u00e7\u00e3o da esquerda ucraniana, que luta por democracia e em defesa dos trabalhadores do pa\u00eds e das minorias amea\u00e7adas. A \u00fanica forma de reconstruir a unidade \u00e9 garantindo os direitos democr\u00e1ticos e a federaliza\u00e7\u00e3o. A \u00fanica forma de conquistar a paz \u00e9 combatendo as mil\u00edcias fascistas e colocando na ilegalidade os partidos fascistas como o Svoboda e o Pravy Sektor, que espalham o terror pelo pa\u00eds.<\/p>\n<p>Nessa hora sombria em que novamente a esquerda \u00e9 amea\u00e7ada pelas hordas fascistas, e que o terror castanho anda livremente pelas ruas de Kiev e matam no Leste, \u00e9 necess\u00e1rio que todos os comunistas e verdadeiros democratas do mundo se unam em defesa da esquerda ucraniana. Contra ilegaliza\u00e7\u00e3o do PCU! Contra a persegui\u00e7\u00e3o \u00e0 esquerda ucraniana!<\/p>\n<p>* Carlos Serrano Ferreira \u00e9 pesquisador do Laborat\u00f3rio de Estudos sobre Hegemonia e Contra-Hegemonia da UFRJ (LEHC-UFRJ) e militante do PCB-RJ.<\/p>\n<p>[1]AFP. <em>Ukraine seeks to ban Communist Party.<\/em> 8 de julho. Dispon\u00edvel em: <a href=\"http:\/\/www.business-standard.com\/article\/pti-stories\/ukraine-seeks-to-ban-communist-party-114070801494_1.html\">www.business-standard.com\/article\/pti-stories\/ukraine-seeks-to-ban-communist-party-114070801494_1.html<\/a>.<\/p>\n<p>[2] INITIATIV. <em>Antifascistas na Ucr\u00e2nia: Entrevista a um respons\u00e1vel do Borotba no ex\u00edlio.<\/em> Tradu\u00e7\u00e3o do <em>Di\u00e1rio Liberdade<\/em>. 23 de junho. Dispon\u00edvel em: <a href=\"http:\/\/www.diarioliberdade.org\/artigos-em-destaque\/413-antifascismo-e-anti-racismo\/49421-antifascistas-na-ucr\u00e2nia-entrevista-a-um-respons\u00e1vel-do-borotba-no-ex\u00edlio.html\">www.diarioliberdade.org\/artigos-em-destaque\/413-antifascismo-e-anti-racismo\/49421-antifascistas-na-ucr\u00e2nia-entrevista-a-um-respons\u00e1vel-do-borotba-no-ex\u00edlio.html<\/a>.<\/p>\n<p>[3] BOROTBA. <em>Ukraine: Junta launches repressions against Borotba activists Statement of the union \u2018Borotba\u2019 (Struggle)<\/em>. Dispon\u00edvel em: <a href=\"http:\/\/borotba.org\/ukraine-_junta_launches_repressions_against_borotba_activists_statement_of_the_union_borotba_struggle.html\">http:\/\/borotba.org\/ukraine-_junta_launches_repressions_against_borotba_activists_statement_of_the_union_borotba_struggle.html<\/a>.<\/p>\n<p>[4] FERREIRA, Carlos Serrano. <em>Ascens\u00e3o do fascismo na Ucr\u00e2nia<\/em>. Dispon\u00edvel em: <a href=\"index.php?option=com_content&amp;view=article&amp;id=7397:qascensao-do-fascismo-na-ucraniaq-&amp;catid=43:imperialismo\">http:\/\/pcb.org.br\/portal\/index.php?option=com_content&amp;view=article&amp;id=7397:qascensao-do-fascismo-na-ucraniaq-&amp;catid=43:imperialismo<\/a>.<\/p>\n<p>[5] CENSOR.NET. <em>Activists of Automaidan blocked Simonenko\u2019s car and smashed the windows<\/em>. 17 de maio. Dispon\u00edvel em: <a href=\"http:\/\/inforesist.org\/en\/activists-of-automaidan-blocked-simonenkos-car-and-smashed-the-windows\/\">http:\/\/inforesist.org\/en\/activists-of-automaidan-blocked-simonenkos-car-and-smashed-the-windows\/<\/a>.<\/p>\n<p>[6] RIANOVOSTI. El Parlamento de Ucrania expulsa a los comunistas y restaura la mili. 6 de maio. Dispon\u00edvel em: <a href=\"http:\/\/sp.ria.ru\/international\/20140506\/159972738.html\">http:\/\/sp.ria.ru\/international\/20140506\/159972738.html<\/a>.<\/p>\n<p>[7] Dois exemplos disto, feitos em seq\u00fc\u00eancia em maio passado, podem ser encontrados aqui: RIANOVOSTI. <em>Presidente interino llama a proscribir el PCU por supuesto separatismo<\/em>. 13 de maio. Dispon\u00edvel em: <a href=\"http:\/\/sp.ria.ru\/international\/20140513\/160045358.html\">http:\/\/sp.ria.ru\/international\/20140513\/160045358.html<\/a> e RIANOVOSTI.<em>El presidente interino de Ucrania exige prohibir al Partido Comunista<\/em>. 19 de maio. Dispon\u00edvel em: <a href=\"http:\/\/sp.ria.ru\/international\/20140519\/160125734.html\">http:\/\/sp.ria.ru\/international\/20140519\/160125734.html<\/a>.<\/p>\n<p>[8]VOLTAIRE. <em>Ukraine: Ihor Kolomoisky offers $ 1 million to murder Oleg Tsarev<\/em>. 17 de maio. Dispon\u00edvel em: <a href=\"http:\/\/www.voltairenet.org\/article183839.html\">www.voltairenet.org\/article183839.html<\/a>.<\/p>\n<p>[9] RIANOVOSTI. <em>Klichko planea liberar el centro de Kiev de los restos del Maid\u00e1n<\/em>. 26 de maio. Dispon\u00edvel em: <a href=\"http:\/\/sp.ria.ru\/international\/20140526\/160205699.html\">http:\/\/sp.ria.ru\/international\/20140526\/160205699.html<\/a>.<\/p>\n<p>[10] RIANOVOSTI. <em>La situaci\u00f3n en El centro de Kiev sigue peligrosa, reconoce su alcade<\/em>. 7 de julho. Dispon\u00edvel em: <a href=\"http:\/\/sp.ria.ru\/international\/20140707\/160695082.html\">http:\/\/sp.ria.ru\/international\/20140707\/160695082.html<\/a>.<\/p>\n<p>[11] RIANOVOSTI. <em>Poroshenko quiere tregua en el este pero parte de los militares no le obedecen<\/em>. <a href=\"http:\/\/sp.ria.ru\/international\/20140630\/160605294.html\">http:\/\/sp.ria.ru\/international\/20140630\/160605294.html<\/a>.<\/p>\n","protected":false},"excerpt":{"rendered":"\nCarlos Serrano Ferreira*\n<a class=\"moretag\" href=\"https:\/\/pcb.org.br\/portal2\/6460\"> <\/a>","protected":false},"author":1,"featured_media":0,"comment_status":"closed","ping_status":"closed","sticky":false,"template":"","format":"standard","meta":{"jetpack_post_was_ever_published":false,"_jetpack_newsletter_access":"","_jetpack_dont_email_post_to_subs":false,"_jetpack_newsletter_tier_id":0,"_jetpack_memberships_contains_paywalled_content":false,"_jetpack_memberships_contains_paid_content":false,"footnotes":"","jetpack_publicize_message":"","jetpack_publicize_feature_enabled":true,"jetpack_social_post_already_shared":false,"jetpack_social_options":{"image_generator_settings":{"template":"highway","default_image_id":0,"font":"","enabled":false},"version":2}},"categories":[125],"tags":[],"class_list":["post-6460","post","type-post","status-publish","format-standard","hentry","category-c138-ucrania"],"jetpack_publicize_connections":[],"jetpack_featured_media_url":"","jetpack_shortlink":"https:\/\/wp.me\/p659gw-1Gc","jetpack-related-posts":[],"jetpack_likes_enabled":true,"jetpack_sharing_enabled":true,"_links":{"self":[{"href":"https:\/\/pcb.org.br\/portal2\/wp-json\/wp\/v2\/posts\/6460","targetHints":{"allow":["GET"]}}],"collection":[{"href":"https:\/\/pcb.org.br\/portal2\/wp-json\/wp\/v2\/posts"}],"about":[{"href":"https:\/\/pcb.org.br\/portal2\/wp-json\/wp\/v2\/types\/post"}],"author":[{"embeddable":true,"href":"https:\/\/pcb.org.br\/portal2\/wp-json\/wp\/v2\/users\/1"}],"replies":[{"embeddable":true,"href":"https:\/\/pcb.org.br\/portal2\/wp-json\/wp\/v2\/comments?post=6460"}],"version-history":[{"count":0,"href":"https:\/\/pcb.org.br\/portal2\/wp-json\/wp\/v2\/posts\/6460\/revisions"}],"wp:attachment":[{"href":"https:\/\/pcb.org.br\/portal2\/wp-json\/wp\/v2\/media?parent=6460"}],"wp:term":[{"taxonomy":"category","embeddable":true,"href":"https:\/\/pcb.org.br\/portal2\/wp-json\/wp\/v2\/categories?post=6460"},{"taxonomy":"post_tag","embeddable":true,"href":"https:\/\/pcb.org.br\/portal2\/wp-json\/wp\/v2\/tags?post=6460"}],"curies":[{"name":"wp","href":"https:\/\/api.w.org\/{rel}","templated":true}]}}