{"id":6523,"date":"2014-07-28T19:42:23","date_gmt":"2014-07-28T19:42:23","guid":{"rendered":"http:\/\/pcb.org.br\/portal2\/?p=6523"},"modified":"2014-07-28T19:42:23","modified_gmt":"2014-07-28T19:42:23","slug":"feira-da-reforma-agraria-afirma-producao-agricola-do-rio-de-janeiro","status":"publish","type":"post","link":"https:\/\/pcb.org.br\/portal2\/6523","title":{"rendered":"Feira da Reforma Agr\u00e1ria afirma produ\u00e7\u00e3o agr\u00edcola do Rio de Janeiro"},"content":{"rendered":"\n<p>Quem mora ou trabalha no centro do Rio pode conhecer a diversidade da produ\u00e7\u00e3o dos assentamentos do Rio de Janeiro. Foto: F\u00e1bio Caff\u00e9\/Imagens do Povo.<\/p>\n<p>Do Norte Fluminense, veio o coco e o abacaxi. Da Baixada, principalmente o aipim. A regi\u00e3o Sul Fluminense, al\u00e9m das hortali\u00e7as, trouxe os fitoter\u00e1picos e cosm\u00e9ticos a base de ervas medicinais. At\u00e9 o mais novo assentamento do estado, em Maca\u00e9, contribuiu com tomates e ab\u00f3boras sem agrot\u00f3xicos. E foi assim que se construiu a quinta edi\u00e7\u00e3o da Feira Estadual da Reforma Agr\u00e1ria C\u00edcero Guedes. Camponeses e camponesas vieram de todo estado e puderam mostrar para os cariocas que, sim, a Reforma Agr\u00e1ria pode dar certo, e sim, o estado do Rio de Janeiro produz alimentos saud\u00e1veis.<\/p>\n<p>C\u00edcero Guedes, lideran\u00e7a assassinada em 2013, refor\u00e7ou em sua \u00faltima entrevista que era necess\u00e1rio realizar mais de uma feira por ano para aumentar o di\u00e1logo com a sociedade. E assim foi feito. Al\u00e9m da j\u00e1 tradicional edi\u00e7\u00e3o de dezembro, que lembra o Dia Internacional dos Direitos Humanos, o MST promoveu a Feira Estadual da Reforma Agr\u00e1ria, no centro do Rio de Janeiro, nos dias 24 e 25 de julho, lembrando o dia do trabalhador e trabalhadora rural.<\/p>\n<p>Elis\u00e2ngela Carvalho, da dire\u00e7\u00e3o nacional do MST, explica a import\u00e2ncia da feira para o movimento: \u201cEstamos aqui fazendo o di\u00e1logo com a sociedade para pautar a reforma agr\u00e1ria, que est\u00e1 completamente parada. A feira \u00e9 um instrumento fundamental para esse di\u00e1logo, pois aqui conseguimos trazer uma diversidade grande de produ\u00e7\u00e3o vinda das quatro regi\u00f5es em que trabalhamos. A gente faz da feira um espa\u00e7o pol\u00edtico de luta, e um espa\u00e7o tamb\u00e9m para mostrarmos a cultura popular. A sociedade est\u00e1 entendendo a import\u00e2ncia de fortalecer a agricultura camponesa, e a produ\u00e7\u00e3o cooperativada de alimentos saud\u00e1veis e diversificados.\u201d<\/p>\n<p><img data-recalc-dims=\"1\" decoding=\"async\" class=\"imagem100\" src=\"https:\/\/i0.wp.com\/boletimmstrj.mst.org.br\/wp-content\/gallery\/v-feira-estadual-da-reforma-agraria-cicero-guedes\/2014.07.24_Feira-da-Reforma-Agraria_Fabio-Caffe-IP-0009.jpg?w=747\" border=\"0\" \/><\/p>\n<p><em>Fitoter\u00e1picos do Setor de Sa\u00fade fizeram sucesso. Foto: F\u00e1bio Caff\u00e9\/Imagens do Povo.<\/em><\/p>\n<p>Mais de 10 toneladas de alimentos foram trazidas pelos cerca de 60 agricultores e agricultoras ligados ao MST, em uma tenda de 200 metros quadrados montada no Largo da Carioca. Participaram tamb\u00e9m da feira camponeses e camponesas ligados ao Movimento dos Pequenos Agricultores (MPA) e \u00e0 Articula\u00e7\u00e3o de Agroecologia do Rio de Janeiro (AARJ). O grande fluxo de pessoas no local, cerca de 15 mil visitantes, possibilitou o di\u00e1logo direto com moradores de todos os lugares da cidade, que trabalham no Centro. Desta forma, foi poss\u00edvel quebrar o bloqueio da m\u00eddia empresarial, que mais uma vez ignorou a exist\u00eancia da feira. A cobertura jornal\u00edstica ficou por conta da <a href=\"http:\/\/www.ebc.com.br\/noticias\/brasil\/2014\/07\/rio-feira-da-reforma-agraria-leva-alimentos-saudaveis-do-campo-para-a-cidade\" target=\"_blank\">Empresa Brasileira da Comunica\u00e7\u00e3o<\/a> (EBC), e da m\u00eddia alternativa. <a href=\"http:\/\/www.youtube.com\/watch?v=W0PqNIcBClI\" target=\"_blank\">Veja o v\u00eddeo da feira<\/a>, produzido pela Asfunrio\/TV Mar\u00e9.<\/p>\n<p><img data-recalc-dims=\"1\" decoding=\"async\" class=\"imagem100\" src=\"https:\/\/i0.wp.com\/boletimmstrj.mst.org.br\/wp-content\/gallery\/v-feira-estadual-da-reforma-agraria-cicero-guedes\/2014.07.24_Feira-da-Reforma-Agraria_Fabio-Caffe-IP-0012.jpg?w=747\" border=\"0\" \/><\/p>\n<p><em>Garis, que fizeram uma greve hist\u00f3rica no carnaval de 2014, aproveitam as atra\u00e7\u00f5es culturais da feira. Foto: F\u00e1bio Caff\u00e9\/Imagens do Povo.<\/em><\/p>\n<p><strong>Reforma Agr\u00e1ria Popular \u2013 Cooperativas e Agroind\u00fastrias nos assentamentos<\/strong><\/p>\n<p>O VI Congresso do MST consolidou a proposta da Reforma Agr\u00e1ria Popular. Na avalia\u00e7\u00e3o do movimento, a reforma agr\u00e1ria cl\u00e1ssica de distribui\u00e7\u00e3o de terras, realizada em diversos pa\u00edses capitalistas, n\u00e3o ir\u00e1 acontecer no Brasil, pois n\u00e3o h\u00e1 interesse da burguesia. Por isso, a Reforma Agr\u00e1ria Popular pretende unir trabalhadores e trabalhadoras do campo e da cidade na constru\u00e7\u00e3o de um projeto de desenvolvimento que torne o campo um lugar vi\u00e1vel de se viver, atrav\u00e9s da produ\u00e7\u00e3o agroecol\u00f3gica e da constru\u00e7\u00e3o de agroind\u00fastrias e cooperativas que agreguem valor aos produtos e rompam o ciclo de explora\u00e7\u00e3o da cadeia de alimentos.<\/p>\n<p>No Rio de Janeiro, duas cooperativas organizam a produ\u00e7\u00e3o do MST: a Coopscamp, na regi\u00e3o Norte, e a Coopaterra, na regi\u00e3o Sul e Baixada Fluminense. Francisco Fortunato, secret\u00e1rio da Coopscamp, explica que neste momento o principal objetivo da cooperativa \u00e9 organizar a venda dos produtos dos assentados para programas de compras p\u00fablicas, como o PAA e o PNAE. \u201cNosso forte aqui \u00e9 o abacaxi, o leite, ab\u00f3bora e a farinha. Mas usamos a estrutura para fortalecer tamb\u00e9m as outras culturas.\u201d Outro objetivo da Coopscamp \u00e9 o beneficiamento de produtos para reduzir as perdas. \u201cOs abacaxis que sobrarem aqui da feira vamos levar de volta, e muitos v\u00e3o ser perdidos. Se j\u00e1 troux\u00e9ssemos a polpa, daria pra guardar por mais tempo.\u201d<\/p>\n<p>Chiquinho, como \u00e9 conhecido, explica ainda que o benef\u00edcio da cooperativa \u00e9 mais do que puramente financeiro. \u201cA cooperativa compra o c\u00f4co dos assentados a cerca de 80 centavos, o mesmo que os atravessadores. A diferen\u00e7a \u00e9 que eles muitas vezes d\u00e3o calote. Al\u00e9m disso, o excedente da venda fica no assentamento, pois \u00e9 investido na manuten\u00e7\u00e3o da cooperativa. A cooperativa \u00e9 a fam\u00edlia dos assentados.\u201d<\/p>\n<p><img data-recalc-dims=\"1\" decoding=\"async\" class=\"imagem100\" src=\"https:\/\/i0.wp.com\/boletimmstrj.mst.org.br\/wp-content\/gallery\/v-feira-estadual-da-reforma-agraria-cicero-guedes\/2014.07.25_Feira-da-Reforma-Agraria_Fabio-Caffe-IP-0003.jpg?w=747\" border=\"0\" \/><\/p>\n<p><em>Chiquinho, secret\u00e1rio da Coopscamp: \u201cA cooperativa \u00e9 a fam\u00edlia dos assentados\u201d. Foto: F\u00e1bio Caff\u00e9\/Imagens do Povo.<\/em><\/p>\n<p>Hoje, existe uma <a href=\"http:\/\/boletimmstrj.mst.org.br\/assentamentos-do-mst-inauguram-agroindustria-de-cana-de-acucar\/\" title=\"Permalink: Assentamentos do MST inauguram agroind\u00fastria de cana-de-a\u00e7\u00facar\" rel=\"bookmark\">agroind\u00fastria em funcionamento,<\/a> nos assentamentos Che Guevara e Ilha Grande, em Campos, que produz a\u00e7\u00facar mascavo e rapadura. Al\u00e9m dela, dois projetos est\u00e3o em andamento: no assentamento Terra Prometida, para beneficiamento do aipim, e em Campos, para gerar subprodutos da cana.<\/p>\n<p>A Coopag\u00e9 (Mage) e a Univerde (Nova Igua\u00e7u), outras cooperativas agroecol\u00f3gicas do estado, tamb\u00e9m estiveram na feira.<\/p>\n<p><img data-recalc-dims=\"1\" decoding=\"async\" class=\"imagem100\" src=\"https:\/\/i0.wp.com\/boletimmstrj.mst.org.br\/wp-content\/gallery\/v-feira-estadual-da-reforma-agraria-cicero-guedes\/2014.07.25_Feira-da-Reforma-Agraria_Fabio-Caffe-IP-0015.jpg?w=747\" border=\"0\" \/><\/p>\n<p><em>A\u00e7\u00facar mascavo e rapadura, produzidos na agroin\u00fastria de Campos dos Goytacazes. Foto: F\u00e1bio Caff\u00e9\/Imagens do Povo.<\/em><\/p>\n<p><strong>Agri-cultura: m\u00fasica, m\u00edstica e trocas sementes animam a feira<\/strong><\/p>\n<p>Al\u00e9m da venda de produtos, a feira contou com diversas atra\u00e7\u00f5es culturais que atra\u00edram a aten\u00e7\u00e3o de quem passava pelo local. De acordo com Marcelo Dur\u00e3o, da coordena\u00e7\u00e3o do MST, \u201ca palavra agricultura traz em si o significado social e cultural da produ\u00e7\u00e3o agr\u00edcola.\u201d O primeiro dia contou com o forr\u00f3 p\u00e9-de-serra do trio formado por Geraldo Junior, Andr\u00e9 Oliveira e R\u00f4mulo Alves. Quem saia para o almo\u00e7o no centro pode dan\u00e7ar os xotes de Luiz gonzaga e Dominguinhos enquanto visitava a feira. \u00c0 tarde, o som da viola caipira levou o Largo da Carioca para o interior do Brasil, com o grupo rec\u00e9m-formado Bail\u00e3o da Mula Preta. O dia se encerrou com uma m\u00edstica em defesa da reforma agr\u00e1ria e em solidariedade \u00e0 Palestina. Integrantes do Comit\u00ea em defesa da Palestina ressaltaram a necessidade do internacionalismo num momento de massacre do povo palestina pelo estado de Israel.<\/p>\n<p>A anima\u00e7\u00e3o s\u00f3 aumentou no segundo dia. Assentados da Baixada Fluminense, Cosme Gomes e Elis\u00e2ngela Carvalho cantaram as m\u00fasicas de luta pela terra, como Terra, de Pedro Munhoz, e Caminhos Alternativos, de Z\u00e9 Pinto. O almo\u00e7o foi embalado ao som do hip-hop militante d\u2019Us Neguin Q\u00f1 C Kala. \u00c0 tarde, mais cultura: uma grande troca de sementes e mudas mobilizou os feirantes, que puderam levar para seus assentamentos uma diversidade esp\u00e9cies.<\/p>\n<p>Segundo Uschi Silva, integrante da AARJ, e uma das organizadoras da troca, \u201cas sementes crioulas s\u00e3o a favor da vida e da biodiversidade, ao contr\u00e1rio das sementes transg\u00eanicas e das biofortificadas, que tiram a autonomia do agricultor e causam grande impacto ecol\u00f3gico e social.\u201d<\/p>\n<p><img data-recalc-dims=\"1\" decoding=\"async\" class=\"imagem100\" src=\"https:\/\/i0.wp.com\/boletimmstrj.mst.org.br\/wp-content\/gallery\/v-feira-estadual-da-reforma-agraria-cicero-guedes\/2014.07.25_Feira-da-Reforma-Agraria_Fabio-Caffe-IP-0024.jpg?w=747\" border=\"0\" \/><\/p>\n<p><em>Troca de sementes e mudas. Foto: F\u00e1bio Caff\u00e9\/Imagens do Povo.<\/em><\/p>\n<p>Ao final da troca, a m\u00edstica dando a ben\u00e7\u00e3o \u00e0 m\u00e3e terra foi celebrada pelo Padre Geraldo Lima, da CPT, e o pelo pastor Henrique, da igreja Batista. A feira foi encerrada com uma apresenta\u00e7\u00e3o da APAFUNK, movimento que re\u00fane profissionais do Funk e busca resgatar a veia pol\u00edtica do ritmo. MC Calazans lembrou do dia em que conheceu C\u00edcero Guedes, no encontro dos Sem Terrinha. \u201cNunca vou esquecer aquele vozeir\u00e3o gritando Rebeldia Necess\u00e1ria, pra fazer Reforma Agr\u00e1ria!\u201d<\/p>\n<p>A pr\u00f3xima edi\u00e7\u00e3o da feira acontece em torno do dia 10 de dezembro. Para o fim do ano, est\u00e3o previstos 600m2 de feira, com 50 toneladas alimentos, incluindo produ\u00e7\u00e3o agroindustrializada de outros estados, como arroz, feij\u00e3o, doce de leite e achocolatado.<\/p>\n<p><img data-recalc-dims=\"1\" decoding=\"async\" class=\"imagem100\" src=\"https:\/\/i0.wp.com\/boletimmstrj.mst.org.br\/wp-content\/gallery\/v-feira-estadual-da-reforma-agraria-cicero-guedes\/2014.07.24_Feira-da-Reforma-Agraria_Fabio-Caffe-IP-0023.jpg?w=747\" border=\"0\" \/><\/p>\n<p><em>Geraldo J\u00fanior, umas das atra\u00e7\u00f5es culturais da feira, prometeu estar presente na pr\u00f3xima edi\u00e7\u00e3o. Foto: F\u00e1bio Caff\u00e9\/Imagens do Povo.<\/em><\/p>\n<p>Tag: <a href=\"http:\/\/boletimmstrj.mst.org.br\/temas\/aarj\/\" rel=\"tag\">AARJ<\/a> \u00bb <a href=\"http:\/\/boletimmstrj.mst.org.br\/temas\/apafunk\/\" rel=\"tag\">apafunk<\/a> \u00bb <a href=\"http:\/\/boletimmstrj.mst.org.br\/temas\/bailao-da-mula-preta\/\" rel=\"tag\">bail\u00e3o da mula preta<\/a> \u00bb <a href=\"http:\/\/boletimmstrj.mst.org.br\/temas\/coopage\/\" rel=\"tag\">coopag\u00e9<\/a> \u00bb <a href=\"http:\/\/boletimmstrj.mst.org.br\/temas\/coopaterra\/\" rel=\"tag\">coopaterra<\/a> \u00bb <a href=\"http:\/\/boletimmstrj.mst.org.br\/temas\/coopscamp\/\" rel=\"tag\">coopscamp<\/a> \u00bb <a href=\"http:\/\/boletimmstrj.mst.org.br\/temas\/feira-estadual-da-reforma-agraria\/\" rel=\"tag\">feira estadual da reforma agr\u00e1ria<\/a> \u00bb <a href=\"http:\/\/boletimmstrj.mst.org.br\/temas\/geraldo-junior\/\" rel=\"tag\">geraldo j\u00fanior<\/a> \u00bb <a href=\"http:\/\/boletimmstrj.mst.org.br\/temas\/mpa\/\" rel=\"tag\">mpa<\/a> \u00bb <a href=\"http:\/\/boletimmstrj.mst.org.br\/temas\/padre-geraldo\/\" rel=\"tag\">padre geraldo<\/a> \u00bb <a href=\"http:\/\/boletimmstrj.mst.org.br\/temas\/univerde\/\" rel=\"tag\">univerde<\/a> \u00bb <a href=\"http:\/\/boletimmstrj.mst.org.br\/temas\/us-neguin-q-n-c-kala\/\" rel=\"tag\">Us Neguin Q \u00d1 C Kala<\/a><\/p>\n<blockquote data-secret=\"CeOEpChbsj\" class=\"wp-embedded-content\"><p><a href=\"http:\/\/boletimmstrj.mst.org.br\/feira-da-reforma-agraria-afirma-producao-agricola-do-rio-de-janeiro\/\">Feira da Reforma Agr\u00e1ria afirma produ\u00e7\u00e3o agr\u00edcola do Rio de Janeiro<\/a><\/p><\/blockquote>\n<p><iframe loading=\"lazy\" class=\"wp-embedded-content\" sandbox=\"allow-scripts\" security=\"restricted\" style=\"position: absolute; clip: rect(1px, 1px, 1px, 1px);\" src=\"http:\/\/boletimmstrj.mst.org.br\/feira-da-reforma-agraria-afirma-producao-agricola-do-rio-de-janeiro\/embed\/#?secret=CeOEpChbsj\" data-secret=\"CeOEpChbsj\" width=\"600\" height=\"338\" title=\"&#8220;Feira da Reforma Agr\u00e1ria afirma produ\u00e7\u00e3o agr\u00edcola do Rio de Janeiro&#8221; &#8212; Boletim do MST Rio\" frameborder=\"0\" marginwidth=\"0\" marginheight=\"0\" scrolling=\"no\"><\/iframe><\/p>\n","protected":false},"excerpt":{"rendered":"\npor Alan Tygel \n<a class=\"moretag\" href=\"https:\/\/pcb.org.br\/portal2\/6523\"> <\/a>","protected":false},"author":1,"featured_media":0,"comment_status":"closed","ping_status":"closed","sticky":false,"template":"","format":"standard","meta":{"jetpack_post_was_ever_published":false,"_jetpack_newsletter_access":"","_jetpack_dont_email_post_to_subs":false,"_jetpack_newsletter_tier_id":0,"_jetpack_memberships_contains_paywalled_content":false,"_jetpack_memberships_contains_paid_content":false,"footnotes":"","jetpack_publicize_message":"","jetpack_publicize_feature_enabled":true,"jetpack_social_post_already_shared":false,"jetpack_social_options":{"image_generator_settings":{"template":"highway","default_image_id":0,"font":"","enabled":false},"version":2}},"categories":[20],"tags":[],"class_list":["post-6523","post","type-post","status-publish","format-standard","hentry","category-c1-popular"],"jetpack_publicize_connections":[],"jetpack_featured_media_url":"","jetpack_shortlink":"https:\/\/wp.me\/p659gw-1Hd","jetpack-related-posts":[],"jetpack_likes_enabled":true,"jetpack_sharing_enabled":true,"_links":{"self":[{"href":"https:\/\/pcb.org.br\/portal2\/wp-json\/wp\/v2\/posts\/6523","targetHints":{"allow":["GET"]}}],"collection":[{"href":"https:\/\/pcb.org.br\/portal2\/wp-json\/wp\/v2\/posts"}],"about":[{"href":"https:\/\/pcb.org.br\/portal2\/wp-json\/wp\/v2\/types\/post"}],"author":[{"embeddable":true,"href":"https:\/\/pcb.org.br\/portal2\/wp-json\/wp\/v2\/users\/1"}],"replies":[{"embeddable":true,"href":"https:\/\/pcb.org.br\/portal2\/wp-json\/wp\/v2\/comments?post=6523"}],"version-history":[{"count":0,"href":"https:\/\/pcb.org.br\/portal2\/wp-json\/wp\/v2\/posts\/6523\/revisions"}],"wp:attachment":[{"href":"https:\/\/pcb.org.br\/portal2\/wp-json\/wp\/v2\/media?parent=6523"}],"wp:term":[{"taxonomy":"category","embeddable":true,"href":"https:\/\/pcb.org.br\/portal2\/wp-json\/wp\/v2\/categories?post=6523"},{"taxonomy":"post_tag","embeddable":true,"href":"https:\/\/pcb.org.br\/portal2\/wp-json\/wp\/v2\/tags?post=6523"}],"curies":[{"name":"wp","href":"https:\/\/api.w.org\/{rel}","templated":true}]}}