{"id":6533,"date":"2014-07-30T22:12:55","date_gmt":"2014-07-30T22:12:55","guid":{"rendered":"http:\/\/pcb.org.br\/portal2\/?p=6533"},"modified":"2014-07-30T22:12:55","modified_gmt":"2014-07-30T22:12:55","slug":"video-de-israelenses-em-tel-aviv-amanha-nao-tera-escola-ja-nao-existem-criancas-em-gaza","status":"publish","type":"post","link":"https:\/\/pcb.org.br\/portal2\/6533","title":{"rendered":"V\u00eddeo de israelenses em Tel Aviv: \u201cAmanh\u00e3 n\u00e3o ter\u00e1 escola, j\u00e1 n\u00e3o existem crian\u00e7as em Gaza!\u201d"},"content":{"rendered":"\n<p>Enquanto Gaza chora as crian\u00e7as assassinadas nos ataques de Israel, dezenas de manifestantes direitistas saem \u00e0s ruas de Tel Aviv para celebrar os avan\u00e7os do Ex\u00e9rcito israelense proferindo c\u00e2nticos racistas.<\/p>\n<p>No v\u00eddeo, gravado em 26 de julho, \u00e9 poss\u00edvel ver grupos de nacionalistas israelenses de direita nas ruas de Tel Aviv, que portam bandeiras de Israel, zombando dos numerosos mortos palestinos, especialmente crian\u00e7as.<\/p>\n<p>A melodia de assemelha a dos t\u00edpicos cantos das torcidas de futebol, por\u00e9m a letra \u00e9 muito mais preocupante e dolorosa: \u201cAmanh\u00e3 n\u00e3o ter\u00e1, j\u00e1 n\u00e3o existem crian\u00e7as em Gaza! Ol\u00e9, Ol\u00e9, Ol\u00e9, Ol\u00e9\u201d. \u201cGaza \u00e9 um cemit\u00e9rio!\u201d ou \u201cMorte aos \u00e1rabes!\u201d foram outras palavras de ordem entoadas pela multid\u00e3o no v\u00eddeo.<\/p>\n<p>Os manifestantes direitistas tamb\u00e9m proferem insultos dirigidos diretamente contra Ahmed Tibi e Haneen Zoabi, dois palestinos com cidadania israelense e membros do Parlamento. \u201c\u00d3dio a Tibi, o terrorista. Tibi est\u00e1 morto! Tibi est\u00e1 morto! [\u2026] Quem est\u00e1 nervoso? Escuta, Zoabi, \u00e9 a Terra de Israel. \u00c9 a Terra de Isreal, Zoabi. \u00c9 a terra dos judeus. Odeio voc\u00ea, de verdade, Zoabi. Odeio todos os \u00e1rabes\u201d.<\/p>\n<p>Segundo os dados do Escrit\u00f3rio das Na\u00e7\u00f5es Unidas para a Coordena\u00e7\u00e3o de Assuntos Humanit\u00e1rios (OCHA), em 26 de julho, dia em que foi gravado o protesto, os ataques israelenses j\u00e1 tinham resultado na morte de mais de mil palestinos, entre eles 200 crian\u00e7as.<\/p>\n<p>V\u00eddeo: http:\/\/www.youtube.com\/watch?v=h7qFACSfd_k<\/p>\n<p>Fonte:http:\/\/actualidad.rt.com\/actualidad\/view\/135364-video-israel-canticos-racistas-ninos-gaza<\/p>\n<p>Tradu\u00e7\u00e3o: Partido Comunista Brasileiro (PCB)<\/p>\n<p> <object class=\"imagem100\"><param name=\"movie\" value=\"http:\/\/www.youtube.com\/v\/h7qFACSfd_k\" \/><param name=\"allowFullScreen\" value=\"true\" \/><param name=\"allowscriptaccess\" value=\"always\" \/><\/object> <\/p>\n","protected":false},"excerpt":{"rendered":"  \nPublicado: 29 de julho de 2014 |RT Rusia\n<a class=\"moretag\" href=\"https:\/\/pcb.org.br\/portal2\/6533\"> <\/a>","protected":false},"author":1,"featured_media":0,"comment_status":"closed","ping_status":"closed","sticky":false,"template":"","format":"standard","meta":{"jetpack_post_was_ever_published":false,"_jetpack_newsletter_access":"","_jetpack_dont_email_post_to_subs":false,"_jetpack_newsletter_tier_id":0,"_jetpack_memberships_contains_paywalled_content":false,"_jetpack_memberships_contains_paid_content":false,"footnotes":"","jetpack_publicize_message":"","jetpack_publicize_feature_enabled":true,"jetpack_social_post_already_shared":false,"jetpack_social_options":{"image_generator_settings":{"template":"highway","default_image_id":0,"font":"","enabled":false},"version":2}},"categories":[78],"tags":[],"class_list":["post-6533","post","type-post","status-publish","format-standard","hentry","category-c91-solidariedade-a-palestina"],"jetpack_publicize_connections":[],"jetpack_featured_media_url":"","jetpack_shortlink":"https:\/\/wp.me\/p659gw-1Hn","jetpack-related-posts":[],"jetpack_likes_enabled":true,"jetpack_sharing_enabled":true,"_links":{"self":[{"href":"https:\/\/pcb.org.br\/portal2\/wp-json\/wp\/v2\/posts\/6533","targetHints":{"allow":["GET"]}}],"collection":[{"href":"https:\/\/pcb.org.br\/portal2\/wp-json\/wp\/v2\/posts"}],"about":[{"href":"https:\/\/pcb.org.br\/portal2\/wp-json\/wp\/v2\/types\/post"}],"author":[{"embeddable":true,"href":"https:\/\/pcb.org.br\/portal2\/wp-json\/wp\/v2\/users\/1"}],"replies":[{"embeddable":true,"href":"https:\/\/pcb.org.br\/portal2\/wp-json\/wp\/v2\/comments?post=6533"}],"version-history":[{"count":0,"href":"https:\/\/pcb.org.br\/portal2\/wp-json\/wp\/v2\/posts\/6533\/revisions"}],"wp:attachment":[{"href":"https:\/\/pcb.org.br\/portal2\/wp-json\/wp\/v2\/media?parent=6533"}],"wp:term":[{"taxonomy":"category","embeddable":true,"href":"https:\/\/pcb.org.br\/portal2\/wp-json\/wp\/v2\/categories?post=6533"},{"taxonomy":"post_tag","embeddable":true,"href":"https:\/\/pcb.org.br\/portal2\/wp-json\/wp\/v2\/tags?post=6533"}],"curies":[{"name":"wp","href":"https:\/\/api.w.org\/{rel}","templated":true}]}}