{"id":6537,"date":"2014-07-30T22:26:07","date_gmt":"2014-07-30T22:26:07","guid":{"rendered":"http:\/\/pcb.org.br\/portal2\/?p=6537"},"modified":"2014-07-30T22:26:07","modified_gmt":"2014-07-30T22:26:07","slug":"israel-usa-armas-quimicas-contra-a-populacao-de-gaza","status":"publish","type":"post","link":"https:\/\/pcb.org.br\/portal2\/6537","title":{"rendered":"ISRAEL USA ARMAS QU\u00cdMICAS CONTRA A POPULA\u00c7\u00c3O DE GAZA"},"content":{"rendered":"\n<p>&#8220;The Lab&#8221;, document\u00e1rio do diretor Yotam Feldman , que explica toda a ensandecida ofensiva sobre a popula\u00e7\u00e3o de Gaza: &#8220;a cada opera\u00e7\u00e3o militar, novas armas s\u00e3o testadas, gerando um aumento direto das vendas no mercado internacional. Ap\u00f3s cada guerra, na qual s\u00e3o testadas novas armas, as vendas dessas armas aumentam e os lucros s\u00e3o muito grandes&#8221;, conclui o cineasta de 32 anos, que levou 3 anos e meio na produ\u00e7\u00e3o do filme de 58 minutos: &#8220;a prosperidade da economia israelense n\u00e3o ocorre apesar das guerras, mas sim, em grande parte, em decorr\u00eancia das guerras. Na minha pesquisa descobri que, do ponto de vista econ\u00f4mico, as guerras n\u00e3o s\u00e3o uma carga, mas uma fonte de lucro\u201d.<\/p>\n<p>Para entender esses bombardeios que podem configurar crimes de guerra, segundo o Conselho de Direitos Humanos da ONU, h\u00e1 que ir fundo na investiga\u00e7\u00e3o do peso da ind\u00fastria b\u00e9lica israelense, que hoje responde por 25% de suas exporta\u00e7\u00f5es e est\u00e1 num crescente t\u00e3o expressivo, que j\u00e1 ultrapassa a Fran\u00e7a, quarta maior vendedora de armas do mundo, atr\u00e1s dos Estados Unidos, R\u00fassia e Alemanha.<\/p>\n<p>Hoje em dia as vendas do setor b\u00e9lico s\u00e3o calculadas em 9 bilh\u00f5es de d\u00f3lares, o que representa cerca de 25% do total das exporta\u00e7\u00f5es israelenses. Isso sem falar num Ex\u00e9rcito regular de 161mil e 500 soldados, com gastos militares de U$ 9,4 bilh\u00f5es anuais (US $ 1.499, por habitante) igual ao Brasil, que com seus 287 mil e 600 efetivos, consumia US $ 9,6 bilh\u00f5es anuais, numa rela\u00e7\u00e3o de US $ 55 por habitante, segundo n\u00fameros do International Institute for Strategic Studies.<\/p>\n<p>De acordo com Ehud Barak, ministro da Defesa de 2007 a 2013, cerca de 150.000 fam\u00edlias em Israel (quase 1 milh\u00e3o dos 8 milh\u00f5es de habitantes) se sustentam da ind\u00fastria militar. &#8220;De certa forma, toda a sociedade israelense sai ganhando com a exporta\u00e7\u00e3o militar, que, por sua vez, ganha credibilidade com os testesrealizados nas guerras&#8221;, afirma Feldman, que tamb\u00e9m menciona o fato de muitos dos fundos de pens\u00e3o no pa\u00eds investirem nas a\u00e7\u00f5es s\u00f3lidas da ind\u00fastria de armamento.<\/p>\n<p>A chefa humanit\u00e1ria da ONU na \u00e1rea, Valerie Amos, manifestou extrema preocupa\u00e7\u00e3o com a situa\u00e7\u00e3o na Faixa de Gaza, e ressaltou que um cessar-fogo \u00e9 \u201cvital\u201d. Segundo ela, 44% do territ\u00f3rio palestino foi declarado zona proibida pelo ex\u00e9rcito israelense,e \u201cn\u00e3o restam muitos locais para onde as pessoas possam ir\u201d. Al\u00e9m disso, a coordenadora ressaltou que os moradores est\u00e3o ficando sem comida.<\/p>\n<p>\u2014 Temos mais de 118 mil pessoas abrigadas (j\u00e1 chegam a 130 mil), em 86 escolas da ONU no momento. As pessoas est\u00e3o ficando sem comida, e a \u00e1gua tamb\u00e9m \u00e9 uma preocupa\u00e7\u00e3o s\u00e9ria \u2014 destacou Valerie, acrescentando que a situa\u00e7\u00e3o em Gaza \u00e9 \u201cterr\u00edvel\u201d. \u2014 O trauma que est\u00e3o vivendo \u00e9 terr\u00edvel. Nos dois \u00faltimos dias, uma crian\u00e7a morreu a cada hora. Todos dever\u00edamos nos sentar por um momento e pensar nisso \u2014 declarou a funcion\u00e1ria da ONU.<\/p>\n<p> <object class=\"imagem100\"><param name=\"movie\" value=\"http:\/\/www.youtube.com\/v\/V6df1PsUmwI\" \/><param name=\"allowFullScreen\" value=\"true\" \/><param name=\"allowscriptaccess\" value=\"always\" \/><\/object> https:\/\/www.youtube.com\/watch?v=V6df1PsUmwI<\/p>\n","protected":false},"excerpt":{"rendered":"  \n<a class=\"moretag\" href=\"https:\/\/pcb.org.br\/portal2\/6537\"> <\/a>","protected":false},"author":1,"featured_media":0,"comment_status":"closed","ping_status":"closed","sticky":false,"template":"","format":"standard","meta":{"jetpack_post_was_ever_published":false,"_jetpack_newsletter_access":"","_jetpack_dont_email_post_to_subs":false,"_jetpack_newsletter_tier_id":0,"_jetpack_memberships_contains_paywalled_content":false,"_jetpack_memberships_contains_paid_content":false,"footnotes":"","jetpack_publicize_message":"","jetpack_publicize_feature_enabled":true,"jetpack_social_post_already_shared":false,"jetpack_social_options":{"image_generator_settings":{"template":"highway","default_image_id":0,"font":"","enabled":false},"version":2}},"categories":[78],"tags":[],"class_list":["post-6537","post","type-post","status-publish","format-standard","hentry","category-c91-solidariedade-a-palestina"],"jetpack_publicize_connections":[],"jetpack_featured_media_url":"","jetpack_shortlink":"https:\/\/wp.me\/p659gw-1Hr","jetpack-related-posts":[],"jetpack_likes_enabled":true,"jetpack_sharing_enabled":true,"_links":{"self":[{"href":"https:\/\/pcb.org.br\/portal2\/wp-json\/wp\/v2\/posts\/6537","targetHints":{"allow":["GET"]}}],"collection":[{"href":"https:\/\/pcb.org.br\/portal2\/wp-json\/wp\/v2\/posts"}],"about":[{"href":"https:\/\/pcb.org.br\/portal2\/wp-json\/wp\/v2\/types\/post"}],"author":[{"embeddable":true,"href":"https:\/\/pcb.org.br\/portal2\/wp-json\/wp\/v2\/users\/1"}],"replies":[{"embeddable":true,"href":"https:\/\/pcb.org.br\/portal2\/wp-json\/wp\/v2\/comments?post=6537"}],"version-history":[{"count":0,"href":"https:\/\/pcb.org.br\/portal2\/wp-json\/wp\/v2\/posts\/6537\/revisions"}],"wp:attachment":[{"href":"https:\/\/pcb.org.br\/portal2\/wp-json\/wp\/v2\/media?parent=6537"}],"wp:term":[{"taxonomy":"category","embeddable":true,"href":"https:\/\/pcb.org.br\/portal2\/wp-json\/wp\/v2\/categories?post=6537"},{"taxonomy":"post_tag","embeddable":true,"href":"https:\/\/pcb.org.br\/portal2\/wp-json\/wp\/v2\/tags?post=6537"}],"curies":[{"name":"wp","href":"https:\/\/api.w.org\/{rel}","templated":true}]}}